{"id":9316,"date":"2013-06-17T09:37:46","date_gmt":"2013-06-17T07:37:46","guid":{"rendered":"http:\/\/fa86.noblogs.org\/?p=9316"},"modified":"2013-06-17T09:37:46","modified_gmt":"2013-06-17T07:37:46","slug":"86-lgv-participons-a-l-enquete-publique-reagissons-ensemble-a-cette-agression-de-notre-territoire","status":"publish","type":"post","link":"https:\/\/fa86.noblogs.org\/?p=9316","title":{"rendered":"[86] LGV : PARTICIPONS \u00c0 l \u2019ENQU\u00caTE PUBLIQUE \u2013 R\u00e9agissons ensemble \u00e0 cette agression de notre territoire"},"content":{"rendered":"<p style=\"text-align: justify\"><a href=\"http:\/\/non-lgv-poitiers-limoges.fr\/wp\/2013\/06\/07\/participons-a-l-enquete-publique-reagissons-ensemble-a-cette-agression-de-notre-territoire\/\" target=\"_blank\"><strong>PARTICIPONS \u00c0 l \u2019ENQU\u00caTE PUBLIQUE \u2013 R\u00e9agissons ensemble \u00e0 cette agression de notre territoire<\/strong><\/a><\/p>\n<p style=\"text-align: justify\">Enqu\u00eate publique prochaines r\u00e9unions :<\/p>\n<p>Aslonnes 18 juin 20h30\u00a0\u00a0 salle des f\u00eates<br \/>\nGizay 20 juin 20h30\u00a0\u00a0 salle des f\u00eates<br \/>\nLussac 25 juin 20h30 salle Maupin<br \/>\nIteuil 26 juin 20h30 complexe sportif<\/p>\n<p><img loading=\"lazy\" decoding=\"async\" class=\"alignnone\" alt=\"\" src=\"http:\/\/non-lgv-poitiers-limoges.fr\/wp\/wp-content\/uploads\/2013\/06\/tract.png\" width=\"678\" height=\"854\" \/><\/p>\n<p style=\"text-align: justify\"><em>Vu sur le site du collectif Non \u00e0 la LGV Poitiers-Limoges<\/em><\/p>\n","protected":false},"excerpt":{"rendered":"<p>PARTICIPONS \u00c0 l \u2019ENQU\u00caTE PUBLIQUE \u2013 R\u00e9agissons ensemble \u00e0 cette agression de notre territoire Enqu\u00eate publique prochaines r\u00e9unions : Aslonnes 18 juin 20h30\u00a0\u00a0 salle des f\u00eates Gizay 20 juin 20h30\u00a0\u00a0 salle des f\u00eates Lussac 25 juin 20h30 salle Maupin Iteuil 26 juin 20h30 complexe sportif Vu sur le site du collectif Non \u00e0 la LGV &hellip; <a href=\"https:\/\/fa86.noblogs.org\/?p=9316\" class=\"more-link\">Continuer la lecture de <span class=\"screen-reader-text\">[86] LGV : PARTICIPONS \u00c0 l \u2019ENQU\u00caTE PUBLIQUE \u2013 R\u00e9agissons ensemble \u00e0 cette agression de notre territoire<\/span> <span class=\"meta-nav\">&rarr;<\/span><\/a><\/p>\n","protected":false},"author":2691,"featured_media":0,"comment_status":"open","ping_status":"open","sticky":false,"template":"","format":"standard","meta":{"footnotes":""},"categories":[26,18,12,7,4],"tags":[],"class_list":["post-9316","post","type-post","status-publish","format-standard","hentry","category-construction-du-desert","category-decroissance-libertaire","category-okupa-y-resiste","category-propagande-marchande","category-se-trouver"],"_links":{"self":[{"href":"https:\/\/fa86.noblogs.org\/index.php?rest_route=\/wp\/v2\/posts\/9316","targetHints":{"allow":["GET"]}}],"collection":[{"href":"https:\/\/fa86.noblogs.org\/index.php?rest_route=\/wp\/v2\/posts"}],"about":[{"href":"https:\/\/fa86.noblogs.org\/index.php?rest_route=\/wp\/v2\/types\/post"}],"author":[{"embeddable":true,"href":"https:\/\/fa86.noblogs.org\/index.php?rest_route=\/wp\/v2\/users\/2691"}],"replies":[{"embeddable":true,"href":"https:\/\/fa86.noblogs.org\/index.php?rest_route=%2Fwp%2Fv2%2Fcomments&post=9316"}],"version-history":[{"count":1,"href":"https:\/\/fa86.noblogs.org\/index.php?rest_route=\/wp\/v2\/posts\/9316\/revisions"}],"predecessor-version":[{"id":9317,"href":"https:\/\/fa86.noblogs.org\/index.php?rest_route=\/wp\/v2\/posts\/9316\/revisions\/9317"}],"wp:attachment":[{"href":"https:\/\/fa86.noblogs.org\/index.php?rest_route=%2Fwp%2Fv2%2Fmedia&parent=9316"}],"wp:term":[{"taxonomy":"category","embeddable":true,"href":"https:\/\/fa86.noblogs.org\/index.php?rest_route=%2Fwp%2Fv2%2Fcategories&post=9316"},{"taxonomy":"post_tag","embeddable":true,"href":"https:\/\/fa86.noblogs.org\/index.php?rest_route=%2Fwp%2Fv2%2Ftags&post=9316"}],"curies":[{"name":"wp","href":"https:\/\/api.w.org\/{rel}","templated":true}]}}