{"id":9322,"date":"2013-06-17T12:27:47","date_gmt":"2013-06-17T10:27:47","guid":{"rendered":"http:\/\/fa86.noblogs.org\/?p=9322"},"modified":"2013-06-17T12:27:47","modified_gmt":"2013-06-17T10:27:47","slug":"poitiers-des-nouvelles-de-la-lutte-au-chu","status":"publish","type":"post","link":"https:\/\/fa86.noblogs.org\/?p=9322","title":{"rendered":"[Poitiers] Des nouvelles de la lutte au CHU"},"content":{"rendered":"<p style=\"text-align: justify\"><em><strong>NdPN<\/strong> : des infos sur les mobilisations \u00e0 venir. Nous avons d\u00e9barrass\u00e9 cet article de la NR d&rsquo;un inutile et peu rago\u00fbtant passage d&rsquo;appel au dialogue social et \u00e0 l&rsquo;autogestion de la mis\u00e8re par un toubib, que les curieux-euses retrouveront sur le lien ci-dessous.<\/em><\/p>\n<p style=\"text-align: justify\"><a href=\"http:\/\/www.lanouvellerepublique.fr\/Vienne\/Actualite\/Sante\/n\/Contenus\/Articles\/2013\/06\/17\/Nombre-de-RTT-le-CHU-au-regime-general-1512359\" target=\"_blank\"><strong>Nombre de RTT : le CHU au r\u00e9gime g\u00e9n\u00e9ral ?<\/strong><\/a><\/p>\n<p style=\"text-align: justify\">Tarification r\u00e9vis\u00e9e \u00e0 la baisse, importante diminution de l\u2019enveloppe affect\u00e9e aux missions g\u00e9n\u00e9rales\u2026 L\u2019\u00c9tat contraint le CHU \u00e0 tailler dans ses budgets.<\/p>\n<p style=\"text-align: justify\">Plus d&rsquo;un tiers de gr\u00e9vistes lundi dernier, encore 22\u2009% mercredi\u2026 M\u00eame si ces pourcentages doivent \u00eatre nuanc\u00e9s (voir ci-dessous), l&rsquo;appel \u00e0 la gr\u00e8ve lanc\u00e9 par les syndicats du CHU de Poitiers a rencontr\u00e9 un large \u00e9cho, jusqu&rsquo;\u00e0 sa suspension, jeudi.<\/p>\n<p style=\"text-align: justify\">Au c\u0153ur de ce conflit, un projet de suppression de jours de RTT qui font l&rsquo;objet d&rsquo;un accord local. Si cette mesure entrait en vigueur, l&rsquo;h\u00f4pital de Poitiers rejoindrait les rangs des nombreux CHU qui s&rsquo;en tiennent \u00e0 l&rsquo;application des seuils nationaux pour le nombre de jours de RTT. A Poitiers, le personnel non m\u00e9dical \u00e0 repos tournant a pour le moment dix-neuf jours de RTT, en vertu de cet accord local. La direction de l&rsquo;\u00e9tablissement envisage d&rsquo;en enlever quatre. Les agents \u00e0 repos fixe, se verraient quant \u00e0 eux supprimer leur jour de suj\u00e9tion (jour de repos suppl\u00e9mentaire accord\u00e9 par le CHU). Ces mesures permettraient \u00e0 l&rsquo;h\u00f4pital de gagner 3\u00a0des 5\u00a0millions d&rsquo;euros qu&rsquo;il doit trouver pour \u00e9quilibrer son budget 2013.<\/p>\n<p style=\"text-align: justify\">[&#8230;]<\/p>\n<p style=\"text-align: justify\"><b>Pas d&rsquo;impact sur les interventions et admissions<\/b><\/p>\n<p style=\"text-align: justify\">La gr\u00e8ve de la semaine derni\u00e8re n&rsquo;a pas eu d&rsquo;impact sur les admissions et les interventions programm\u00e9es au CHU. Deux raisons \u00e0 cela. S&rsquo;il est important, le pourcentage de gr\u00e9vistes qui est retenu en pareil cas prend aussi bien en compte celles et ceux qui se d\u00e9clarent en gr\u00e8ve pour une heure que pour la journ\u00e9e. En outre, le principe de permanence des soins permet l&rsquo;assignation des agents dont la pr\u00e9sence est jug\u00e9e indispensable pour assurer la continuit\u00e9 du service. Apr\u00e8s la suspension du mouvement de gr\u00e8ve, jeudi, l&rsquo;intersyndicale CGT, CFDT, FO du CHU annonce un rassemblement devant l&rsquo;Agence r\u00e9gionale de sant\u00e9 (ARS), le 24\u00a0juin. C&rsquo;est en effet ce jour-l\u00e0 que l&rsquo;ARS doit recevoir les organisations syndicales de l&rsquo;h\u00f4pital de La\u00a0Rochelle. Elles s&rsquo;opposent \u00e0 un plan d&rsquo;\u00e9conomie qui se traduirait aussi par des suppressions de RTT. Les syndicats misent sur l&rsquo;impact d&rsquo;une mobilisation r\u00e9gionale.<\/p>\n<p style=\"text-align: justify\"><em>Alain Defaye, Nouvelle R\u00e9publique, 17 juin 2013<\/em><\/p>\n","protected":false},"excerpt":{"rendered":"<p>NdPN : des infos sur les mobilisations \u00e0 venir. Nous avons d\u00e9barrass\u00e9 cet article de la NR d&rsquo;un inutile et peu rago\u00fbtant passage d&rsquo;appel au dialogue social et \u00e0 l&rsquo;autogestion de la mis\u00e8re par un toubib, que les curieux-euses retrouveront sur le lien ci-dessous. Nombre de RTT : le CHU au r\u00e9gime g\u00e9n\u00e9ral ? Tarification &hellip; <a href=\"https:\/\/fa86.noblogs.org\/?p=9322\" class=\"more-link\">Continuer la lecture de <span class=\"screen-reader-text\">[Poitiers] Des nouvelles de la lutte au CHU<\/span> <span class=\"meta-nav\">&rarr;<\/span><\/a><\/p>\n","protected":false},"author":2691,"featured_media":0,"comment_status":"open","ping_status":"open","sticky":false,"template":"","format":"standard","meta":{"footnotes":""},"categories":[9],"tags":[],"class_list":["post-9322","post","type-post","status-publish","format-standard","hentry","category-la-rue-grogne"],"_links":{"self":[{"href":"https:\/\/fa86.noblogs.org\/index.php?rest_route=\/wp\/v2\/posts\/9322","targetHints":{"allow":["GET"]}}],"collection":[{"href":"https:\/\/fa86.noblogs.org\/index.php?rest_route=\/wp\/v2\/posts"}],"about":[{"href":"https:\/\/fa86.noblogs.org\/index.php?rest_route=\/wp\/v2\/types\/post"}],"author":[{"embeddable":true,"href":"https:\/\/fa86.noblogs.org\/index.php?rest_route=\/wp\/v2\/users\/2691"}],"replies":[{"embeddable":true,"href":"https:\/\/fa86.noblogs.org\/index.php?rest_route=%2Fwp%2Fv2%2Fcomments&post=9322"}],"version-history":[{"count":1,"href":"https:\/\/fa86.noblogs.org\/index.php?rest_route=\/wp\/v2\/posts\/9322\/revisions"}],"predecessor-version":[{"id":9323,"href":"https:\/\/fa86.noblogs.org\/index.php?rest_route=\/wp\/v2\/posts\/9322\/revisions\/9323"}],"wp:attachment":[{"href":"https:\/\/fa86.noblogs.org\/index.php?rest_route=%2Fwp%2Fv2%2Fmedia&parent=9322"}],"wp:term":[{"taxonomy":"category","embeddable":true,"href":"https:\/\/fa86.noblogs.org\/index.php?rest_route=%2Fwp%2Fv2%2Fcategories&post=9322"},{"taxonomy":"post_tag","embeddable":true,"href":"https:\/\/fa86.noblogs.org\/index.php?rest_route=%2Fwp%2Fv2%2Ftags&post=9322"}],"curies":[{"name":"wp","href":"https:\/\/api.w.org\/{rel}","templated":true}]}}