{"id":9324,"date":"2013-06-17T18:10:38","date_gmt":"2013-06-17T16:10:38","guid":{"rendered":"http:\/\/fa86.noblogs.org\/?p=9324"},"modified":"2013-06-19T09:10:50","modified_gmt":"2013-06-19T07:10:50","slug":"turquie-apres-les-tentatives-bidons-de-conciliation-letat-tombe-le-masque","status":"publish","type":"post","link":"https:\/\/fa86.noblogs.org\/?p=9324","title":{"rendered":"[Turquie] Apr\u00e8s les tentatives bidons de \u00ab\u00a0conciliation\u00a0\u00bb, l&rsquo;Etat tombe le masque"},"content":{"rendered":"<p style=\"text-align: justify\">Floril\u00e8ge de quelques citations des assassins en costard cravate au pouvoir en Turquie, apr\u00e8s\u00a0un week-end de r\u00e9sistance, dans plusieurs villes de Turquie, aux forces arm\u00e9es de l&rsquo;Etat :<\/p>\n<p style=\"text-align: justify\">Le vice-Premier ministre B\u00fclent Arin\u00e7, dans un entretien accord\u00e9 \u00e0 la cha\u00eene de t\u00e9l\u00e9vision A Haber, a martel\u00e9 que\u00a0la police \u00ab\u00a0usera de tous les moyens qui lui sont conf\u00e9r\u00e9s par la loi\u00a0\u00bb. \u00ab\u00a0Si cela ne suffit pas, m\u00eame les forces arm\u00e9es turques peuvent \u00eatre utilis\u00e9es dans les villes sous l&rsquo;autorit\u00e9 des gouverneurs\u00a0\u00bb.<\/p>\n<p style=\"text-align: justify\">Que nous vaut ce discours d\u00e9complex\u00e9 du recours tous azimuts \u00e0\u00a0la violence arm\u00e9e, qui frappe d\u00e9j\u00e0 les manifestant-e-s depuis plusieurs jours\u00a0? C&rsquo;est qu&rsquo;une gr\u00e8ve g\u00e9n\u00e9rale se profile. La Conf\u00e9d\u00e9ration syndicale des ouvriers r\u00e9volutionnaires (DISK) et la Conf\u00e9d\u00e9ration syndicale des salari\u00e9s du secteur public (KESK) ont en effet\u00a0d\u00e9cid\u00e9, comme le 5 juin dernier, de lancer un appel \u00e0 la gr\u00e8ve ce lundi.<\/p>\n<p style=\"text-align: justify\">Plusieurs milliers de personnes se sont rassembl\u00e9es cet apr\u00e8s-midi en deux cort\u00e8ges pour rejoindre la place Taksim, \u00e9troitement boucl\u00e9e par les bidasses et les flics, qui l&rsquo;ont \u00ab\u00a0nettoy\u00e9e\u00a0\u00bb (dixit le premier sinistre Erdogan), hier,\u00a0de ses manifestant-e-s. Dont des gamins. Sous un d\u00e9luge de canons \u00e0 eau et de lacrymo, avec 600 arrestations hier \u00e0 Istanbul et Ankara. Le collectif Solidarit\u00e9 Taksim, a parl\u00e9 de \u00ab\u00a0centaines\u00a0\u00bb de bless\u00e9s apr\u00e8s le \u00ab\u00a0nettoyage\u00a0\u00bb du parc Gezi. Rappelons que selon le dernier bilan du syndicat des m\u00e9decins turcs, sans doute tr\u00e8s alourdi depuis les \u00e9v\u00e9nements de ce week-end, 4 personnes sont mortes et\u00a07.500 autres ont \u00e9t\u00e9 bless\u00e9es depuis le 31 mai.<\/p>\n<p style=\"text-align: justify\">Le discours du sinistre de l&rsquo;Int\u00e9rieur Muammer G\u00fcler est lui aussi tr\u00e8s clair : \u00ab\u00a0Il y a une volont\u00e9 de faire descendre les gens dans la rue par des actions ill\u00e9gales comme un arr\u00eat de travail et une gr\u00e8ve\u00a0\u00bb, \u00ab\u00a0cela ne sera pas autoris\u00e9\u00a0\u00bb.<\/p>\n<p style=\"text-align: justify\">Erdogan a\u00a0affirm\u00e9 que seraient poursuivi-e-s tou-te-s\u00a0les \u00ab\u00a0responsables\u00a0\u00bb de la contestation, y compris les m\u00e9decins et pharmaciens\u00a0qui ont soign\u00e9 les manifestants bless\u00e9s, ou les personnels des h\u00f4tels de luxe qui les ont accueillis. \u00ab\u00a0Nous connaissons tr\u00e8s bien ceux qui ont prot\u00e9g\u00e9 ceux qui ont coop\u00e9r\u00e9 avec des terroristes\u00a0\u00bb, a ajout\u00e9\u00a0cet \u00e9tron puant\u00a0d&rsquo;Erdogan,\u00a0pour qui tout ce qui s&rsquo;oppose \u00e0 sa brutalit\u00e9 de dictateur en herbe est \u00ab\u00a0terroriste\u00a0\u00bb, y compris des personnes qui soulagent comme elles le peuvent\u00a0la souffrance de m\u00f4mes br\u00fbl\u00e9s par les gaz de sa police immonde.<\/p>\n<p style=\"text-align: justify\">Soutien total aux manifestant-e-s et aux gr\u00e9vistes. Nous\u00a0envoyons toutes nos pens\u00e9es solidaires\u00a0\u00e0 nos camarades anti-autoritaires.<\/p>\n<p style=\"text-align: justify\"><em>Pavillon Noir, 17 juin 2013<\/em><\/p>\n","protected":false},"excerpt":{"rendered":"<p>Floril\u00e8ge de quelques citations des assassins en costard cravate au pouvoir en Turquie, apr\u00e8s\u00a0un week-end de r\u00e9sistance, dans plusieurs villes de Turquie, aux forces arm\u00e9es de l&rsquo;Etat : Le vice-Premier ministre B\u00fclent Arin\u00e7, dans un entretien accord\u00e9 \u00e0 la cha\u00eene de t\u00e9l\u00e9vision A Haber, a martel\u00e9 que\u00a0la police \u00ab\u00a0usera de tous les moyens qui lui &hellip; <a href=\"https:\/\/fa86.noblogs.org\/?p=9324\" class=\"more-link\">Continuer la lecture de <span class=\"screen-reader-text\">[Turquie] Apr\u00e8s les tentatives bidons de \u00ab\u00a0conciliation\u00a0\u00bb, l&rsquo;Etat tombe le masque<\/span> <span class=\"meta-nav\">&rarr;<\/span><\/a><\/p>\n","protected":false},"author":2691,"featured_media":0,"comment_status":"open","ping_status":"open","sticky":false,"template":"","format":"standard","meta":{"footnotes":""},"categories":[28,8,9,11,12,24],"tags":[],"class_list":["post-9324","post","type-post","status-publish","format-standard","hentry","category-a-bas-les-bidasses","category-ecrits","category-la-rue-grogne","category-ni-patrie-ni-frontiere","category-okupa-y-resiste","category-riposte-athee"],"_links":{"self":[{"href":"https:\/\/fa86.noblogs.org\/index.php?rest_route=\/wp\/v2\/posts\/9324","targetHints":{"allow":["GET"]}}],"collection":[{"href":"https:\/\/fa86.noblogs.org\/index.php?rest_route=\/wp\/v2\/posts"}],"about":[{"href":"https:\/\/fa86.noblogs.org\/index.php?rest_route=\/wp\/v2\/types\/post"}],"author":[{"embeddable":true,"href":"https:\/\/fa86.noblogs.org\/index.php?rest_route=\/wp\/v2\/users\/2691"}],"replies":[{"embeddable":true,"href":"https:\/\/fa86.noblogs.org\/index.php?rest_route=%2Fwp%2Fv2%2Fcomments&post=9324"}],"version-history":[{"count":3,"href":"https:\/\/fa86.noblogs.org\/index.php?rest_route=\/wp\/v2\/posts\/9324\/revisions"}],"predecessor-version":[{"id":9326,"href":"https:\/\/fa86.noblogs.org\/index.php?rest_route=\/wp\/v2\/posts\/9324\/revisions\/9326"}],"wp:attachment":[{"href":"https:\/\/fa86.noblogs.org\/index.php?rest_route=%2Fwp%2Fv2%2Fmedia&parent=9324"}],"wp:term":[{"taxonomy":"category","embeddable":true,"href":"https:\/\/fa86.noblogs.org\/index.php?rest_route=%2Fwp%2Fv2%2Fcategories&post=9324"},{"taxonomy":"post_tag","embeddable":true,"href":"https:\/\/fa86.noblogs.org\/index.php?rest_route=%2Fwp%2Fv2%2Ftags&post=9324"}],"curies":[{"name":"wp","href":"https:\/\/api.w.org\/{rel}","templated":true}]}}