{"id":9345,"date":"2013-06-19T09:41:29","date_gmt":"2013-06-19T07:41:29","guid":{"rendered":"http:\/\/fa86.noblogs.org\/?p=9345"},"modified":"2013-06-19T09:41:29","modified_gmt":"2013-06-19T07:41:29","slug":"naintre-86-apres-la-fermeture-annoncee-de-rotomega-megatop-et-megastar","status":"publish","type":"post","link":"https:\/\/fa86.noblogs.org\/?p=9345","title":{"rendered":"[Naintr\u00e9 &#8211; 86] Apr\u00e8s la fermeture annonc\u00e9e de Rotomega, M\u00e9gatop et M\u00e9gastar ?"},"content":{"rendered":"<p style=\"text-align: justify\"><em><strong>NdPN<\/strong> : Apr\u00e8s l&rsquo;annonce de la fermeture de Rotomega (pour des int\u00e9r\u00eats de type purement financier) et donc du licenciement des salari\u00e9-e-s, alors que cette imprimerie affiche des profits : craintes de licenciements dans d&rsquo;autres bo\u00eetes appartenant au m\u00eame groupe capitaliste&#8230; Quant au choix strat\u00e9gique des salari\u00e9-e-s de Rotomega d&rsquo;en appeler aux politiques, cela sera-t-il suffisant ? On en doute, vu ce qu&rsquo;a donn\u00e9 cette strat\u00e9gie dans tant d&rsquo;autres bo\u00eetes.<\/em><\/p>\n<p style=\"text-align: justify\"><a href=\"http:\/\/www.lanouvellerepublique.fr\/Vienne\/Actualite\/Economie-social\/n\/Contenus\/Articles\/2013\/06\/19\/L-imprimerie-Rotomega-en-appelle-aux-pouvoirs-publics-1515106\" target=\"_blank\"><strong>L&rsquo;imprimerie Rotom\u00e9ga en appelle aux pouvoirs publics<\/strong><\/a><\/p>\n<p id=\"articleChapo\" style=\"text-align: justify\">L\u2019imprimerie Rotom\u00e9ga \u00e0 Naintr\u00e9 ne veut pas mourir. Elle \u201c\u2009exige une table ronde\u2009\u201d avec \u201c\u2009les salari\u00e9s, les syndicats, la direction et les politiques\u2009\u201d.<\/p>\n<p style=\"text-align: justify\">Apr\u00e8s le coup de massue, le coup de col\u00e8re. Les salari\u00e9s de Rotom\u00e9ga, cette imprimerie de \u00e0 Naintr\u00e9 dont on a annonc\u00e9 il y a un mois la fermeture aux 25\u00a0salari\u00e9s pour fin mars\u00a02014, poursuivent leur bras de fer avec leur direction et le groupe hollandais de presse qui les a rachet\u00e9s voici un an et demi.<\/p>\n<div id=\"text\" style=\"text-align: justify\">\n<p><b>Un rendez-vous pr\u00e9vu \u00e0 la sous-pr\u00e9fecture<\/b><\/p>\n<p>L&rsquo;expert-comptable, d\u00e9sign\u00e9 dans le cadre du PSE (Plan de sauvegarde de l&#8217;emploi), a rendu un rapport qui va dans le sens des salari\u00e9s, d&rsquo;apr\u00e8s Manuel Da Silva, d\u00e9l\u00e9gu\u00e9 syndical CGT\u2009: <i>\u00ab\u00a0Dans ses conclusions, le rapport conclut que la raison \u00e9conomique de la fermeture ne tient pas. Comme on le dit depuis le d\u00e9but, Rotom\u00e9ga est viable et n&rsquo;a pas de dettes.\u00a0\u00bb<\/i> Les salari\u00e9s n&rsquo;ont pas l&rsquo;intention de baisser les bras. Ils vont interpeller<i> \u00ab\u00a0les pouvoirs publics et politiques\u00a0\u00bb. \u00ab\u00a0On rencontre la semaine prochaine, M.\u00a0Renard, commissaire au redressement productif en Poitou-Charentes, et la sous-pr\u00e9f\u00e8te de Ch\u00e2tellerault. Le but, c&rsquo;est d&rsquo;obtenir, on l&rsquo;exige, une table ronde avec les salari\u00e9s, l&rsquo;actionnaire, la direction, les repr\u00e9sentants syndicaux et les politiques\u00a0\u00bb,<\/i> annonce Manuel Da Silva et<i> <\/i>Patrick Chatet, secr\u00e9taire g\u00e9n\u00e9ral du livre CGT Vienne. Ce dernier fulmine contre <i>\u00ab\u00a0cet actionnaire hollandais\u00a0\u00bb <\/i>qui, <i>\u00ab\u00a0pour des raisons financi\u00e8res\u00a0\u00bb<\/i>, d\u00e9cide de <i>\u00ab\u00a0fermer un site et de d\u00e9localiser la production fran\u00e7aise \u00e0 l&rsquo;\u00e9tranger, en l&rsquo;occurrence en Roumanie.\u00a0\u00bb \u00ab\u00a0On n&rsquo;est pas sur une strat\u00e9gie de r\u00e9signation. De telles d\u00e9cisions sont scandaleuses\u2009!\u00a0\u00bb<\/i> Le credo des salari\u00e9s est clair\u2009:<i> \u00ab\u00a0On veut sauver l&rsquo;entreprise et les emplois. Ceci \u00e9tant dit, on va participer \u00e0 la n\u00e9gociation du plan social mais on va \u00eatre extr\u00eamement exigeant sur le niveau de celui-ci.\u00a0\u00bb<\/i><\/p>\n<p>Fr\u00e9d\u00e9ric Martin, de la UD CGT, dit craindre \u00e9galement des \u00ab\u00a0menaces\u00a0\u00bb qui p\u00e8seraient sur M\u00e9gatop (26\u00a0salari\u00e9s) et M\u00e9gastar (98), deux entit\u00e9s voisines situ\u00e9es sur le m\u00eame site. <i>\u00ab\u00a0Pour M\u00e9gatop, le contrat des couvertures prend fin 2014, alors que la fermeture de Rotom\u00e9ga est annonc\u00e9e pour fin mars\u00a02014\u2026\u00a0\u00bb,<\/i> laisse entendre Manuel da Silva, d\u00e9l\u00e9gu\u00e9 syndical CGT Rotom\u00e9ga.<b> <\/b><\/p>\n<p><em>D.F., Nouvelle R\u00e9publique, 119 juin 2013<\/em><\/p>\n<\/div>\n","protected":false},"excerpt":{"rendered":"<p>NdPN : Apr\u00e8s l&rsquo;annonce de la fermeture de Rotomega (pour des int\u00e9r\u00eats de type purement financier) et donc du licenciement des salari\u00e9-e-s, alors que cette imprimerie affiche des profits : craintes de licenciements dans d&rsquo;autres bo\u00eetes appartenant au m\u00eame groupe capitaliste&#8230; Quant au choix strat\u00e9gique des salari\u00e9-e-s de Rotomega d&rsquo;en appeler aux politiques, cela sera-t-il &hellip; <a href=\"https:\/\/fa86.noblogs.org\/?p=9345\" class=\"more-link\">Continuer la lecture de <span class=\"screen-reader-text\">[Naintr\u00e9 &#8211; 86] Apr\u00e8s la fermeture annonc\u00e9e de Rotomega, M\u00e9gatop et M\u00e9gastar ?<\/span> <span class=\"meta-nav\">&rarr;<\/span><\/a><\/p>\n","protected":false},"author":2691,"featured_media":0,"comment_status":"open","ping_status":"open","sticky":false,"template":"","format":"standard","meta":{"footnotes":""},"categories":[22],"tags":[],"class_list":["post-9345","post","type-post","status-publish","format-standard","hentry","category-le-travail-tue"],"_links":{"self":[{"href":"https:\/\/fa86.noblogs.org\/index.php?rest_route=\/wp\/v2\/posts\/9345","targetHints":{"allow":["GET"]}}],"collection":[{"href":"https:\/\/fa86.noblogs.org\/index.php?rest_route=\/wp\/v2\/posts"}],"about":[{"href":"https:\/\/fa86.noblogs.org\/index.php?rest_route=\/wp\/v2\/types\/post"}],"author":[{"embeddable":true,"href":"https:\/\/fa86.noblogs.org\/index.php?rest_route=\/wp\/v2\/users\/2691"}],"replies":[{"embeddable":true,"href":"https:\/\/fa86.noblogs.org\/index.php?rest_route=%2Fwp%2Fv2%2Fcomments&post=9345"}],"version-history":[{"count":2,"href":"https:\/\/fa86.noblogs.org\/index.php?rest_route=\/wp\/v2\/posts\/9345\/revisions"}],"predecessor-version":[{"id":9347,"href":"https:\/\/fa86.noblogs.org\/index.php?rest_route=\/wp\/v2\/posts\/9345\/revisions\/9347"}],"wp:attachment":[{"href":"https:\/\/fa86.noblogs.org\/index.php?rest_route=%2Fwp%2Fv2%2Fmedia&parent=9345"}],"wp:term":[{"taxonomy":"category","embeddable":true,"href":"https:\/\/fa86.noblogs.org\/index.php?rest_route=%2Fwp%2Fv2%2Fcategories&post=9345"},{"taxonomy":"post_tag","embeddable":true,"href":"https:\/\/fa86.noblogs.org\/index.php?rest_route=%2Fwp%2Fv2%2Ftags&post=9345"}],"curies":[{"name":"wp","href":"https:\/\/api.w.org\/{rel}","templated":true}]}}