{"id":9390,"date":"2013-06-22T11:47:59","date_gmt":"2013-06-22T09:47:59","guid":{"rendered":"http:\/\/fa86.noblogs.org\/?p=9390"},"modified":"2013-06-22T11:47:59","modified_gmt":"2013-06-22T09:47:59","slug":"poitiers-rions-jaune-avec-alain-claeys","status":"publish","type":"post","link":"https:\/\/fa86.noblogs.org\/?p=9390","title":{"rendered":"[Poitiers] Rions (jaune) avec Alain Claeys"},"content":{"rendered":"<p style=\"text-align: justify\">Deux\u00a0 citations d&rsquo;Alain Claeys, tir\u00e9es de son interview avec des journalistes de la NR :<\/p>\n<p style=\"text-align: justify\"><a href=\"http:\/\/www.lanouvellerepublique.fr\/Vienne\/Actualite\/Politique\/n\/Contenus\/Articles\/2013\/06\/22\/Pour-moi-un-squat-n-est-pas-la-solution-1521060\" target=\"_blank\"><em>\u00ab\u00a0Pour moi, un squat n&rsquo;est pas la solution. Concernant les Roms, je vous dis qu&rsquo;il y a un certain nombre de personnes qui instrumentalisent ces populations. Moi je n&rsquo;ai jamais utilis\u00e9 la mis\u00e8re de quiconque pour mener un quelconque combat politique\u2009!\u00a0\u00bb<\/em><\/a><\/p>\n<p style=\"text-align: justify\">Nous avions d\u00e9j\u00e0 produit un article <a href=\"https:\/\/fa86.noblogs.org\/?p=9187\" target=\"_blank\">sur cette accusation d&rsquo;instrumentalisation, pour le moins culott\u00e9e<\/a>. Pour Alain Claeys, responsable des questions du logement, soutenir des personnes qui tentent tant bien que mal de se d\u00e9brouiller pour trouver un toit, face \u00e0 une politique d\u00e9sastreuse du logement de\u00a0la mairie et de la pr\u00e9fecture, c&rsquo;est de \u00ab\u00a0l&rsquo;instrumentalisation\u00a0\u00bb ! On croit r\u00eaver. Pour lui, les squats ne sont pas la solution&#8230; monsieur le maire, la solution, c&rsquo;est dormir dans la rue ? Le probl\u00e8me c&rsquo;est que pour l&rsquo;instant, les solutions d&rsquo;Alain Claeys consistent \u00e0\u00a0attaquer en justice les habitant-e-s de ces squats et renvoyer les gens \u00e0 un 115 surbond\u00e9 et inadapt\u00e9 ! Les gens qui dorment dans des squats ont pourtant tent\u00e9 et tentent toujours de faire valoir leur droit \u00e0 un logement d\u00e9cent aupr\u00e8s des institutions. Si ces personnes occupent des squats, ce n&rsquo;est pas de gaiet\u00e9 de c\u0153ur, mais pour ne pas dormir \u00e0 la rue !<\/p>\n<p style=\"text-align: justify\">Autre citation, sur l&rsquo;in\u00e9galit\u00e9 \u00e9conomique et sociale entre les quartiers :<\/p>\n<p style=\"text-align: justify\"><a href=\"http:\/\/www.lanouvellerepublique.fr\/Vienne\/Actualite\/Politique\/n\/Contenus\/Articles\/2013\/06\/22\/Dans-l-interet-de-Poitiers-je-ne-quitterai-pas-Paris-1521066\" target=\"_blank\"><i>\u00ab\u00a0Rebattre les cartes dans les quartiers. Il y a des in\u00e9galit\u00e9s. La puissance publique doit pouvoir les corriger. Ouvrir, par exemple, des classes de musique dans les \u00e9coles et permettre \u00e0 des enfants de faire du poney.\u00a0\u00bb<\/i><\/a><\/p>\n<p style=\"text-align: justify\">L\u00e0, on tient le podium !<\/p>\n<p style=\"text-align: justify\"><em>Pavillon Noir, 22 juin 2013<\/em><\/p>\n","protected":false},"excerpt":{"rendered":"<p>Deux\u00a0 citations d&rsquo;Alain Claeys, tir\u00e9es de son interview avec des journalistes de la NR : \u00ab\u00a0Pour moi, un squat n&rsquo;est pas la solution. Concernant les Roms, je vous dis qu&rsquo;il y a un certain nombre de personnes qui instrumentalisent ces populations. Moi je n&rsquo;ai jamais utilis\u00e9 la mis\u00e8re de quiconque pour mener un quelconque combat &hellip; <a href=\"https:\/\/fa86.noblogs.org\/?p=9390\" class=\"more-link\">Continuer la lecture de <span class=\"screen-reader-text\">[Poitiers] Rions (jaune) avec Alain Claeys<\/span> <span class=\"meta-nav\">&rarr;<\/span><\/a><\/p>\n","protected":false},"author":2691,"featured_media":0,"comment_status":"open","ping_status":"open","sticky":false,"template":"","format":"standard","meta":{"footnotes":""},"categories":[21,8],"tags":[],"class_list":["post-9390","post","type-post","status-publish","format-standard","hentry","category-desinformation-bourgeoise","category-ecrits"],"_links":{"self":[{"href":"https:\/\/fa86.noblogs.org\/index.php?rest_route=\/wp\/v2\/posts\/9390","targetHints":{"allow":["GET"]}}],"collection":[{"href":"https:\/\/fa86.noblogs.org\/index.php?rest_route=\/wp\/v2\/posts"}],"about":[{"href":"https:\/\/fa86.noblogs.org\/index.php?rest_route=\/wp\/v2\/types\/post"}],"author":[{"embeddable":true,"href":"https:\/\/fa86.noblogs.org\/index.php?rest_route=\/wp\/v2\/users\/2691"}],"replies":[{"embeddable":true,"href":"https:\/\/fa86.noblogs.org\/index.php?rest_route=%2Fwp%2Fv2%2Fcomments&post=9390"}],"version-history":[{"count":2,"href":"https:\/\/fa86.noblogs.org\/index.php?rest_route=\/wp\/v2\/posts\/9390\/revisions"}],"predecessor-version":[{"id":9392,"href":"https:\/\/fa86.noblogs.org\/index.php?rest_route=\/wp\/v2\/posts\/9390\/revisions\/9392"}],"wp:attachment":[{"href":"https:\/\/fa86.noblogs.org\/index.php?rest_route=%2Fwp%2Fv2%2Fmedia&parent=9390"}],"wp:term":[{"taxonomy":"category","embeddable":true,"href":"https:\/\/fa86.noblogs.org\/index.php?rest_route=%2Fwp%2Fv2%2Fcategories&post=9390"},{"taxonomy":"post_tag","embeddable":true,"href":"https:\/\/fa86.noblogs.org\/index.php?rest_route=%2Fwp%2Fv2%2Ftags&post=9390"}],"curies":[{"name":"wp","href":"https:\/\/api.w.org\/{rel}","templated":true}]}}