{"id":9394,"date":"2013-06-23T09:59:14","date_gmt":"2013-06-23T07:59:14","guid":{"rendered":"http:\/\/fa86.noblogs.org\/?p=9394"},"modified":"2013-06-23T09:59:14","modified_gmt":"2013-06-23T07:59:14","slug":"limoges-rassemblement-contre-louverture-du-musee-ureka-a-bessines-par-areva","status":"publish","type":"post","link":"https:\/\/fa86.noblogs.org\/?p=9394","title":{"rendered":"[Limoges] Rassemblement contre l&rsquo;ouverture du mus\u00e9e Ur\u00eaka \u00e0 Bessines par Areva"},"content":{"rendered":"<p style=\"text-align: justify\"><a href=\"http:\/\/zad.nadir.org\/spip.php?article1731\" target=\"_blank\"><strong>AREVA doit ouvrir son effroyable mus\u00e9e de la mine courant juillet<\/strong><\/a><\/p>\n<p style=\"text-align: justify\">Ce mus\u00e9e a co\u00fbt\u00e9 10 millions d\u2019euros sans compter l\u2019argent des citoyens d\u00e9pens\u00e9 par la r\u00e9gion Limousin pour les infrastructures d\u2019acc\u00e8s. Il se trouve \u00e0 Bessines sur Gartempe dans l\u2019enceinte d\u2019AREVA o\u00f9 sont stock\u00e9s 180 000 tonnes de d\u00e9chets \u00ab\u00a0faiblement\u00a0\u00bb radioactifs.<\/p>\n<p style=\"text-align: justify\">Les anti-nucl\u00e9aires limousins et ZAD87 organisent une manifestation le 6 juillet \u00e0 Limoges pour d\u00e9noncer ce scandale.<\/p>\n<p style=\"text-align: justify\"><img loading=\"lazy\" decoding=\"async\" class=\"alignnone\" alt=\"\" src=\"http:\/\/zad.nadir.org\/local\/cache-vignettes\/L500xH386\/fly060713adc-922f9.png\" width=\"500\" height=\"386\" \/><\/p>\n<p style=\"text-align: justify\"><em>Vu sur Zad.nadir, 22 juin 2013<\/em><\/p>\n","protected":false},"excerpt":{"rendered":"<p>AREVA doit ouvrir son effroyable mus\u00e9e de la mine courant juillet Ce mus\u00e9e a co\u00fbt\u00e9 10 millions d\u2019euros sans compter l\u2019argent des citoyens d\u00e9pens\u00e9 par la r\u00e9gion Limousin pour les infrastructures d\u2019acc\u00e8s. Il se trouve \u00e0 Bessines sur Gartempe dans l\u2019enceinte d\u2019AREVA o\u00f9 sont stock\u00e9s 180 000 tonnes de d\u00e9chets \u00ab\u00a0faiblement\u00a0\u00bb radioactifs. Les anti-nucl\u00e9aires limousins &hellip; <a href=\"https:\/\/fa86.noblogs.org\/?p=9394\" class=\"more-link\">Continuer la lecture de <span class=\"screen-reader-text\">[Limoges] Rassemblement contre l&rsquo;ouverture du mus\u00e9e Ur\u00eaka \u00e0 Bessines par Areva<\/span> <span class=\"meta-nav\">&rarr;<\/span><\/a><\/p>\n","protected":false},"author":2691,"featured_media":0,"comment_status":"open","ping_status":"open","sticky":false,"template":"","format":"standard","meta":{"footnotes":""},"categories":[25,4],"tags":[],"class_list":["post-9394","post","type-post","status-publish","format-standard","hentry","category-antinucleaire","category-se-trouver"],"_links":{"self":[{"href":"https:\/\/fa86.noblogs.org\/index.php?rest_route=\/wp\/v2\/posts\/9394","targetHints":{"allow":["GET"]}}],"collection":[{"href":"https:\/\/fa86.noblogs.org\/index.php?rest_route=\/wp\/v2\/posts"}],"about":[{"href":"https:\/\/fa86.noblogs.org\/index.php?rest_route=\/wp\/v2\/types\/post"}],"author":[{"embeddable":true,"href":"https:\/\/fa86.noblogs.org\/index.php?rest_route=\/wp\/v2\/users\/2691"}],"replies":[{"embeddable":true,"href":"https:\/\/fa86.noblogs.org\/index.php?rest_route=%2Fwp%2Fv2%2Fcomments&post=9394"}],"version-history":[{"count":2,"href":"https:\/\/fa86.noblogs.org\/index.php?rest_route=\/wp\/v2\/posts\/9394\/revisions"}],"predecessor-version":[{"id":9396,"href":"https:\/\/fa86.noblogs.org\/index.php?rest_route=\/wp\/v2\/posts\/9394\/revisions\/9396"}],"wp:attachment":[{"href":"https:\/\/fa86.noblogs.org\/index.php?rest_route=%2Fwp%2Fv2%2Fmedia&parent=9394"}],"wp:term":[{"taxonomy":"category","embeddable":true,"href":"https:\/\/fa86.noblogs.org\/index.php?rest_route=%2Fwp%2Fv2%2Fcategories&post=9394"},{"taxonomy":"post_tag","embeddable":true,"href":"https:\/\/fa86.noblogs.org\/index.php?rest_route=%2Fwp%2Fv2%2Ftags&post=9394"}],"curies":[{"name":"wp","href":"https:\/\/api.w.org\/{rel}","templated":true}]}}