{"id":9402,"date":"2013-06-24T09:00:51","date_gmt":"2013-06-24T07:00:51","guid":{"rendered":"http:\/\/fa86.noblogs.org\/?p=9402"},"modified":"2013-06-24T09:00:51","modified_gmt":"2013-06-24T07:00:51","slug":"poitiers-greve-chez-vortex","status":"publish","type":"post","link":"https:\/\/fa86.noblogs.org\/?p=9402","title":{"rendered":"[Poitiers] Gr\u00e8ve chez Vortex"},"content":{"rendered":"<p style=\"text-align: justify\">C&rsquo;est reparti pour un mouvement de gr\u00e8ve chez Vortex, une soci\u00e9t\u00e9 de transports d&rsquo;enfants handicap\u00e9s, poss\u00e9dant 42% des parts de march\u00e9.\u00a0Les syndicats consid\u00e8rent que \u00ab\u00a0les verbalisations, les actions juridiques et les n\u00e9gociations laissent sourde la direction de Vortex\u00a0\u00bb. \u00ab\u00a0C&rsquo;est dans ce contexte que la CFDT et la CGT ont d\u00e9cid\u00e9 de passer \u00e0 une vitesse sup\u00e9rieure pour dire stop \u00e0 la maltraitance des salari\u00e9s d\u00e9j\u00e0 pr\u00e9caris\u00e9s par des contrats de travail \u00e0 temps partiel subi\u00a0\u00bb. Il n&rsquo;est \u00ab\u00a0pas acceptable que les enfants en situation de handicap et les salari\u00e9s pauvres servent de variable d&rsquo;ajustement aux restrictions budg\u00e9taires des march\u00e9s publics\u00a0\u00bb. Selon l&rsquo;intersyndicale, Vortex\u00a0pratiquerait le\u00a0\u00ab\u00a0travail dissimul\u00e9 par dissimulation partielle d&#8217;emploi salari\u00e9\u00a0\u00bb et le \u00ab\u00a0paiement de salaire inf\u00e9rieur \u00e0 celui fix\u00e9 par les stipulations d&rsquo;une convention\u00a0\u00bb&#8230; De son c\u00f4t\u00e9, la direction personnalise le conflit autour d&rsquo;un d\u00e9l\u00e9gu\u00e9 syndical qu&rsquo;elle tente de licencier, et parle de \u00ab\u00a0campagne de d\u00e9stabilisation\u00a0\u00bb, affirmant que la condamnation dont elle a fait l&rsquo;objet rel\u00e8ve de la \u00ab\u00a0gestion pass\u00e9e\u00a0\u00bb, et pour des \u00ab\u00a0cas marginaux\u00a0\u00bb. Fait assez odieux, <a href=\"http:\/\/www.lanouvellerepublique.fr\/Vienne\/Actualite\/Economie-social\/n\/Contenus\/Articles\/2013\/06\/24\/Un-nouveau-conflit-social-demarre-chez-Vortex-1522496\" target=\"_blank\">\u00ab\u00a0un collectif de non-gr\u00e9vistes fait circuler une p\u00e9tition en soutien \u00e0 l&rsquo;entreprise. Les signataires y d\u00e9noncent les \u00ab\u00a0pressions\u00a0\u00bb qu&rsquo;ils disent subir de la part des d\u00e9l\u00e9gu\u00e9s syndicaux. Ils contestent les motifs de la gr\u00e8ve.\u00a0\u00bb<\/a>\u00a0C&rsquo;est beau la solidarit\u00e9 entre salari\u00e9-e-s&#8230; On a toujours raison de se r\u00e9volter : soutien inconditionnel \u00e0 tou-te-s les gr\u00e9vistes !<\/p>\n<p style=\"text-align: justify\"><em>Pavillon Noir, 24 juin 2013<\/em><\/p>\n","protected":false},"excerpt":{"rendered":"<p>C&rsquo;est reparti pour un mouvement de gr\u00e8ve chez Vortex, une soci\u00e9t\u00e9 de transports d&rsquo;enfants handicap\u00e9s, poss\u00e9dant 42% des parts de march\u00e9.\u00a0Les syndicats consid\u00e8rent que \u00ab\u00a0les verbalisations, les actions juridiques et les n\u00e9gociations laissent sourde la direction de Vortex\u00a0\u00bb. \u00ab\u00a0C&rsquo;est dans ce contexte que la CFDT et la CGT ont d\u00e9cid\u00e9 de passer \u00e0 une vitesse &hellip; <a href=\"https:\/\/fa86.noblogs.org\/?p=9402\" class=\"more-link\">Continuer la lecture de <span class=\"screen-reader-text\">[Poitiers] Gr\u00e8ve chez Vortex<\/span> <span class=\"meta-nav\">&rarr;<\/span><\/a><\/p>\n","protected":false},"author":2691,"featured_media":0,"comment_status":"open","ping_status":"open","sticky":false,"template":"","format":"standard","meta":{"footnotes":""},"categories":[8,9,22],"tags":[],"class_list":["post-9402","post","type-post","status-publish","format-standard","hentry","category-ecrits","category-la-rue-grogne","category-le-travail-tue"],"_links":{"self":[{"href":"https:\/\/fa86.noblogs.org\/index.php?rest_route=\/wp\/v2\/posts\/9402","targetHints":{"allow":["GET"]}}],"collection":[{"href":"https:\/\/fa86.noblogs.org\/index.php?rest_route=\/wp\/v2\/posts"}],"about":[{"href":"https:\/\/fa86.noblogs.org\/index.php?rest_route=\/wp\/v2\/types\/post"}],"author":[{"embeddable":true,"href":"https:\/\/fa86.noblogs.org\/index.php?rest_route=\/wp\/v2\/users\/2691"}],"replies":[{"embeddable":true,"href":"https:\/\/fa86.noblogs.org\/index.php?rest_route=%2Fwp%2Fv2%2Fcomments&post=9402"}],"version-history":[{"count":2,"href":"https:\/\/fa86.noblogs.org\/index.php?rest_route=\/wp\/v2\/posts\/9402\/revisions"}],"predecessor-version":[{"id":9404,"href":"https:\/\/fa86.noblogs.org\/index.php?rest_route=\/wp\/v2\/posts\/9402\/revisions\/9404"}],"wp:attachment":[{"href":"https:\/\/fa86.noblogs.org\/index.php?rest_route=%2Fwp%2Fv2%2Fmedia&parent=9402"}],"wp:term":[{"taxonomy":"category","embeddable":true,"href":"https:\/\/fa86.noblogs.org\/index.php?rest_route=%2Fwp%2Fv2%2Fcategories&post=9402"},{"taxonomy":"post_tag","embeddable":true,"href":"https:\/\/fa86.noblogs.org\/index.php?rest_route=%2Fwp%2Fv2%2Ftags&post=9402"}],"curies":[{"name":"wp","href":"https:\/\/api.w.org\/{rel}","templated":true}]}}