{"id":9408,"date":"2013-06-25T09:37:33","date_gmt":"2013-06-25T07:37:33","guid":{"rendered":"http:\/\/fa86.noblogs.org\/?p=9408"},"modified":"2013-06-25T09:40:48","modified_gmt":"2013-06-25T07:40:48","slug":"poitiers-les-grevistes-du-chu-haussent-le-ton","status":"publish","type":"post","link":"https:\/\/fa86.noblogs.org\/?p=9408","title":{"rendered":"[Poitiers] Les gr\u00e9vistes du CHU haussent le ton"},"content":{"rendered":"<p style=\"text-align: justify\"><em><strong>NdPN<\/strong> : directeur de l&rsquo;ARS et Claeys affirment que le budget est \u00ab\u00a0\u00e9quilibr\u00e9\u00a0\u00bb. En gros, les gr\u00e9vistes sur Poitiers voudraient une part du g\u00e2teau plus grosse, au d\u00e9triment des autres ! Sauf que la gr\u00e8ve est nationale, et qu&rsquo;il s&rsquo;agit de lutter pour le bien de tou-te-s, contre la d\u00e9gradation des soins. Le ton monte et les gr\u00e9vistes ont envahi l&rsquo;ARS avec moult tapage. Vive la lutte !<\/em><\/p>\n<p style=\"text-align: justify\"><a href=\"http:\/\/www.lanouvellerepublique.fr\/Vienne\/Actualite\/Sante\/n\/Contenus\/Articles\/2013\/06\/25\/Les-hospitaliers-entrent-en-force-a-l-ARS-1524324\" target=\"_blank\"><strong>Les hospitaliers entrent en force \u00e0 l&rsquo;ARS<\/strong><\/a><\/p>\n<p id=\"articleChapo\" style=\"text-align: justify\">Les gr\u00e9vistes du CHU ont d\u00e9cid\u00e9, hier, d\u2019une action contre les plans d\u2019aust\u00e9rit\u00e9 visant \u00e0 faire des \u00e9conomies sur les personnels devant les locaux de l\u2019ARS.<\/p>\n<p style=\"text-align: justify\">Ils crient, \u00e0 en perdre la voix, leur ras-le-bol\u2026 ces manifestants appel\u00e9s \u00e0 se r\u00e9unir au nom de l&rsquo;intersyndicale CGT, CFDT et FO du CHU, hier matin, devant les locaux de l&rsquo;Agence r\u00e9gionale de sant\u00e9 (ARS) situ\u00e9s \u00e0 c\u00f4t\u00e9 du District de football, derri\u00e8re le parc des expositions \u00e0 Poitiers. Ils travaillent au CHU, au CH Laborit ou encore de La\u00a0Rochelle. Rassembl\u00e9s devant l&rsquo;entr\u00e9e du b\u00e2timent, les d\u00e9l\u00e9gu\u00e9s syndicaux s&rsquo;expriment tout d&rsquo;abord <i>\u00ab\u00a0sur la situation des h\u00f4pitaux publics de la r\u00e9gion Poitou-Charentes qui n&rsquo;a jamais \u00e9t\u00e9 aussi catastrophique depuis la mise en place effective de la loi H\u00f4pital patient sant\u00e9 territoire (HPST)\u00a0\u00bb<\/i> Apr\u00e8s les prises de paroles, les militants d\u00e9cident de \u00ab\u00a0s&rsquo;inviter\u00a0\u00bb au conseil de surveillance (*) qui se d\u00e9roule au m\u00eame moment.<\/p>\n<div id=\"text\" style=\"text-align: justify\">\n<p><b>Une rencontre improvis\u00e9e avec les militants<\/b><\/p>\n<p>Seulement \u00e0 la vue des 200\u00a0manifestants, tr\u00e8s bruyants, qui commencent \u00e0 s&rsquo;engouffrer dans le hall, le service de s\u00e9curit\u00e9 ferme les portes. Les gr\u00e9vistes tapent sur les vitres et scandent ensemble\u2009: <i>\u00ab\u00a0Des sous pour l&rsquo;h\u00f4pital public\u2009!\u00a0\u00bb<\/i>. Devant les portes closes, ils tentent leur chance \u00e0 l&rsquo;arri\u00e8re du b\u00e2timent. En vain mais \u00e0 travers les baies vitr\u00e9es si\u00e8gent des hommes et des femmes \u2013 peut-\u00eatre le conseil de surveillance \u2013. Slogans et coups donn\u00e9s dans les vitres redoublent d&rsquo;intensit\u00e9. Sur l&rsquo;intervention du directeur de l&rsquo;ARS, Fran\u00e7ois-Emmanuel Blanc, les gr\u00e9vistes ont l&rsquo;autorisation de p\u00e9n\u00e9trer dans les locaux. Toujours aussi d\u00e9termin\u00e9s \u00e0 se faire entendre, les manifestants jouent du sifflet, des casseroles et autres percussions\u2026 Une demi-heure plus tard, le directeur de l&rsquo;ARS improvise une rencontre avec les d\u00e9l\u00e9gu\u00e9s syndicaux. Un face \u00e0 face avec le repr\u00e9sentant de l&rsquo;\u00c9tat qui explique que <i>\u00ab\u00a0tous les fonds sont r\u00e9partis \u00e9quitablement sur l&rsquo;ensemble des \u00e9tablissements publics du Poitou-Charentes\u00a0\u00bb<\/i> et qui assure qu&rsquo;il fera <i>\u00ab\u00a0remonter tous les \u00e9l\u00e9ments techniques et d&rsquo;ambiance\u00a0\u00bb<\/i>. Une r\u00e9ponse \u00ab\u00a0insuffisante\u00a0\u00bb pour les gr\u00e9vistes qui d\u00e9cident de rencontrer sur le champ le d\u00e9put\u00e9-maire Alain Claeys, \u00e9galement pr\u00e9sident du conseil de surveillance du CHU. A 16\u2009h, ce dernier accepte l&rsquo;entrevue avec une trentaine de personnes. Tout en faisant valoir son droit de r\u00e9serve, Alain Claeys abonde en partie dans le sens des gr\u00e9vistes. <i>\u00ab\u00a0M\u00eame si le CHU est \u00e9quilibr\u00e9 financi\u00e8rement, il doit aussi investir dans l&rsquo;humain.\u00a0\u00bb<\/i> Reste \u00e0 savoir comment\u2026<\/p>\n<p><i>(*) Il est compos\u00e9 entre autres de repr\u00e9sentants de l&rsquo;\u00c9tat, des partenaires sociaux, de l&rsquo;Assurance-maladie, des \u00e9lus, des usagers, et personnes qualifi\u00e9es et pr\u00e9sid\u00e9 par le pr\u00e9fet.<\/i><\/p>\n<p><b>&gt;\u00a0Voir la vid\u00e9o sur notre site. La gr\u00e8ve continue. Aujourd&rsquo;hui pique-nique et assembl\u00e9e g\u00e9n\u00e9rale de 12\u2009h \u00e0 15\u2009h devant la Gentilhommi\u00e8re.<\/b><\/p>\n<p><em>M-L A, Nouvelle R\u00e9publique, 25 juin 2013<\/em><\/p>\n<p>Voir aussi <a href=\"http:\/\/www.lanouvellerepublique.fr\/Vienne\/Actualite\/24-Heures\/n\/Contenus\/Articles\/2013\/06\/24\/VIDEO.-Poitiers-200-hospitaliers-envahissent-l-ARS-1523574\" target=\"_blank\"><strong>la vid\u00e9o sur le site de la NR<\/strong><\/a>.<\/p>\n<\/div>\n","protected":false},"excerpt":{"rendered":"<p>NdPN : directeur de l&rsquo;ARS et Claeys affirment que le budget est \u00ab\u00a0\u00e9quilibr\u00e9\u00a0\u00bb. En gros, les gr\u00e9vistes sur Poitiers voudraient une part du g\u00e2teau plus grosse, au d\u00e9triment des autres ! Sauf que la gr\u00e8ve est nationale, et qu&rsquo;il s&rsquo;agit de lutter pour le bien de tou-te-s, contre la d\u00e9gradation des soins. Le ton monte &hellip; <a href=\"https:\/\/fa86.noblogs.org\/?p=9408\" class=\"more-link\">Continuer la lecture de <span class=\"screen-reader-text\">[Poitiers] Les gr\u00e9vistes du CHU haussent le ton<\/span> <span class=\"meta-nav\">&rarr;<\/span><\/a><\/p>\n","protected":false},"author":2691,"featured_media":0,"comment_status":"open","ping_status":"open","sticky":false,"template":"","format":"standard","meta":{"footnotes":""},"categories":[9,22],"tags":[],"class_list":["post-9408","post","type-post","status-publish","format-standard","hentry","category-la-rue-grogne","category-le-travail-tue"],"_links":{"self":[{"href":"https:\/\/fa86.noblogs.org\/index.php?rest_route=\/wp\/v2\/posts\/9408","targetHints":{"allow":["GET"]}}],"collection":[{"href":"https:\/\/fa86.noblogs.org\/index.php?rest_route=\/wp\/v2\/posts"}],"about":[{"href":"https:\/\/fa86.noblogs.org\/index.php?rest_route=\/wp\/v2\/types\/post"}],"author":[{"embeddable":true,"href":"https:\/\/fa86.noblogs.org\/index.php?rest_route=\/wp\/v2\/users\/2691"}],"replies":[{"embeddable":true,"href":"https:\/\/fa86.noblogs.org\/index.php?rest_route=%2Fwp%2Fv2%2Fcomments&post=9408"}],"version-history":[{"count":3,"href":"https:\/\/fa86.noblogs.org\/index.php?rest_route=\/wp\/v2\/posts\/9408\/revisions"}],"predecessor-version":[{"id":9410,"href":"https:\/\/fa86.noblogs.org\/index.php?rest_route=\/wp\/v2\/posts\/9408\/revisions\/9410"}],"wp:attachment":[{"href":"https:\/\/fa86.noblogs.org\/index.php?rest_route=%2Fwp%2Fv2%2Fmedia&parent=9408"}],"wp:term":[{"taxonomy":"category","embeddable":true,"href":"https:\/\/fa86.noblogs.org\/index.php?rest_route=%2Fwp%2Fv2%2Fcategories&post=9408"},{"taxonomy":"post_tag","embeddable":true,"href":"https:\/\/fa86.noblogs.org\/index.php?rest_route=%2Fwp%2Fv2%2Ftags&post=9408"}],"curies":[{"name":"wp","href":"https:\/\/api.w.org\/{rel}","templated":true}]}}