{"id":9415,"date":"2013-06-26T09:14:36","date_gmt":"2013-06-26T07:14:36","guid":{"rendered":"http:\/\/fa86.noblogs.org\/?p=9415"},"modified":"2013-06-26T09:28:23","modified_gmt":"2013-06-26T07:28:23","slug":"meurtre-de-clement-une-mise-au-point-de-ses-camarades","status":"publish","type":"post","link":"https:\/\/fa86.noblogs.org\/?p=9415","title":{"rendered":"Meurtre de Cl\u00e9ment : mises au point de camarades antifascistes"},"content":{"rendered":"<p style=\"text-align: justify\"><a href=\"http:\/\/ainfos.ca\/fr\/ainfos10298.html\" target=\"_blank\"><strong>Meurtre de Cl\u00e9ment M\u00e9ric : halte aux mensonges !<\/strong><\/a><\/p>\n<p style=\"text-align: justify\"><strong>Communiqu\u00e9 de l&rsquo;Action antifasciste Paris-Banlieue<\/strong><\/p>\n<p style=\"text-align: justify\">Depuis ce matin, l&rsquo;ensemble de la\u00a0 presse en ligne reprend une information de RTL, au sujet d&rsquo;une vid\u00e9o de la mort de notre\u00a0 camarade et ami Cl\u00e9ment, sans la v\u00e9rifier. A l&rsquo;instar des journalistes qui diffusent ces\u00a0 calomnies nous n&rsquo;avons pu visionner cette vid\u00e9o.<\/p>\n<p style=\"text-align: justify\">Nous rejetons toutefois formellement\u00a0 l&rsquo;interpr\u00e9tation qui en est faite. Les camarades pr\u00e9sents avec Cl\u00e9ment le 5 juin\u00a0 maintiennent leur version:<\/p>\n<p style=\"text-align: justify\">&#8211; oui il y a eu des \u00e9changes verbaux\u00a0\u00e0 l&rsquo;int\u00e9rieur du\u00a0 magasin, devant les messages ouvertement racistes et tombant sous le coup de la loi\u00a0 arbor\u00e9s par les skinheads ;<\/p>\n<p style=\"text-align: justify\">&#8211; l&rsquo;agression physique survenue\u00a0\u00e0 l&rsquo;ext\u00e9rieur du magasin\u00a0 est le fait des skinheads qui se sont approch\u00e9s, ont encercl\u00e9 nos camarades puis les ont\u00a0 agress\u00e9s. Les militants n\u00e9onazis \u00e9taient arm\u00e9s de coups-de-poing am\u00e9ricains et ont tu\u00e9\u00a0 Cl\u00e9ment M\u00e9ric.<\/p>\n<p style=\"text-align: justify\">Il est donc impossible que des images montrent Cl\u00e9ment se pr\u00e9cipiter vers son agresseur\u00a0 pour lui porter un coup dans le dos.<\/p>\n<p style=\"text-align: justify\">C&rsquo;est au contraire Esteban qui a quitt\u00e9 le centre de la rue pour se diriger vers Cl\u00e9ment.\u00a0 Les militants d&rsquo;extr\u00eame droite eux-m\u00eames n&rsquo;ont jamais pr\u00e9tendu que Cl\u00e9ment se soit\u00a0 pr\u00e9cipit\u00e9 vers eux pour les frapper par derri\u00e8re. Les mensonges relay\u00e9s dans la presse\u00a0 ne font qu&rsquo;ajouter\u00a0\u00e0 la douleur de ses proches.<\/p>\n<p style=\"text-align: justify\">Action antifasciste, Paris, le 25 juin 2013<\/p>\n<p style=\"text-align: justify\"><em>Vu sur Alternative Libertaire, 25 juin 2013<\/em><\/p>\n<p style=\"text-align: justify\">***<\/p>\n<p style=\"text-align: justify\"><a href=\"http:\/\/lahorde.samizdat.net\/2013\/06\/25\/clement-assassine-une-deuxieme-fois\/\" target=\"_blank\"><strong>Cl\u00e9ment, assassin\u00e9 une deuxi\u00e8me fois<\/strong><\/a><\/p>\n<p style=\"text-align: justify\"><em>Nous publions ci-dessous le texte qui nous a \u00e9t\u00e9 adress\u00e9 par un camarade antifasciste en r\u00e9action aux mensonges diffus\u00e9s par une partie de la presse au sujet de la mort de Cl\u00e9ment.<\/em><\/p>\n<p style=\"text-align: justify\">Il n\u2019aura pas fallu trois semaines pour que Cl\u00e9ment M\u00e9ric, militant engag\u00e9 contre l\u2019extr\u00eame droite, soit assassin\u00e9 une deuxi\u00e8me fois. Depuis ce matin, tous les m\u00e9dias reprennent en coeur une information dont l\u2019exclusivit\u00e9 revient \u00e0 RTL. Une exclusivit\u00e9 dont on pourrait se passer volontiers. C\u2019est le destin cruel mais, semble-t-il, tout naturel pour une presse qui cherche \u00e0 savoir, pour sans doute ensuite d\u00e9partager, qui a commenc\u00e9 le premier \u00e0 frapp\u00e9 sur l\u2019autre. Voil\u00e0, Cl\u00e9ment M\u00e9ric est assassin\u00e9 une deuxi\u00e8me fois, accus\u00e9 d\u2019un comportement \u00ab agressif \u00bb \u2013 selon Le Figaro \u2013 envers de simples skinheads, \u00e0 qui l\u2019on n\u2019enl\u00e8ve pas le fait d\u2019\u00eatre d\u2019extr\u00eame droite, mais qui en tout \u00e9tat de cause, faisaient bien gentiment leurs courses \u2013 comme tout un chacun finalement.<\/p>\n<p style=\"text-align: justify\">C\u2019est ce \u00ab jeune gauchiste \u00bb qui a port\u00e9 le premier coup \u00e0 Esteban Morillo, de plus frappant \u00ab par derri\u00e8re \u00bb. La vid\u00e9o ne dure que quelques secondes. Elle ne permet pas de savoir si l\u2019auteur des coups mortels \u00e9tait arm\u00e9 d\u2019un poing am\u00e9ricain ou non. Mais selon RTL qui a eu l\u2019exclusivit\u00e9 de la visionn\u00e9e, elle est une preuve irr\u00e9futable pour savoir ce qu\u2019il s\u2019est vraiment pass\u00e9 cette fin d\u2019apr\u00e8s midi du 5 juin. Non, il n\u2019y a pas de paradoxe, enfin en tout cas pas au yeux des journalistes, sans doute peu scrupuleux, qui n\u2019ont pas h\u00e9sit\u00e9 \u00e0 en tirer une conclusion qui risque de peser sur l\u2019opinion publique. Non, malgr\u00e9 la bri\u00e8vet\u00e9 des images et le manque de visibilit\u00e9, toute l\u2019affaire s\u2019\u00e9claircit d\u2019un coup. Seulement la v\u00e9rit\u00e9 reste seule immuable, ce 5 juin, l\u2019extr\u00eame droite a vers\u00e9 le sang, a \u00e9t\u00e9 jusqu\u2019\u00e0 tuer un militant qui avait pour engagement de lutter contre une id\u00e9ologie de violence et de haine.<\/p>\n<p style=\"text-align: justify\">Les faits sont l\u00e0, seulement les choses semblent avoir chang\u00e9 aujourd\u2019hui. Apr\u00e8s plusieurs ann\u00e9es de sarkozysme, ce n\u2019est pas, comme aiment \u00e0 le penser certaines personnes, une parole de droite qui se serait d\u00e9complex\u00e9e, mais bien une justification de l\u2019injustifiable. En jouant sur la peur, les id\u00e9es s\u00e9curitaires et x\u00e9nophobes, la droite a laiss\u00e9 s\u2019installer en France une opinion r\u00e9actionnaire. Il y a deux jours une simple information relay\u00e9e en toute pudeur par la presse nous apprenait que le \u00ab Front R\u00e9publicain \u00bb n\u2019existait plus, enterr\u00e9 dans la ville de Villeneuve-sur-Lot. Celui-ci a disparu dans une quasi indiff\u00e9rence g\u00e9n\u00e9rale. Une indiff\u00e9rence que Cl\u00e9ment M\u00e9ric n\u2019aurait peut \u00eatre pas partag\u00e9, non pas parce qu\u2019il affectionnait ou se sentait proche des partis dits r\u00e9publicains mais parce que, sans doute, comme quelques uns, il ne pouvait concevoir le Front National ou tout autre parti d\u2019extr\u00eame droite comme des partis classiques ayant leur cr\u00e9neau d\u2019expression libre pour distiller des id\u00e9es mortif\u00e8res.<\/p>\n<p style=\"text-align: justify\">La publication par RTL et par leurs confr\u00e8res d\u2019articles d\u00e9crivant l\u2019affaire comme une simple rixe qui aurait mal tourn\u00e9 est l\u2019exemple parfait de cette digue bris\u00e9e par les assauts r\u00e9p\u00e9t\u00e9s d\u2019une droite coupable et d\u2019une certaine gauche, qui, parce qu\u2019inactive et pr\u00e9f\u00e9rant expulser des Rroms plut\u00f4t que de lutter contre la mis\u00e8re sociale, est rendu partiellement complice. Le probl\u00e8me n\u2019est plus de savoir si une personne comme Esteban a le droit de distiller sa haine et son aversion pour tout ce qui ne pense et n\u2019est pas comme lui, mais de savoir si c\u2019est bien lui qui a agress\u00e9 Cl\u00e9ment M\u00e9ric et ses camarades en premier. Pourtant les journalistes semblent avoir oubli\u00e9 une chose: les id\u00e9ologies totalitaires qu\u2019Esteban glorifie ont tu\u00e9, et les coups qu\u2019elles continuent \u00e0 porter sont faits pour tuer. Les id\u00e9es que Cl\u00e9ment, lui, d\u00e9fendait n\u2019ont jamais eu cette finalit\u00e9.<\/p>\n<p style=\"text-align: justify\">Sans doute Esteban n\u2019avait pas pr\u00e9vu de tuer ce jour l\u00e0, mais parce qu\u2019idol\u00e2tre des id\u00e9es fascistes, la mort \u00e9tait dans son camp.<\/p>\n<p style=\"text-align: justify\">Alors oui ! Vous avez raison messieurs les journalistes, Cl\u00e9ment n\u2019a pas \u00e9t\u00e9 assassin\u00e9 par Esteban, Cl\u00e9ment a \u00e9t\u00e9 assassin\u00e9 par le fascisme. Oui vous avez aussi raison, la responsabilit\u00e9 de la mort n\u2019est qu\u2019en partie imputable \u00e0 Esteban, c\u2019est aussi celle de politiciens charognards n\u2019h\u00e9sitant pas \u00e0 reprendre les id\u00e9es les plus r\u00e9trogrades pour obtenir quelques voix de plus.<\/p>\n<p style=\"text-align: justify\">Mais non, messieurs les journalistes, Cl\u00e9ment M\u00e9ric n\u2019a pas port\u00e9 le premier coup contre les n\u00e9o-nazis. Non Cl\u00e9ment M\u00e9ric n\u2019est pas un agresseur au m\u00eame titre que ces individus, qui, se sentant l\u00e9gitim\u00e9s par des propos naus\u00e9eux, peuvent impun\u00e9ment agresser dans la rue des immigr\u00e9s, des femmes voil\u00e9es, des homosexuels ou des militants progressistes. Cl\u00e9ment M\u00e9ric d\u00e9fendait des id\u00e9aux qui vont \u00e0 l\u2019encontre de la haine, ceux port\u00e9s par les militants antifascistes et les militants progressistes, des id\u00e9es anti-autoritaires qu\u2019ils continueront \u00e0 porter bon gr\u00e9 mal gr\u00e9. Cette lutte anti-fasciste nous n\u2019avons pas attendu que vous la validiez ou non, \u00e0 l\u2019avenir il en sera de m\u00eame.<\/p>\n<p style=\"text-align: justify\">Un camarade antifasciste.<\/p>\n<p style=\"text-align: justify\">Source <a href=\"https:\/\/sudsciencespo.wordpress.com\/2013\/06\/25\/clement-assassine-une-deuxieme-fois\/\" target=\"_blank\">SUD Sciences Po<\/a><\/p>\n<p style=\"text-align: justify\"><em>Vu sur La Horde, 25 juin 2013<\/em><\/p>\n","protected":false},"excerpt":{"rendered":"<p>Meurtre de Cl\u00e9ment M\u00e9ric : halte aux mensonges ! Communiqu\u00e9 de l&rsquo;Action antifasciste Paris-Banlieue Depuis ce matin, l&rsquo;ensemble de la\u00a0 presse en ligne reprend une information de RTL, au sujet d&rsquo;une vid\u00e9o de la mort de notre\u00a0 camarade et ami Cl\u00e9ment, sans la v\u00e9rifier. A l&rsquo;instar des journalistes qui diffusent ces\u00a0 calomnies nous n&rsquo;avons pu &hellip; <a href=\"https:\/\/fa86.noblogs.org\/?p=9415\" class=\"more-link\">Continuer la lecture de <span class=\"screen-reader-text\">Meurtre de Cl\u00e9ment : mises au point de camarades antifascistes<\/span> <span class=\"meta-nav\">&rarr;<\/span><\/a><\/p>\n","protected":false},"author":2691,"featured_media":0,"comment_status":"open","ping_status":"open","sticky":false,"template":"","format":"standard","meta":{"footnotes":""},"categories":[21,6],"tags":[],"class_list":["post-9415","post","type-post","status-publish","format-standard","hentry","category-desinformation-bourgeoise","category-paf-le-faf"],"_links":{"self":[{"href":"https:\/\/fa86.noblogs.org\/index.php?rest_route=\/wp\/v2\/posts\/9415","targetHints":{"allow":["GET"]}}],"collection":[{"href":"https:\/\/fa86.noblogs.org\/index.php?rest_route=\/wp\/v2\/posts"}],"about":[{"href":"https:\/\/fa86.noblogs.org\/index.php?rest_route=\/wp\/v2\/types\/post"}],"author":[{"embeddable":true,"href":"https:\/\/fa86.noblogs.org\/index.php?rest_route=\/wp\/v2\/users\/2691"}],"replies":[{"embeddable":true,"href":"https:\/\/fa86.noblogs.org\/index.php?rest_route=%2Fwp%2Fv2%2Fcomments&post=9415"}],"version-history":[{"count":3,"href":"https:\/\/fa86.noblogs.org\/index.php?rest_route=\/wp\/v2\/posts\/9415\/revisions"}],"predecessor-version":[{"id":9423,"href":"https:\/\/fa86.noblogs.org\/index.php?rest_route=\/wp\/v2\/posts\/9415\/revisions\/9423"}],"wp:attachment":[{"href":"https:\/\/fa86.noblogs.org\/index.php?rest_route=%2Fwp%2Fv2%2Fmedia&parent=9415"}],"wp:term":[{"taxonomy":"category","embeddable":true,"href":"https:\/\/fa86.noblogs.org\/index.php?rest_route=%2Fwp%2Fv2%2Fcategories&post=9415"},{"taxonomy":"post_tag","embeddable":true,"href":"https:\/\/fa86.noblogs.org\/index.php?rest_route=%2Fwp%2Fv2%2Ftags&post=9415"}],"curies":[{"name":"wp","href":"https:\/\/api.w.org\/{rel}","templated":true}]}}