{"id":9417,"date":"2013-06-26T09:19:17","date_gmt":"2013-06-26T07:19:17","guid":{"rendered":"http:\/\/fa86.noblogs.org\/?p=9417"},"modified":"2013-06-26T20:34:44","modified_gmt":"2013-06-26T18:34:44","slug":"bresil-le-gouvernement-pt-cible-les-anarchistes-a-porto-alegre","status":"publish","type":"post","link":"https:\/\/fa86.noblogs.org\/?p=9417","title":{"rendered":"[Br\u00e9sil] Le gouvernement PT cible les anarchistes \u00e0 Porto Alegre"},"content":{"rendered":"<p style=\"text-align: justify\"><a href=\"http:\/\/www.alternativelibertaire.org\/spip.php?article5389\" target=\"_blank\"><strong>Br\u00e9sil\u00a0: le gouvernement PT cible les anarchistes \u00e0 Porto Alegre<\/strong><\/a><\/p>\n<p style=\"text-align: justify\">Par la Federa\u00e7\u00e3o Anarquista Ga\u00facha<\/p>\n<p style=\"text-align: justify\">La police f\u00e9d\u00e9rale a mis \u00e0 sac le si\u00e8ge de la Federa\u00e7\u00e3o Anarquista Ga\u00facha (FAG), \u00e0 Porto Alegre. Voil\u00e0 o\u00f9 en est le gouvernement de \u00ab\u00a0gauche\u00a0\u00bb de Brasilia, apr\u00e8s dix ans de politique n\u00e9olib\u00e9rale.<\/p>\n<p style=\"text-align: justify\">L\u2019apr\u00e8s\u2010midi du jeudi 20 juin 2013 , entre 12 et 15 agents, non identifi\u00e9s mais portant des gilets et des vestes de police et en se pr\u00e9sentant comme des agents de la police f\u00e9d\u00e9rale, sont entr\u00e9s et ont perquisitionn\u00e9 l\u2019ath\u00e9n\u00e9e Batalha da V\u00e1rzea, l\u2019espace politique et social de la F\u00e9d\u00e9ration Anarchiste Ga\u00facha (FAG), situ\u00e9e travessa dos Venezianso. Ils se sont \u00e9galement empar\u00e9s d\u2019une partie du mat\u00e9riel.<\/p>\n<p style=\"text-align: justify\">Les agents n\u2019ont pas montr\u00e9 d\u2019ordre de perquisition aux voisins qui se sont inqui\u00e9t\u00e9s de savoir ce qui se passait. Par ailleurs, dans la matin\u00e9e, des agents, \u00e9galement cach\u00e9s, ont tent\u00e9 d\u2019appr\u00e9hender une camarade \u00e0 son domicile.<\/p>\n<p style=\"text-align: justify\">La FAG est une organisation politique vieille de 18 ans. Au cours de ces ann\u00e9es, nous ne nous sommes jamais cach\u00e9s et nous avons toujours maintenu le caract\u00e8re public de nos espaces, dans lesquels nous menons de nombreuses activit\u00e9s d\u2019ordre politique et culturel, ainsi que notre action politique.<\/p>\n<p style=\"text-align: justify\">L\u2019ath\u00e9n\u00e9e est un espace o\u00f9, ces trois derni\u00e8res ann\u00e9es nous nous sommes tenus \u00e0 ces activit\u00e9s, en maintenant une biblioth\u00e8que publique et en r\u00e9alisant des activit\u00e9s p\u00e9riodiques.<\/p>\n<p style=\"text-align: justify\">Nous souhaitons rappeler aussi qu\u2019en octobre 2009, notre ancien si\u00e8ge (situ\u00e9 \u00e0 Lopo Gon\u00e7alves) avait aussi \u00e9tait envahi par la police civile sur ordre du gouverneur de l\u2019\u00e9poque, Yeda Crusius, suite \u00e0 une affiche sur laquelle nous la tenions pour responsable de la mort du militant du Mouvement des sans terre (MST) Elthon Brum \u00e0 San Gabriel. \u00c0 cette occasion, tout le mat\u00e9riel de notre si\u00e8ge avait \u00e9t\u00e9 saisi, y compris les poubelles.<\/p>\n<p style=\"text-align: justify\">Cette fois, apr\u00e8s les nombreuses \u00ab\u00a0rumeurs urbaines\u00a0\u00bb publi\u00e9es par RBS\u00a0[<a id=\"nh1\" title=\"[1] Une des principales entreprises multim\u00e9dia du pays.\" href=\"http:\/\/www.alternativelibertaire.org\/spip.php?article5389#nb1\" name=\"nh1\">1<\/a>] nous accusant d\u2019\u00eatre des sociopathes, on nous accuse de planifier, avec l\u2019aide de militants \u00e9trangers, une gu\u00e9rilla urbaine\u00a0: on voit l\u00e0 un motif tr\u00e8s net pour semer la panique et appeler la r\u00e9pression contre notre action.<\/p>\n<p style=\"text-align: justify\">Les provocations et mensonges d\u00e9velopp\u00e9s par la presse r\u00e9actionnaire ou la r\u00e9pression employ\u00e9e par les appareils policiers de l\u2019\u00e9tat bourgeois ne sont pas des nouveaut\u00e9s pour nous. Depuis nos d\u00e9buts en tant que courant politique, nous avons \u00e9t\u00e9 la cible de l\u2019acharnement r\u00e9pressif du patronat agissant main dans la main avec l\u2019Etat.<\/p>\n<p style=\"text-align: justify\">Durant plus d\u2019un si\u00e8cle, nous avons r\u00e9sist\u00e9 \u00e0 ces l\u00e2ches attaques, sans jamais baisser ni nos t\u00eates, ni nos poings et ce n\u2019est pas ce nouvel \u00e9pisode qui affaiblira notre combativit\u00e9.<\/p>\n<p style=\"text-align: justify\">Nous d\u00e9non\u00e7ons enfin le gouvernement municipal, provincial et f\u00e9d\u00e9ral, tous responsables de cette l\u00e2che attaque contre notre organisation. Il ne nous intimiderons pas et nous continuerons en employant tous nos efforts pour la construction d\u2019un mouvement populaire combatif qui organise les opprim\u00e9s de ce pays et leurs l\u00e9gitimes revendications.<\/p>\n<p style=\"text-align: justify\"><strong>No Pasar\u00e1n\u00a0!!!<\/strong><\/p>\n<p style=\"text-align: justify\"><strong>\u00c0 bas la r\u00e9pression contre ceux qui luttent\u00a0!!!<\/strong><\/p>\n<p style=\"text-align: justify\"><strong><i>Federa\u00e7\u00e3o Anarquista Ga\u00facha, le 20 juin 2013<\/i> <\/strong><\/p>\n<div style=\"text-align: justify\">\n<p>[<a title=\"info notes 1\" href=\"http:\/\/www.alternativelibertaire.org\/spip.php?article5389#nh1\" name=\"nb1\">1<\/a>] Une des principales entreprises multim\u00e9dia du pays.<\/p>\n<p><em>Vu sur Alternative Libertaire, 25 juin 2013<\/em><\/p>\n<p>***<\/p>\n<p><a href=\"http:\/\/www.federation-anarchiste.org\/spip.php?article1169\" target=\"_blank\"><strong>[Br\u00e9sil, communiqu\u00e9] Vive la lutte du peuple br\u00e9silien contre la corruption capitaliste\u00a0! (fr, pt)<\/strong><\/a><\/p>\n<p><strong>Vive la lutte du peuple br\u00e9silien contre la corruption capitaliste\u00a0!<\/strong><\/p>\n<p>Depuis bient\u00f4t deux semaines un mouvement sans pr\u00e9c\u00e9dent de contestations et d\u2019\u00e9meutes secoue au Br\u00e9sil le pouvoir qui se trouve entre les mains d\u2019un pr\u00e9tendu \u00ab\u00a0Parti des travailleurs\u00a0\u00bb.<\/p>\n<p>La hausse du prix des transports publics a provoqu\u00e9 la col\u00e8re des Br\u00e9siliens, mais la contestation \u00e9tait plus profonde, et elle s\u2019est transform\u00e9e en une critique de la classe politique dans son ensemble \u00e0 la suite des scandales de corruption. La facture de la Coupe du monde de football, estim\u00e9e \u00e0 11 milliards d\u2019euros, a rappel\u00e9 au peuple br\u00e9silien qu\u2019il manquait plut\u00f4t d\u2019\u00e9coles et d\u2019h\u00f4pitaux que de stades de football.<\/p>\n<p>L\u2019annonce de la baisse des prix des transports n\u2019a pas d\u00e9samor\u00e7\u00e9 la col\u00e8re de la population\u00a0: les manifestations se sont \u00e9tendues \u00e0 l\u2019ensemble du pays. En un an, le prix des tomates a grimp\u00e9 de 96%, celui des oignons de 70%\u00a0; le riz a augment\u00e9 de 20% et le poulet de 23%.<\/p>\n<p>Nous n\u2019oublions pas que le capitalisme fran\u00e7ais, \u00e0 travers l\u2019entreprise GDF-Suez, contribue \u00e0 la situation catastrophique du Br\u00e9sil avec le projet de barrade de Jirau, socialement et \u00e9cologiquement d\u00e9vastateur.<\/p>\n<p>La f\u00e9d\u00e9ration anarchiste francophone tient \u00e0 assurer la classe ouvri\u00e8re br\u00e9silienne, le peuple br\u00e9silien et l\u2019ensemble du mouvement libertaire br\u00e9silien de sa sympathie et de son soutien en cette p\u00e9riode de lutte intense contre le r\u00e9gime capitaliste corrompu.<\/p>\n<p>A une \u00e9poque o\u00f9 commence \u00e0 appara\u00eetre une contestation g\u00e9n\u00e9ralis\u00e9e du syst\u00e8me capitaliste \u00e0 l\u2019\u00e9chelle de la plan\u00e8te, o\u00f9 la population turque livre un combat h\u00e9ro\u00efque contre le pouvoir en place, la solidarit\u00e9 internationale est un imp\u00e9ratif de plus en plus urgent.<\/p>\n<p>Nous r\u00e9affirmons la n\u00e9cessit\u00e9 d\u2019une organisation internationale des libertaires pour mener plus efficacement le combat ensemble.<\/p>\n<p>F\u00e9d\u00e9ration Anarchiste francophone, 21 juin 2013.<\/p>\n<hr \/>\n<p>[vers\u00e3o em portugu\u00eas]<\/p>\n<p><strong>Viva a luta do povo brasileiro contra a corrup\u00e7\u00e3o capitalista\u00a0!<\/strong><\/p>\n<p>Por quase duas semanas um movimento sem precedentes de protestos e tumultos abala no Brasil o poder que est\u00e1 nas m\u00e3os de um suposto \u00ab\u00a0Partido dos Trabalhadores\u00a0\u00bb.<\/p>\n<p>O aumento do pre\u00e7o dos transportes p\u00fablicos causou a raiva dos brasileiros, mas o protesto era mais profundo, e se transformou em uma factura para a Copa do Mundo de futebol, estimado a 11 bilh\u00f5es de \u20ac, lembrou ao povo brasileiro que faltava-lhe escolas e hospitais, ao inv\u00e9s de est\u00e1dios de futebol. O an\u00fancio da redu\u00e7\u00e3o dos pre\u00e7os de transporte n\u00e3o desativou a raiva da popula\u00e7\u00e3o\u00a0: os protestos espalharam-se por todo o pa\u00eds.<\/p>\n<p>Num ano, pre\u00e7os dos tomates aumentou de 96%, os da cebolas de 70%\u00a0; arroz aumentou 20% e o frango de 23%. N\u00e3o esquecemos n\u00f3s que o capitalismo franc\u00eas, atrav\u00e9s da empresa GDF-Suez, contribuiu a situa\u00e7\u00e3o catastr\u00f3fica no Brasil com o projeto da barragem de Jirau, socialmente e ecologicamente devastador.<\/p>\n<p>A Federa\u00e7\u00e3o Anarquista Franc\u00f3fona deseja assegurar a classe trabalhadora brasileira, o povo brasileiro e todo o movimento libert\u00e1rio brasileiro de solidariedade e apoio neste momento de intensa luta contra o sistema capitalista corrupto.<\/p>\n<p>Numa altura em que come\u00e7am a surgir um desafio geral para o sistema capitalista \u00e0 escala mundial, onde a popula\u00e7\u00e3o turca entrega uma luta her\u00f3ica contra os poderes constitu\u00eddos, a solidariedade internacional \u00e9 uma exig\u00eancia ainda mais urgente.<\/p>\n<p>Reafirmamos a necessidade de uma organiza\u00e7\u00e3o internacional de libert\u00e1rios para efectuar mais eficientemente o combate conjuntamente.<\/p>\n<p>Federa\u00e7\u00e3o Anarquista Franc\u00f3fona, 21\/06\/2013<\/p>\n<\/div>\n","protected":false},"excerpt":{"rendered":"<p>Br\u00e9sil\u00a0: le gouvernement PT cible les anarchistes \u00e0 Porto Alegre Par la Federa\u00e7\u00e3o Anarquista Ga\u00facha La police f\u00e9d\u00e9rale a mis \u00e0 sac le si\u00e8ge de la Federa\u00e7\u00e3o Anarquista Ga\u00facha (FAG), \u00e0 Porto Alegre. Voil\u00e0 o\u00f9 en est le gouvernement de \u00ab\u00a0gauche\u00a0\u00bb de Brasilia, apr\u00e8s dix ans de politique n\u00e9olib\u00e9rale. L\u2019apr\u00e8s\u2010midi du jeudi 20 juin 2013 &hellip; <a href=\"https:\/\/fa86.noblogs.org\/?p=9417\" class=\"more-link\">Continuer la lecture de <span class=\"screen-reader-text\">[Br\u00e9sil] Le gouvernement PT cible les anarchistes \u00e0 Porto Alegre<\/span> <span class=\"meta-nav\">&rarr;<\/span><\/a><\/p>\n","protected":false},"author":2691,"featured_media":0,"comment_status":"open","ping_status":"open","sticky":false,"template":"","format":"standard","meta":{"footnotes":""},"categories":[11,16],"tags":[],"class_list":["post-9417","post","type-post","status-publish","format-standard","hentry","category-ni-patrie-ni-frontiere","category-repression"],"_links":{"self":[{"href":"https:\/\/fa86.noblogs.org\/index.php?rest_route=\/wp\/v2\/posts\/9417","targetHints":{"allow":["GET"]}}],"collection":[{"href":"https:\/\/fa86.noblogs.org\/index.php?rest_route=\/wp\/v2\/posts"}],"about":[{"href":"https:\/\/fa86.noblogs.org\/index.php?rest_route=\/wp\/v2\/types\/post"}],"author":[{"embeddable":true,"href":"https:\/\/fa86.noblogs.org\/index.php?rest_route=\/wp\/v2\/users\/2691"}],"replies":[{"embeddable":true,"href":"https:\/\/fa86.noblogs.org\/index.php?rest_route=%2Fwp%2Fv2%2Fcomments&post=9417"}],"version-history":[{"count":3,"href":"https:\/\/fa86.noblogs.org\/index.php?rest_route=\/wp\/v2\/posts\/9417\/revisions"}],"predecessor-version":[{"id":9419,"href":"https:\/\/fa86.noblogs.org\/index.php?rest_route=\/wp\/v2\/posts\/9417\/revisions\/9419"}],"wp:attachment":[{"href":"https:\/\/fa86.noblogs.org\/index.php?rest_route=%2Fwp%2Fv2%2Fmedia&parent=9417"}],"wp:term":[{"taxonomy":"category","embeddable":true,"href":"https:\/\/fa86.noblogs.org\/index.php?rest_route=%2Fwp%2Fv2%2Fcategories&post=9417"},{"taxonomy":"post_tag","embeddable":true,"href":"https:\/\/fa86.noblogs.org\/index.php?rest_route=%2Fwp%2Fv2%2Ftags&post=9417"}],"curies":[{"name":"wp","href":"https:\/\/api.w.org\/{rel}","templated":true}]}}