{"id":9420,"date":"2013-06-26T09:23:03","date_gmt":"2013-06-26T07:23:03","guid":{"rendered":"http:\/\/fa86.noblogs.org\/?p=9420"},"modified":"2013-06-26T09:23:03","modified_gmt":"2013-06-26T07:23:03","slug":"derapage-syndical-la-fnsea-expulse-des-gens-du-voyage-avec-du-lisier","status":"publish","type":"post","link":"https:\/\/fa86.noblogs.org\/?p=9420","title":{"rendered":"D\u00e9rapage syndical : La FNSEA expulse des gens du voyage avec du lisier"},"content":{"rendered":"<p style=\"text-align: justify\"><a href=\"http:\/\/www.bastamag.net\/article3162.html\" target=\"_blank\"><strong>La FNSEA expulse des gens du voyage avec du lisier<\/strong><\/a><\/p>\n<div style=\"text-align: justify\">\n<p>Op\u00e9ration \u00ab\u00a0R\u00e9cup\u00e9rons nos terres\u00a0!\u00a0\u00bb. Le 17 juin, une cinquantaine d\u2019agriculteurs et d\u2019\u00e9lus locaux sont venus \u00ab\u00a0d\u00e9loger\u00a0\u00bb des familles de gens du voyage, qui occupaient un bout de terrain d\u2019une exploitation agricole, dans le canton de Houdan. Avec une m\u00e9thode pour le moins exp\u00e9ditive\u00a0: ils y ont d\u00e9vers\u00e9 du lisier.<\/p>\n<p>Cette action \u00e9tait organis\u00e9e par la F\u00e9d\u00e9ration d\u00e9partementale des Syndicats d\u2019exploitants agricoles (FDSEA) des Yvelines et la Chambre d\u2019agriculture d\u2019Ile-de-France. <i>\u00ab\u00a0La prise en otage r\u00e9guli\u00e8re de l\u2019outil de travail des agriculteurs contraint ceux-ci \u00e0 r\u00e9agir\u00a0\u00bb<\/i>, explique le <a href=\"http:\/\/www.ile-de-france.chambagri.fr\/m_presse\/communiques\/13_06_13_CP_Operation_recuperons_nos_terres.pdf\" target=\"_blank\" rel=\"external\">communiqu\u00e9<\/a> du syndicat, qui appelait \u00e0 venir <i>\u00ab\u00a0soutenir l\u2019exploitant agricole envahi par les 70 caravanes qui se sont appropri\u00e9es l\u2019espace\u00a0\u00bb<\/i>. En d\u00e9versant <i>\u00ab\u00a03 citernes de lisier de 10 m\u00e8tres cube chacune\u00a0\u00bb<\/i>.<\/p>\n<p>Les caravanes \u00e9taient install\u00e9es depuis une quinzaine de jours sur une parcelle en friche. Mais le campement avait empi\u00e9t\u00e9 sur des zones cultiv\u00e9es. Un arr\u00eat\u00e9 d\u2019expulsion avait \u00e9t\u00e9 pris. Ce qui n\u2019emp\u00eache pas le syndicat de d\u00e9noncer, <i>\u00ab\u00a0une fois de plus\u00a0\u00bb<\/i>, <i>\u00ab\u00a0l\u2019inertie de l\u2019administration, qui ne remplit pas son r\u00f4le de protection de la propri\u00e9t\u00e9 priv\u00e9e et qui, par l\u00e0 m\u00eame, cautionne la transgression des lois.\u00a0\u00bb<\/i><\/p>\n<p>C\u2019est \u00e0 l\u2019\u00c9tat et aux collectivit\u00e9s locales de g\u00e9rer la situation, r\u00e9pondent des associations travaillant avec les gens du voyage\u00a0[<a id=\"nh1\" title=\"Minga, URAVIF (Union r\u00e9gionale des associations pour la promotion et la\u00a0(...)\" href=\"http:\/\/www.bastamag.net\/article3162.html#nb1\" rel=\"footnote\">1<\/a>]. Et non \u00e0 une organisation syndicale de <i>\u00ab\u00a0jouer les auxiliaires de police en faisant justice elle-m\u00eame\u00a0\u00bb<\/i>, par une action <i>\u00ab\u00a0moralement scandaleuse et syndicalement irresponsable\u00a0\u00bb<\/i>\u00a0[<a id=\"nh2\" title=\"Ce type d\u2019action a malheureusement des pr\u00e9c\u00e9dents. Lire ici.\" href=\"http:\/\/www.bastamag.net\/article3162.html#nb2\" rel=\"footnote\">2<\/a>]. Une telle r\u00e9action contre les gens du voyage ne fait <i>\u00ab\u00a0qu\u2019exacerber la haine dans notre soci\u00e9t\u00e9 et terni l\u2019ensemble de la profession agricole\u00a0\u00bb<\/i>, d\u00e9nonce le collectif. La FNSEA, et son pr\u00e9sident Xavier Beulin, n\u2019ont pas comment\u00e9 ce d\u00e9rapage syndical.<\/p>\n<\/div>\n<div style=\"text-align: justify\">\n<h4>Notes<\/h4>\n<div id=\"nb1\">\n<p>[<a title=\"Notes 1\" href=\"http:\/\/www.bastamag.net\/article3162.html#nh1\" rev=\"footnote\">1<\/a>]\u00a0Minga, URAVIF (Union r\u00e9gionale des associations pour la promotion et la reconnaissance des droits des Tsiganes et Gens du voyage en \u00cele-de-France) et HALEM (Habitants de Logements \u00c9ph\u00e9m\u00e8res ou Mobiles). Lire <a href=\"http:\/\/www.minga.net\/IMG\/pdf\/derapage_syndical_-_communique_du_24_juin_2013.pdf\" rel=\"external\">leur communiqu\u00e9<\/a>.<\/p>\n<\/div>\n<div id=\"nb2\">\n<p>[<a title=\"Notes 2\" href=\"http:\/\/www.bastamag.net\/article3162.html#nh2\" rev=\"footnote\">2<\/a>]\u00a0Ce type d\u2019action a malheureusement des pr\u00e9c\u00e9dents. Lire <a href=\"http:\/\/www.ladepeche.fr\/article\/2008\/07\/01\/462308-pau-du-lisier-pour-ecarter-les-evangelistes-tziganes.html\" rel=\"external\">ici<\/a>.<\/p>\n<p><em>Agn\u00e8s Rousseaux, Bastamag, 26 juin 2013<\/em><\/p>\n<\/div>\n<\/div>\n","protected":false},"excerpt":{"rendered":"<p>La FNSEA expulse des gens du voyage avec du lisier Op\u00e9ration \u00ab\u00a0R\u00e9cup\u00e9rons nos terres\u00a0!\u00a0\u00bb. Le 17 juin, une cinquantaine d\u2019agriculteurs et d\u2019\u00e9lus locaux sont venus \u00ab\u00a0d\u00e9loger\u00a0\u00bb des familles de gens du voyage, qui occupaient un bout de terrain d\u2019une exploitation agricole, dans le canton de Houdan. Avec une m\u00e9thode pour le moins exp\u00e9ditive\u00a0: ils y &hellip; <a href=\"https:\/\/fa86.noblogs.org\/?p=9420\" class=\"more-link\">Continuer la lecture de <span class=\"screen-reader-text\">D\u00e9rapage syndical : La FNSEA expulse des gens du voyage avec du lisier<\/span> <span class=\"meta-nav\">&rarr;<\/span><\/a><\/p>\n","protected":false},"author":2691,"featured_media":0,"comment_status":"open","ping_status":"open","sticky":false,"template":"","format":"standard","meta":{"footnotes":""},"categories":[16],"tags":[],"class_list":["post-9420","post","type-post","status-publish","format-standard","hentry","category-repression"],"_links":{"self":[{"href":"https:\/\/fa86.noblogs.org\/index.php?rest_route=\/wp\/v2\/posts\/9420","targetHints":{"allow":["GET"]}}],"collection":[{"href":"https:\/\/fa86.noblogs.org\/index.php?rest_route=\/wp\/v2\/posts"}],"about":[{"href":"https:\/\/fa86.noblogs.org\/index.php?rest_route=\/wp\/v2\/types\/post"}],"author":[{"embeddable":true,"href":"https:\/\/fa86.noblogs.org\/index.php?rest_route=\/wp\/v2\/users\/2691"}],"replies":[{"embeddable":true,"href":"https:\/\/fa86.noblogs.org\/index.php?rest_route=%2Fwp%2Fv2%2Fcomments&post=9420"}],"version-history":[{"count":2,"href":"https:\/\/fa86.noblogs.org\/index.php?rest_route=\/wp\/v2\/posts\/9420\/revisions"}],"predecessor-version":[{"id":9422,"href":"https:\/\/fa86.noblogs.org\/index.php?rest_route=\/wp\/v2\/posts\/9420\/revisions\/9422"}],"wp:attachment":[{"href":"https:\/\/fa86.noblogs.org\/index.php?rest_route=%2Fwp%2Fv2%2Fmedia&parent=9420"}],"wp:term":[{"taxonomy":"category","embeddable":true,"href":"https:\/\/fa86.noblogs.org\/index.php?rest_route=%2Fwp%2Fv2%2Fcategories&post=9420"},{"taxonomy":"post_tag","embeddable":true,"href":"https:\/\/fa86.noblogs.org\/index.php?rest_route=%2Fwp%2Fv2%2Ftags&post=9420"}],"curies":[{"name":"wp","href":"https:\/\/api.w.org\/{rel}","templated":true}]}}