{"id":9429,"date":"2013-06-26T09:51:17","date_gmt":"2013-06-26T07:51:17","guid":{"rendered":"http:\/\/fa86.noblogs.org\/?p=9429"},"modified":"2013-06-26T09:51:17","modified_gmt":"2013-06-26T07:51:17","slug":"poitiers-chu-greve-suspendue","status":"publish","type":"post","link":"https:\/\/fa86.noblogs.org\/?p=9429","title":{"rendered":"[Poitiers] CHU : gr\u00e8ve suspendue&#8230;"},"content":{"rendered":"<p style=\"text-align: justify\"><em><strong>NdPN<\/strong> : deux mois de suspension de la gr\u00e8ve annonc\u00e9s par l&rsquo;intersyndicale CFDT-CGT-FO, pour un \u00ab\u00a0d\u00e9briefing\u00a0\u00bb et une \u00ab\u00a0p\u00e9tition\u00a0\u00bb, alors m\u00eame que l&rsquo;action \u00e0 l&rsquo;ARS avait relev\u00e9 d&rsquo;un cran le rapport de force : c&rsquo;est \u00e0 n&rsquo;y rien comprendre.<\/em><\/p>\n<p style=\"text-align: justify\"><a href=\"http:\/\/www.lanouvellerepublique.fr\/Vienne\/Actualite\/Sante\/n\/Contenus\/Articles\/2013\/06\/26\/CHU-la-greve-suspendue-pendant-l-ete-1525796\" target=\"_blank\"><strong>CHU : la gr\u00e8ve suspendue pendant l&rsquo;\u00e9t\u00e9<\/strong><\/a><\/p>\n<p style=\"text-align: justify\">Suspendue jusqu&rsquo;\u00e0 nouvel ordre\u2026 Apr\u00e8s cinq jours de gr\u00e8ve, les hospitaliers du CHU et du CH Laborit de Poitiers ont d\u00e9cid\u00e9 d&rsquo;interrompre leur mouvement pendant les mois de juillet et ao\u00fbt. Ils ne vont pas pour autant rester inactifs et comptent bien continuer \u00e0 faire passer le message sur <i>\u00ab\u00a0la d\u00e9gradation de [leurs] conditions de travail et le manque de personnel dans les services\u00a0\u00bb<\/i>. Hier midi, les militants et repr\u00e9sentants des syndicats CGT, CFDT et FO ont organis\u00e9 un pique-nique\/bilan sur la pelouse du CHU face \u00e0 la Gentilhommi\u00e8re. Un temps n\u00e9cessaire pour envisager des actions possibles pendant l&rsquo;\u00e9t\u00e9 \u2013 notamment continuer \u00e0 interpeller les usagers en faisant signer une p\u00e9tition \u2013 mais aussi pour faire un d\u00e9briefing apr\u00e8s la manifestation qui s&rsquo;est d\u00e9roul\u00e9e lundi dans les locaux de l&rsquo;Agence r\u00e9gionale de sant\u00e9 (*) et la rencontre l&rsquo;apr\u00e8s-midi avec le d\u00e9put\u00e9 maire Alain Claeys.<\/p>\n<p style=\"text-align: justify\"><i>(*) Dans un communiqu\u00e9, Fran\u00e7ois-Emmanuel Blanc, directeur g\u00e9n\u00e9ral de l&rsquo;ARS, pr\u00e9cise\u2009: \u00ab\u00a0Avant les faits, une d\u00e9l\u00e9gation venait d&rsquo;\u00eatre re\u00e7ue par le conseil de surveillance de l&rsquo;ARS, conform\u00e9ment \u00e0 la demande de l&rsquo;intersyndicale, qui n&rsquo;a donc pas trouv\u00e9 porte close. L&rsquo;ARS a donc \u00e9t\u00e9 surprise des faits qui se sont ensuivis puisque le conseil de surveillance avait justement acc\u00e9d\u00e9 \u00e0 la demande de l&rsquo;intersyndicale.\u00a0\u00bb<\/i><\/p>\n<p style=\"text-align: justify\"><b>21\u2009% du personnel \u00e9tait en gr\u00e8ve lundi (504\u00a0personnes assign\u00e9es).<\/b><\/p>\n<p style=\"text-align: justify\"><em>Nouvelle R\u00e9publique, 26 juin 2013<\/em><\/p>\n","protected":false},"excerpt":{"rendered":"<p>NdPN : deux mois de suspension de la gr\u00e8ve annonc\u00e9s par l&rsquo;intersyndicale CFDT-CGT-FO, pour un \u00ab\u00a0d\u00e9briefing\u00a0\u00bb et une \u00ab\u00a0p\u00e9tition\u00a0\u00bb, alors m\u00eame que l&rsquo;action \u00e0 l&rsquo;ARS avait relev\u00e9 d&rsquo;un cran le rapport de force : c&rsquo;est \u00e0 n&rsquo;y rien comprendre. CHU : la gr\u00e8ve suspendue pendant l&rsquo;\u00e9t\u00e9 Suspendue jusqu&rsquo;\u00e0 nouvel ordre\u2026 Apr\u00e8s cinq jours de gr\u00e8ve, &hellip; <a href=\"https:\/\/fa86.noblogs.org\/?p=9429\" class=\"more-link\">Continuer la lecture de <span class=\"screen-reader-text\">[Poitiers] CHU : gr\u00e8ve suspendue&#8230;<\/span> <span class=\"meta-nav\">&rarr;<\/span><\/a><\/p>\n","protected":false},"author":2691,"featured_media":0,"comment_status":"open","ping_status":"open","sticky":false,"template":"","format":"standard","meta":{"footnotes":""},"categories":[9],"tags":[],"class_list":["post-9429","post","type-post","status-publish","format-standard","hentry","category-la-rue-grogne"],"_links":{"self":[{"href":"https:\/\/fa86.noblogs.org\/index.php?rest_route=\/wp\/v2\/posts\/9429","targetHints":{"allow":["GET"]}}],"collection":[{"href":"https:\/\/fa86.noblogs.org\/index.php?rest_route=\/wp\/v2\/posts"}],"about":[{"href":"https:\/\/fa86.noblogs.org\/index.php?rest_route=\/wp\/v2\/types\/post"}],"author":[{"embeddable":true,"href":"https:\/\/fa86.noblogs.org\/index.php?rest_route=\/wp\/v2\/users\/2691"}],"replies":[{"embeddable":true,"href":"https:\/\/fa86.noblogs.org\/index.php?rest_route=%2Fwp%2Fv2%2Fcomments&post=9429"}],"version-history":[{"count":2,"href":"https:\/\/fa86.noblogs.org\/index.php?rest_route=\/wp\/v2\/posts\/9429\/revisions"}],"predecessor-version":[{"id":9431,"href":"https:\/\/fa86.noblogs.org\/index.php?rest_route=\/wp\/v2\/posts\/9429\/revisions\/9431"}],"wp:attachment":[{"href":"https:\/\/fa86.noblogs.org\/index.php?rest_route=%2Fwp%2Fv2%2Fmedia&parent=9429"}],"wp:term":[{"taxonomy":"category","embeddable":true,"href":"https:\/\/fa86.noblogs.org\/index.php?rest_route=%2Fwp%2Fv2%2Fcategories&post=9429"},{"taxonomy":"post_tag","embeddable":true,"href":"https:\/\/fa86.noblogs.org\/index.php?rest_route=%2Fwp%2Fv2%2Ftags&post=9429"}],"curies":[{"name":"wp","href":"https:\/\/api.w.org\/{rel}","templated":true}]}}