{"id":9436,"date":"2013-06-26T20:36:49","date_gmt":"2013-06-26T18:36:49","guid":{"rendered":"http:\/\/fa86.noblogs.org\/?p=9436"},"modified":"2013-06-26T20:36:49","modified_gmt":"2013-06-26T18:36:49","slug":"dal-86-lettre-du-dal86-au-prefet-de-la-vienne-24-06-13","status":"publish","type":"post","link":"https:\/\/fa86.noblogs.org\/?p=9436","title":{"rendered":"[DAL 86] Lettre du Dal86 au pr\u00e9fet de la Vienne 24-06-13"},"content":{"rendered":"<p style=\"text-align: justify\"><a href=\"http:\/\/dal86.fr\/2013\/06\/24\/lettre-du-dal86-au-prefet-de-la-vienne-24-06-13\/\" target=\"_blank\"><strong>Lettre du Dal86 au pr\u00e9fet de la Vienne 24-06-13<\/strong><\/a><\/p>\n<p style=\"text-align: justify\">Droit Au Logement 86 Maison de la Solidarit\u00e9 22 rue du Pigeon Blanc 86000 POITIERS dal86@free.fr \u2013 www.dal86.fr<\/p>\n<p style=\"text-align: justify\">\u00e0 Monsieur le Pr\u00e9fet de la Vienne Pr\u00e9fecture 1 place Aristide Briand 86000 POITIERS<\/p>\n<p style=\"text-align: justify\">Poitiers, le 24 juin 2013<\/p>\n<p style=\"text-align: justify\">Monsieur le pr\u00e9fet de la Vienne,<\/p>\n<p style=\"text-align: justify\">une d\u00e9l\u00e9gation d\u2019Europe \u00c9cologie-Les Verts que vous avez re\u00e7ue le 30 mai dernier, nous a inform\u00e9 que vous \u00e9tiez pr\u00eat \u00e0 recevoir, dans le cadre de l\u2019application de la circulaire interminist\u00e9rielle NOR NTK1233053C du 26\/08\/2012 relative \u00e0 l\u2019anticipation et \u00e0 l\u2019accompagnement des op\u00e9rations d\u2019\u00e9vacuation des campements illicites, une d\u00e9l\u00e9gation de trois associations accompagnant les Roms en grande pr\u00e9carit\u00e9 dont Dal86.<\/p>\n<p style=\"text-align: justify\">Nous ne voulons pas perdre du temps \u00e0 discuter alors que vous avez tous les \u00e9l\u00e9ments en main et nous ne voulons pas servir d\u2019alibi \u00e0 cette politique hors la loi et inhumaine que nous r\u00e9prouvons. Les lois existent et il vous faut les appliquer.<\/p>\n<p style=\"text-align: justify\">Vous n\u2019\u00eates pas sans conna\u00eetre les carences du 115 et du SAIO, et l\u2019indignit\u00e9 du CHUS. D\u2019abord, l\u2019accueil inconditionnel et p\u00e9renne pr\u00e9vu par la loi est tr\u00e8s d\u00e9ficient. Puisqu\u2019il n\u2019y a que 27 places d\u2019accueil d\u2019urgence sur Poitiers, les refus, aussi bien de personnes seules que de familles, sont nombreux et si les femmes et les enfants h\u00e9berg\u00e9s le sont tous les soirs, le manque de places fait que les hommes \u00ab\u00a0tournent\u00a0\u00bb et ne sont h\u00e9berg\u00e9s qu\u2019un jour sur deux voire, qu\u2019un jour sur 3 ou 4.<\/p>\n<p style=\"text-align: justify\">Ensuite, malgr\u00e9 la loi qui pr\u00e9voit un \u00ab\u00a0accueil digne\u00a0\u00bb, les locaux du CHUS sont tr\u00e8s v\u00e9tustes et la vie en dortoirs s\u00e9pare les couples et les familles. Les personnes et les familles doivent sortir \u00e0 10h30 le matin et ne pas y revenir avant 16h15 et pas apr\u00e8s 21h, et, malgr\u00e9 la loi qui, outre le g\u00eete et l\u2019hygi\u00e8ne, pr\u00e9voit le couvert, il n\u2019y a pas de repas servis le soir ni a fortiori le midi.<\/p>\n<p style=\"text-align: justify\">Enfin, le SIAO est asphyxi\u00e9 par le nombre des demandes et ne permet pas comme la loi y oblige une orientation \u00ab vers une structure d\u2019h\u00e9bergement stable ou de soins, ou vers un logement, adapt\u00e9s \u00e0 sa situation \u00bb.<\/p>\n<p style=\"text-align: justify\">D\u2019autre part vos services, les travailleurs sociaux et les associations subventionn\u00e9es, connaissent parfaitement les dossiers des personnes.<\/p>\n<p style=\"text-align: justify\">Nous pensons que maintenant il faut des actes. Dal86 milite pour un toit pour tous. En particulier pour un 115-CHUS et un SIAO efficaces et dignes. Pr\u00e9cis\u00e9ment, pour une prise en charge inconditionnelle et p\u00e9renne \u2013 c\u2019est-\u00e0-dire, un logement d\u00e9cent et les moyens de vivre dignement \u2013 de toutes les familles et personnes seules qui le n\u00e9cessitent, comme la loi le pr\u00e9voit.<\/p>\n<p style=\"text-align: justify\">Dans un premier temps, Dal86 ni ne voulant ni ne pouvant se substituer aux familles, voulait vous transmettre leur invitation \u00e0 venir les rencontrer sur place afin de constater la situation et de leur faire des propositions concr\u00e8tes de logement, mais aussi afin qu\u2019elles puissent vivre dignement.<\/p>\n<p style=\"text-align: justify\">Mais aujourd\u2019hui ce n\u2019est plus possible. Vous aviez, monsieur S\u00e9guy, pr\u00e9cis\u00e9 au journal du 13 mai 19h de France 3 Poitou-Charentes que vous \u00ab\u00a0n\u2019expulserez pas les roms par avion dans leur pays\u00a0\u00bb. Or, mardi dernier 11 juin, Florin, qui habite le squat des Gli\u00e8res avec ses deux enfants de 4 et 8 ans et leur m\u00e8re, est contr\u00f4l\u00e9 \u00e0 la gare de Poitiers par la police puis conduit au commissariat. On lui signifie qu\u2019il a une OQTF et il est envoy\u00e9 \u00e0 Paris en centre de r\u00e9tention et a \u00e9t\u00e9 expuls\u00e9 vendredi 14 juin par avion en Roumanie.<\/p>\n<p style=\"text-align: justify\">Les familles ne voient donc pas l\u2019int\u00e9r\u00eat qu\u2019elle auraient \u00e0 rencontrer quelqu\u2019un qui ment de la sorte.<\/p>\n<p style=\"text-align: justify\">Dal86 consid\u00e8re que l\u2019une des premi\u00e8res choses \u00e0 faire serait de r\u00e9quisitionner les logements vacants en particulier l\u2019ex-foyer l\u2019Etape et la maison du 26 avenue du plateau des Gli\u00e8res et de donner les moyens \u00e0 ces familles et personnes seules de s\u2019organiser ensemble.<\/p>\n<p style=\"text-align: justify\">Cordialement,<\/p>\n<p style=\"text-align: justify\">DAL86<\/p>\n<p style=\"text-align: justify\"><em>Vu sur DAL 86, 24 juin 2013<\/em><\/p>\n","protected":false},"excerpt":{"rendered":"<p>Lettre du Dal86 au pr\u00e9fet de la Vienne 24-06-13 Droit Au Logement 86 Maison de la Solidarit\u00e9 22 rue du Pigeon Blanc 86000 POITIERS dal86@free.fr \u2013 www.dal86.fr \u00e0 Monsieur le Pr\u00e9fet de la Vienne Pr\u00e9fecture 1 place Aristide Briand 86000 POITIERS Poitiers, le 24 juin 2013 Monsieur le pr\u00e9fet de la Vienne, une d\u00e9l\u00e9gation d\u2019Europe &hellip; <a href=\"https:\/\/fa86.noblogs.org\/?p=9436\" class=\"more-link\">Continuer la lecture de <span class=\"screen-reader-text\">[DAL 86] Lettre du Dal86 au pr\u00e9fet de la Vienne 24-06-13<\/span> <span class=\"meta-nav\">&rarr;<\/span><\/a><\/p>\n","protected":false},"author":2691,"featured_media":0,"comment_status":"open","ping_status":"open","sticky":false,"template":"","format":"standard","meta":{"footnotes":""},"categories":[11,12,16,29],"tags":[],"class_list":["post-9436","post","type-post","status-publish","format-standard","hentry","category-ni-patrie-ni-frontiere","category-okupa-y-resiste","category-repression","category-un-toit-pour-tou-te-s"],"_links":{"self":[{"href":"https:\/\/fa86.noblogs.org\/index.php?rest_route=\/wp\/v2\/posts\/9436","targetHints":{"allow":["GET"]}}],"collection":[{"href":"https:\/\/fa86.noblogs.org\/index.php?rest_route=\/wp\/v2\/posts"}],"about":[{"href":"https:\/\/fa86.noblogs.org\/index.php?rest_route=\/wp\/v2\/types\/post"}],"author":[{"embeddable":true,"href":"https:\/\/fa86.noblogs.org\/index.php?rest_route=\/wp\/v2\/users\/2691"}],"replies":[{"embeddable":true,"href":"https:\/\/fa86.noblogs.org\/index.php?rest_route=%2Fwp%2Fv2%2Fcomments&post=9436"}],"version-history":[{"count":2,"href":"https:\/\/fa86.noblogs.org\/index.php?rest_route=\/wp\/v2\/posts\/9436\/revisions"}],"predecessor-version":[{"id":9438,"href":"https:\/\/fa86.noblogs.org\/index.php?rest_route=\/wp\/v2\/posts\/9436\/revisions\/9438"}],"wp:attachment":[{"href":"https:\/\/fa86.noblogs.org\/index.php?rest_route=%2Fwp%2Fv2%2Fmedia&parent=9436"}],"wp:term":[{"taxonomy":"category","embeddable":true,"href":"https:\/\/fa86.noblogs.org\/index.php?rest_route=%2Fwp%2Fv2%2Fcategories&post=9436"},{"taxonomy":"post_tag","embeddable":true,"href":"https:\/\/fa86.noblogs.org\/index.php?rest_route=%2Fwp%2Fv2%2Ftags&post=9436"}],"curies":[{"name":"wp","href":"https:\/\/api.w.org\/{rel}","templated":true}]}}