{"id":9439,"date":"2013-06-27T10:10:08","date_gmt":"2013-06-27T08:10:08","guid":{"rendered":"http:\/\/fa86.noblogs.org\/?p=9439"},"modified":"2013-06-27T10:10:08","modified_gmt":"2013-06-27T08:10:08","slug":"clermont-les-salaries-de-michelin-accueillis-par-des-lacrymos","status":"publish","type":"post","link":"https:\/\/fa86.noblogs.org\/?p=9439","title":{"rendered":"[Clermont] Les salari\u00e9s de Michelin accueillis par des lacrymos"},"content":{"rendered":"<p style=\"text-align: justify\"><em><strong>NdPN<\/strong> : une vid\u00e9o de la Nouvelle R\u00e9publique <a href=\"http:\/\/www.lanouvellerepublique.fr\/Vienne\/Actualite\/24-Heures\/n\/Contenus\/Articles\/2013\/06\/26\/VIDEO.-Manifestation-sous-tension-des-Michelin-tourangeaux-a-Clermont-1526403\" target=\"_blank\"><strong>ici<\/strong><\/a>.<\/em><\/p>\n<p style=\"text-align: justify\"><a href=\"http:\/\/www.lanouvellerepublique.fr\/Vienne\/Actualite\/Economie-social\/n\/Contenus\/Articles\/2013\/06\/26\/Michelin-les-salaries-tourangeaux-manifestent-a-Clermont-1526293\" target=\"_blank\"><strong>Michelin : les salari\u00e9s tourangeaux manifestent \u00e0 Clermont<\/strong><\/a><\/p>\n<p id=\"articleChapo\" style=\"text-align: justify\">D\u00e9non\u00e7ant la suppression de 730 postes sur le site de Jou\u00e9-l\u00e8s-Tours, ils se rendent en Auvergne, au si\u00e8ge de Michelin, \u00e0 l&rsquo;occasion d&rsquo;un comit\u00e9 d&rsquo;entreprise exceptionnel.<\/p>\n<p style=\"text-align: justify\">Les 400 salari\u00e9s de l&rsquo;usine Michelin de Jou\u00e9-l\u00e8s-Tours sont arriv\u00e9s \u00e0 Clermont-Ferrand en milieu de matin\u00e9e, ce mercredi. Les huit bus venus de Touraine et celui parti de Poitiers ont rejoint les autres cars venus des quatre coins de France. Toutes les usines du groupe sont repr\u00e9sent\u00e9es (La Roche-sur-Yon, Cholet, Montceau-les-Mines etc.). La production est arr\u00eat\u00e9e dans plusieurs sites. Les Michelin scandent tous : <b>\u00ab\u00a0non, non, non, \u00e0 la fermeture de Tours ! \u00ab\u00a0<\/b><\/p>\n<div id=\"text\" style=\"text-align: justify\">\n<p>Ils manifestent dans Clermont et doivent se rendre au si\u00e8ge de l&rsquo;entreprise (Place des Carmes Dechaux) o\u00f9 se tiendra le comit\u00e9 central. Le cort\u00e8ge est compos\u00e9 par les pr\u00e8s de 400 Tourangeaux et plus de 300 autres \u00ab\u00a0Michelin\u00a0\u00bb, venus de toute la France. <b>\u00a0\u00ab\u00a0On veut du pognon\u00a0\u00bb<\/b> peut-on entendre dans le cort\u00e8ge tr\u00e8s anim\u00e9, et suivi par de nombreux journalistes. [&#8230;]<\/p>\n<p><a href=\"https:\/\/fa86.noblogs.org\/files\/2013\/06\/michelin-0.jpg\"><img loading=\"lazy\" decoding=\"async\" class=\"alignnone size-full wp-image-9440\" alt=\"michelin 0\" src=\"https:\/\/fa86.noblogs.org\/files\/2013\/06\/michelin-0.jpg\" width=\"360\" height=\"269\" srcset=\"https:\/\/fa86.noblogs.org\/files\/2013\/06\/michelin-0.jpg 360w, https:\/\/fa86.noblogs.org\/files\/2013\/06\/michelin-0-300x224.jpg 300w\" sizes=\"auto, (max-width: 360px) 100vw, 360px\" \/><\/a><\/p>\n<p><em>Nouvelle R\u00e9publique (86), 26 juin 2013<\/em><\/p>\n<\/div>\n<p style=\"text-align: justify\"><a href=\"http:\/\/www.lanouvellerepublique.fr\/Indre-et-Loire\/Actualite\/Economie-social\/n\/Contenus\/Articles\/2013\/06\/26\/Les-Michelin-surpris-d-avoir-ete-recus-par-les-CRS-1526410\" target=\"_blank\"><strong>Les Michelin \u00ab\u00a0surpris\u00a0\u00bb d&rsquo;avoir \u00e9t\u00e9 re\u00e7us par les CRS<\/strong><\/a><\/p>\n<p style=\"text-align: justify\">Pr\u00e8s de 400 salari\u00e9s de Michelin de Jou\u00e9-l\u00e8s-Tours et Poitiers se sont rendus \u00e0 Clermont-Ferrand ce mercredi. Ils ont manifest\u00e9 jusqu&rsquo;au pied du si\u00e8ge de l&rsquo;entreprise, o\u00f9 quelques heurts ont eu lieu. R\u00e9actions.<\/p>\n<p style=\"text-align: justify\"><b>\u00ab\u00a0On est heureux d&rsquo;avoir \u00e9t\u00e9 accueillis par les lacrymo\u00a0\u00bb,<\/b> commentent, non sans ironie, Bruno et Serge, deux salari\u00e9s Michelin de l&rsquo;usine de Jou\u00e9-l\u00e8s-Tours. Ce mercredi matin, ils ont pris le car pour se rendre \u00e0 Clermont-Ferrand comme <a title=\"Michelin : les salari\u00e9s tourangeaux manifestent \u00e0 Clermont (Nouvelle fen\u00eatre)\" href=\"http:\/\/www.lanouvellerepublique.fr\/Indre-et-Loire\/Actualite\/Economie-social\/n\/Contenus\/Articles\/2013\/06\/26\/Michelin-les-salaries-tourangeaux-manifestent-a-Clermont-1526293\" target=\"_blank\">\u00a0pr\u00e8s de 400 autres travailleurs Tourangeaux.<\/a><\/p>\n<p style=\"text-align: justify\">Ils ont \u00e9t\u00e9 rejoints par de <b>nombreux salari\u00e9s des autres sites fran\u00e7ais<\/b>. Tous &#8211; 750 selon la police, plus de 1.000 voire 2.000 selon les syndicats &#8211; ont cri\u00e9 leur opposition \u00e0 la fermeture du site de Touraine. C&rsquo;est \u00e0 l&rsquo;arriv\u00e9e du cort\u00e8ge au pied du si\u00e8ge de l&rsquo;entreprise que quelques heurts ont eu lieu. Aux <b>jets d&rsquo;\u0153ufs et de farine<\/b>, \u00e0 la bousculade devant la grille baiss\u00e9e du b\u00e2timent, les forces de l&rsquo;ordre ont r\u00e9pondu par des pulv\u00e9risations de <b>gaz lacrymog\u00e8nes.<\/b> La direction avait m\u00eame fait entrer des fourgons de CRS \u00e0 l&rsquo;int\u00e9rieur des locaux du si\u00e8ge.<\/p>\n<p style=\"text-align: justify\"><a href=\"https:\/\/fa86.noblogs.org\/files\/2013\/06\/michelin-1.jpg\"><img loading=\"lazy\" decoding=\"async\" class=\"alignnone size-full wp-image-9441\" alt=\"michelin 1\" src=\"https:\/\/fa86.noblogs.org\/files\/2013\/06\/michelin-1.jpg\" width=\"360\" height=\"269\" srcset=\"https:\/\/fa86.noblogs.org\/files\/2013\/06\/michelin-1.jpg 360w, https:\/\/fa86.noblogs.org\/files\/2013\/06\/michelin-1-300x224.jpg 300w\" sizes=\"auto, (max-width: 360px) 100vw, 360px\" \/><\/a><\/p>\n<p style=\"text-align: justify\">A l&rsquo;heure du d\u00e9jeuner,<b>\u00a0le calme \u00e9tait revenu devant le si\u00e8ge de Michelin.<\/b> Les salari\u00e9s ont pique-niqu\u00e9 avant de remonter dans leurs cars. Ils devaient quitter la capitale auvergnate vers 14h30.<\/p>\n<p style=\"text-align: justify\">Onze salari\u00e9s de Jou\u00e9-l\u00e8s-Tours restaient sur place. Ils ont \u00e9t\u00e9 re\u00e7us par le directeur des ressources humaines France, St\u00e9phane Roy de la Chaise. Le <a title=\"Un comit\u00e9 central tr\u00e8s attendu (Nouvelle fen\u00eatre)\" href=\"http:\/\/www.lanouvellerepublique.fr\/Indre-et-Loire\/Actualite\/Economie-social\/n\/Contenus\/Articles\/2013\/06\/26\/Michelin-un-comite-central-tres-attendu-a-Clermont-1525952\" target=\"_blank\">comit\u00e9 central d&rsquo;\u00e9tablissement <\/a>se poursuit cet apr\u00e8s-midi. La direction n&rsquo;a pour l&rsquo;instant pas fait de \u00ab\u00a0d\u00e9claration fracassante\u00a0\u00bb.<\/p>\n<p style=\"text-align: justify\">\u00ab\u00a0On passe de mauvaises nuits\u00a0\u00bb<\/p>\n<p style=\"text-align: justify\">Michel, 50 ans, de Jou\u00e9-l\u00e8s-Tours, a particip\u00e9 \u00e0 cette manifestation. Il commente\u00a0 :\u00a0 \u00ab\u00a0on croyait \u00eatre dans une usine familiale. <b>On est surpris d&rsquo;\u00eatre re\u00e7us par les CRS<\/b>. On \u00e9tait fiers de notre bo\u00eete, on a fait des efforts, les trois huit&#8230;\u00a0\u00bb<\/p>\n<p style=\"text-align: justify\">Fr\u00e9d\u00e9ric, 41 ans, explique : \u00ab\u00a0si je pars travailler ailleurs, je perds ma femme. Je vais rester \u00e0 Jou\u00e9, car<b>\u00a0j&rsquo;ai plus confiance en ma famille qu&rsquo;en mon emploi.<\/b>\u00ab\u00a0<\/p>\n<p style=\"text-align: justify\">Parlant d&rsquo;une m\u00eame voix, Bruno et Serge la cinquantaine, soulignent\u00a0 : \u00ab\u00a0<b>On para\u00eet bon vivant comme \u00e7a mais on est en col\u00e8re d&rsquo;\u00eatre jet\u00e9s comme des chiens.<\/b>\u00a0\u00bb Ils poursuivent : \u00ab\u00a0On passe de mauvaises nuits. On est<b>\u00a0trop jeunes pour la retraite, trop vieux pour retrouver emploi.<\/b> De toute mani\u00e8re, on ne d\u00e9m\u00e9nagera pas. La communication nationale de Michelin insiste sur le fait qu&rsquo;on sera reclass\u00e9, que c&rsquo;est pas grave. Mais au pied du mur, on voit les vies qu&rsquo;on a construit en Touraine d\u00e9truites. <b>\u00c0 nos \u00e2ges, c&rsquo;est tr\u00e8s dur<\/b>. Faudra regarder ce qu&rsquo;on est devenu dans deux ans.\u00a0\u00bb<\/p>\n<p style=\"text-align: justify\">Ren\u00e9, retrait\u00e9 clermontois de chez Michelin, commente pour sa part :\u00a0 \u00ab\u00a0je ne comprends pas. Quand j&rsquo;ai quitt\u00e9 l&rsquo;entreprise, <b>beaucoup de gens voulaient aller \u00e0 Tours.<\/b> Le site \u00e9tait moderne, c&rsquo;\u00e9tait l&rsquo;avenir&#8230; D&rsquo;un autre c\u00f4t\u00e9, \u00e0 Clermont, aussi on d\u00e9graisse gentiment.\u00a0 Sans bruit car il n&rsquo;y a pas de plan, seulement des non remplacements. On \u00e9tait 30.000, ils ne sont plus que 12.000&#8230; C&rsquo;est malheureux.\u00a0\u00bb [&#8230;]<\/p>\n<p style=\"text-align: justify\"><em>Nouvelle R\u00e9publique (Indre-et-Loire), C\u00e9cile Lasceve, 26 juin 2013<\/em><\/p>\n<p style=\"text-align: justify\">[&#8230;] Devant les locaux de la Place des Carmes Dechaux, ils ont \u00e9t\u00e9 accueillis par un cordon de CRS et par une grille baiss\u00e9e.<\/p>\n<p style=\"text-align: justify\"><a href=\"https:\/\/fa86.noblogs.org\/files\/2013\/06\/michelin-2.jpg\"><img loading=\"lazy\" decoding=\"async\" class=\"alignnone size-full wp-image-9442\" alt=\"michelin 2\" src=\"https:\/\/fa86.noblogs.org\/files\/2013\/06\/michelin-2.jpg\" width=\"600\" height=\"450\" srcset=\"https:\/\/fa86.noblogs.org\/files\/2013\/06\/michelin-2.jpg 600w, https:\/\/fa86.noblogs.org\/files\/2013\/06\/michelin-2-300x225.jpg 300w\" sizes=\"auto, (max-width: 600px) 100vw, 600px\" \/><\/a><\/p>\n<p style=\"text-align: justify\">Une grille que certains manifestants ont essay\u00e9 de faire tomber.<\/p>\n<p style=\"text-align: justify\"><a href=\"https:\/\/fa86.noblogs.org\/files\/2013\/06\/michelin-22.jpg\"><img loading=\"lazy\" decoding=\"async\" class=\"alignnone size-full wp-image-9443\" alt=\"michelin 22\" src=\"https:\/\/fa86.noblogs.org\/files\/2013\/06\/michelin-22.jpg\" width=\"488\" height=\"365\" srcset=\"https:\/\/fa86.noblogs.org\/files\/2013\/06\/michelin-22.jpg 488w, https:\/\/fa86.noblogs.org\/files\/2013\/06\/michelin-22-300x224.jpg 300w\" sizes=\"auto, (max-width: 488px) 100vw, 488px\" \/><\/a><\/p>\n<p style=\"text-align: justify\">Farine et oeufs ont \u00e9t\u00e9 jet\u00e9s. Un affrontement assez violent a alors commenc\u00e9 avec les forces de l&rsquo;ordre, qui n&rsquo;ont pas h\u00e9sit\u00e9 \u00e0 utiliser leurs gaz lacrymog\u00e8nes pour disperser les salari\u00e9s.<\/p>\n<p style=\"text-align: justify\"><a href=\"https:\/\/fa86.noblogs.org\/files\/2013\/06\/michelin-3.jpg\"><img loading=\"lazy\" decoding=\"async\" class=\"alignnone size-full wp-image-9444\" alt=\"michelin 3\" src=\"https:\/\/fa86.noblogs.org\/files\/2013\/06\/michelin-3.jpg\" width=\"599\" height=\"337\" srcset=\"https:\/\/fa86.noblogs.org\/files\/2013\/06\/michelin-3.jpg 599w, https:\/\/fa86.noblogs.org\/files\/2013\/06\/michelin-3-300x168.jpg 300w\" sizes=\"auto, (max-width: 599px) 100vw, 599px\" \/><\/a><\/p>\n<p style=\"text-align: justify\"><em><a href=\"http:\/\/www.lanouvellerepublique.fr\/Vienne\/Actualite\/Economie-social\/n\/Contenus\/Articles\/2013\/06\/26\/Manifestation-des-Michelin-a-Clermont-ca-chauffe-1526361\" target=\"_blank\">Nouvelle R\u00e9publique <\/a>(R\u00e9daction 37), 26 juin 2013<\/em><\/p>\n","protected":false},"excerpt":{"rendered":"<p>NdPN : une vid\u00e9o de la Nouvelle R\u00e9publique ici. Michelin : les salari\u00e9s tourangeaux manifestent \u00e0 Clermont D\u00e9non\u00e7ant la suppression de 730 postes sur le site de Jou\u00e9-l\u00e8s-Tours, ils se rendent en Auvergne, au si\u00e8ge de Michelin, \u00e0 l&rsquo;occasion d&rsquo;un comit\u00e9 d&rsquo;entreprise exceptionnel. Les 400 salari\u00e9s de l&rsquo;usine Michelin de Jou\u00e9-l\u00e8s-Tours sont arriv\u00e9s \u00e0 Clermont-Ferrand &hellip; <a href=\"https:\/\/fa86.noblogs.org\/?p=9439\" class=\"more-link\">Continuer la lecture de <span class=\"screen-reader-text\">[Clermont] Les salari\u00e9s de Michelin accueillis par des lacrymos<\/span> <span class=\"meta-nav\">&rarr;<\/span><\/a><\/p>\n","protected":false},"author":2691,"featured_media":0,"comment_status":"open","ping_status":"open","sticky":false,"template":"","format":"standard","meta":{"footnotes":""},"categories":[9,22,16],"tags":[],"class_list":["post-9439","post","type-post","status-publish","format-standard","hentry","category-la-rue-grogne","category-le-travail-tue","category-repression"],"_links":{"self":[{"href":"https:\/\/fa86.noblogs.org\/index.php?rest_route=\/wp\/v2\/posts\/9439","targetHints":{"allow":["GET"]}}],"collection":[{"href":"https:\/\/fa86.noblogs.org\/index.php?rest_route=\/wp\/v2\/posts"}],"about":[{"href":"https:\/\/fa86.noblogs.org\/index.php?rest_route=\/wp\/v2\/types\/post"}],"author":[{"embeddable":true,"href":"https:\/\/fa86.noblogs.org\/index.php?rest_route=\/wp\/v2\/users\/2691"}],"replies":[{"embeddable":true,"href":"https:\/\/fa86.noblogs.org\/index.php?rest_route=%2Fwp%2Fv2%2Fcomments&post=9439"}],"version-history":[{"count":1,"href":"https:\/\/fa86.noblogs.org\/index.php?rest_route=\/wp\/v2\/posts\/9439\/revisions"}],"predecessor-version":[{"id":9445,"href":"https:\/\/fa86.noblogs.org\/index.php?rest_route=\/wp\/v2\/posts\/9439\/revisions\/9445"}],"wp:attachment":[{"href":"https:\/\/fa86.noblogs.org\/index.php?rest_route=%2Fwp%2Fv2%2Fmedia&parent=9439"}],"wp:term":[{"taxonomy":"category","embeddable":true,"href":"https:\/\/fa86.noblogs.org\/index.php?rest_route=%2Fwp%2Fv2%2Fcategories&post=9439"},{"taxonomy":"post_tag","embeddable":true,"href":"https:\/\/fa86.noblogs.org\/index.php?rest_route=%2Fwp%2Fv2%2Ftags&post=9439"}],"curies":[{"name":"wp","href":"https:\/\/api.w.org\/{rel}","templated":true}]}}