{"id":9446,"date":"2013-06-27T10:13:05","date_gmt":"2013-06-27T08:13:05","guid":{"rendered":"http:\/\/fa86.noblogs.org\/?p=9446"},"modified":"2013-06-27T10:13:05","modified_gmt":"2013-06-27T08:13:05","slug":"86-mai-croissance-du-chomage","status":"publish","type":"post","link":"https:\/\/fa86.noblogs.org\/?p=9446","title":{"rendered":"[86] Mai : croissance&#8230; du ch\u00f4mage"},"content":{"rendered":"<p style=\"text-align: justify\"><a href=\"http:\/\/www.lanouvellerepublique.fr\/Vienne\/Services\/Toutes-les-DMAs\/n\/Contenus\/DMAs\/2013\/06\/26\/17.814-demandeurs-d-emploi-fin-mai-dans-la-Vienne-1526487\" target=\"_blank\"><strong>17.814\u00a0demandeurs d&#8217;emploi fin mai dans la Vienne<\/strong><\/a><\/p>\n<p style=\"text-align: justify\">Les statistiques du ch\u00f4mage viennent d&rsquo;\u00eatre publi\u00e9es. Le nombre de demandeurs d&#8217;emploi inscrits \u00e0 P\u00f4le emploi de cat\u00e9gorie A s&rsquo;\u00e9tablit \u00e0 82.607 en Poitou-Charentes, fin mai. Ce nombre augmente de + 0,8 % (+ 667) par rapport \u00e0 fin avril (+ 12,1 % sur un an). Par d\u00e9partement, leur nombre varie de + 0,3 % dans la Vienne avec 17.814\u00a0personnes, \u00e0 + 1,6 % en Charente, en passant par la Charente-Maritime (+ 0,4 %) et les Deux-S\u00e8vres (+ 1,4 %).<\/p>\n<p style=\"text-align: justify\"><em>Nouvelle R\u00e9publique, 26 juin 2013<\/em><\/p>\n","protected":false},"excerpt":{"rendered":"<p>17.814\u00a0demandeurs d&#8217;emploi fin mai dans la Vienne Les statistiques du ch\u00f4mage viennent d&rsquo;\u00eatre publi\u00e9es. Le nombre de demandeurs d&#8217;emploi inscrits \u00e0 P\u00f4le emploi de cat\u00e9gorie A s&rsquo;\u00e9tablit \u00e0 82.607 en Poitou-Charentes, fin mai. Ce nombre augmente de + 0,8 % (+ 667) par rapport \u00e0 fin avril (+ 12,1 % sur un an). Par d\u00e9partement, &hellip; <a href=\"https:\/\/fa86.noblogs.org\/?p=9446\" class=\"more-link\">Continuer la lecture de <span class=\"screen-reader-text\">[86] Mai : croissance&#8230; du ch\u00f4mage<\/span> <span class=\"meta-nav\">&rarr;<\/span><\/a><\/p>\n","protected":false},"author":2691,"featured_media":0,"comment_status":"open","ping_status":"open","sticky":false,"template":"","format":"standard","meta":{"footnotes":""},"categories":[22],"tags":[],"class_list":["post-9446","post","type-post","status-publish","format-standard","hentry","category-le-travail-tue"],"_links":{"self":[{"href":"https:\/\/fa86.noblogs.org\/index.php?rest_route=\/wp\/v2\/posts\/9446","targetHints":{"allow":["GET"]}}],"collection":[{"href":"https:\/\/fa86.noblogs.org\/index.php?rest_route=\/wp\/v2\/posts"}],"about":[{"href":"https:\/\/fa86.noblogs.org\/index.php?rest_route=\/wp\/v2\/types\/post"}],"author":[{"embeddable":true,"href":"https:\/\/fa86.noblogs.org\/index.php?rest_route=\/wp\/v2\/users\/2691"}],"replies":[{"embeddable":true,"href":"https:\/\/fa86.noblogs.org\/index.php?rest_route=%2Fwp%2Fv2%2Fcomments&post=9446"}],"version-history":[{"count":2,"href":"https:\/\/fa86.noblogs.org\/index.php?rest_route=\/wp\/v2\/posts\/9446\/revisions"}],"predecessor-version":[{"id":9448,"href":"https:\/\/fa86.noblogs.org\/index.php?rest_route=\/wp\/v2\/posts\/9446\/revisions\/9448"}],"wp:attachment":[{"href":"https:\/\/fa86.noblogs.org\/index.php?rest_route=%2Fwp%2Fv2%2Fmedia&parent=9446"}],"wp:term":[{"taxonomy":"category","embeddable":true,"href":"https:\/\/fa86.noblogs.org\/index.php?rest_route=%2Fwp%2Fv2%2Fcategories&post=9446"},{"taxonomy":"post_tag","embeddable":true,"href":"https:\/\/fa86.noblogs.org\/index.php?rest_route=%2Fwp%2Fv2%2Ftags&post=9446"}],"curies":[{"name":"wp","href":"https:\/\/api.w.org\/{rel}","templated":true}]}}