{"id":9450,"date":"2013-06-28T10:02:34","date_gmt":"2013-06-28T08:02:34","guid":{"rendered":"http:\/\/fa86.noblogs.org\/?p=9450"},"modified":"2013-06-28T10:03:08","modified_gmt":"2013-06-28T08:03:08","slug":"civaux-le-reacteur-n1-evacue-ce-jeudi","status":"publish","type":"post","link":"https:\/\/fa86.noblogs.org\/?p=9450","title":{"rendered":"[Civaux] Encore un \u00ab\u00a0incident\u00a0\u00bb \u00e0 la centrale : le r\u00e9acteur n\u00b01 \u00e9vacu\u00e9 !"},"content":{"rendered":"<p style=\"text-align: justify\"><em><strong>NdPN<\/strong> : Trente-cinq incidents ont \u00e9t\u00e9 d\u00e9clar\u00e9s en 2012 \u00e0 Civaux. En 2013, voici le douzi\u00e8me incident&#8230;\u00a0<\/em><\/p>\n<p style=\"text-align: justify\"><a href=\"http:\/\/www.lanouvellerepublique.fr\/Vienne\/Services\/Toutes-les-DMAs\/n\/Contenus\/DMAs\/2013\/06\/27\/Centrale-de-Civaux-le-batiment-d-un-reacteur-evacue-apres-un-incident-1527903\" target=\"_blank\"><strong>Centrale de Civaux : le b\u00e2timent d&rsquo;un r\u00e9acteur\u00a0\u00e9vacu\u00e9 apr\u00e8s un incident<\/strong><\/a><\/p>\n<p style=\"text-align: justify\">La pr\u00e9fecture confirme que le b\u00e2timent du r\u00e9acteur n\u00b01\ufffdde la centrale nucl\u00e9aire de Civaux, dans la Vienne, a \u00e9t\u00e9 \u00e9vacu\u00e9 ce jeudi apr\u00e8s-midi un peu avant 15\ufffdh apr\u00e8s un incident. Une source de rayonnement a \u00e9t\u00e9 \u00e9mise durant un laps de temps tr\u00e8s bref alors que des op\u00e9rations de maintenance \u00e9taient en cours pour le red\u00e9marrage du r\u00e9acteur. Plusieurs personnes qui se trouvaient dans le b\u00e2timent ont \u00e9t\u00e9 touch\u00e9es par cette \u00e9mission dont l&rsquo;origine n&rsquo;a pas \u00e9t\u00e9 d\u00e9termin\u00e9e pour le moment. Le site du b\u00e2timent r\u00e9acteur est toujours interdit d&rsquo;acc\u00e8s. Il n&rsquo;y a pas de radioactivit\u00e9 anormale de d\u00e9tect\u00e9e dans ce site.<\/p>\n<p style=\"text-align: justify\"><em>Nouvelle R\u00e9publique, 27 juin 2013<\/em><\/p>\n<p style=\"text-align: justify\"><a href=\"http:\/\/www.lefigaro.fr\/flash-eco\/2013\/06\/27\/97002-20130627FILWWW00582-evacuation-a-la-centrale-de-civaux.php\" target=\"_blank\"><strong>Un ouvrier de la centrale de Civaux re\u00e7oit une dose radioactive inexpliqu\u00e9e<\/strong><\/a><\/p>\n<p style=\"text-align: justify\">Douze employ\u00e9s de la centrale nucl\u00e9aire de Civaux (Vienne) qui travaillaient dans le r\u00e9acteur n\u00b01, \u00e0 l&rsquo;arr\u00eat pour maintenance, ont \u00e9t\u00e9 \u00e9vacu\u00e9s jeudi, confirment l&rsquo;Autorit\u00e9 de s\u00fbret\u00e9 nucl\u00e9aire (ASN) et EDF.<\/p>\n<p style=\"text-align: justify\">Les dosim\u00e8tres \u00e9lectroniques d&rsquo;un ouvrier qui se trouvait dans une piscine, vide, du b\u00e2timent r\u00e9acteur, et de cinq de ses coll\u00e8gues qui se situaient plus haut dans la m\u00eame enceinte, ont d\u00e9clench\u00e9 simultan\u00e9ment leur alarme vers 10h du matin, indique EDF.<\/p>\n<p style=\"text-align: justify\">Avant chaque intervention en zone nucl\u00e9aire, une dose limite de radioactivit\u00e9 est fix\u00e9e pour chaque intervenant. Si celle-ci est d\u00e9pass\u00e9e, une alarme se d\u00e9clenche et le personnel doit \u00e9vacuer. C&rsquo;est ce qui s&rsquo;est produit jeudi \u00e0 Civaux.\u00a0Chaque employ\u00e9 porte deux dosim\u00e8tres, l&rsquo;un \u00e9lectronique, l&rsquo;autre, qui ressemble \u00e0 un film, plus fiable.<\/p>\n<p style=\"text-align: justify\">L&rsquo;analyse du dosim\u00e8tre film, indiquait EDF jeudi soir, confirme qu&rsquo;un employ\u00e9 a re\u00e7u une dose d\u00e9passant la limite pr\u00e9vue pour cette intervention. Cette dose, de 1,17 millisieverts (mSv) est \u00e0 comparer aux 20mSv qu&rsquo;un employ\u00e9 du nucl\u00e9aire est autoris\u00e9 \u00e0 absorber pendant une ann\u00e9e.\u00a0Elle ne pr\u00e9sente pas de danger pour la sant\u00e9, assure Anne-C\u00e9cile Rigail, responsable de l&rsquo;ASN pour la r\u00e9gion Sud-Ouest.<\/p>\n<p style=\"text-align: justify\">\u00ab C&rsquo;est un \u00e9v\u00e9nement sans cons\u00e9quence pour la sant\u00e9 des travailleurs ni pour l&rsquo;environnement \u00bb, affirme la responsable de l&rsquo;ASN mais \u00ab c&rsquo;est insolite \u00bb car les balises fixes, dans le b\u00e2timent r\u00e9acteur, n&rsquo;ont pas enregistr\u00e9 de radioactivit\u00e9 anormale.<\/p>\n<p style=\"text-align: justify\">EDF va devoir d\u00e9terminer si l&#8217;employ\u00e9 a effectu\u00e9 un d\u00e9placement non pr\u00e9vu dans son intervention ou s&rsquo;il a rencontr\u00e9 une source radioactive qui n&rsquo;avait pas \u00e9t\u00e9 identifi\u00e9e sur son parcours.<\/p>\n<p style=\"text-align: justify\">En cas d&rsquo;\u00e9vacuation du b\u00e2timent r\u00e9acteur, EDF est tenu d&rsquo;en informer l&rsquo;ASN et la Commission locale d&rsquo;information, indique Anne-C\u00e9cile Rigail.<\/p>\n<p style=\"text-align: justify\"><em>Le Figaro, 27 juin 2013<\/em><\/p>\n","protected":false},"excerpt":{"rendered":"<p>NdPN : Trente-cinq incidents ont \u00e9t\u00e9 d\u00e9clar\u00e9s en 2012 \u00e0 Civaux. En 2013, voici le douzi\u00e8me incident&#8230;\u00a0 Centrale de Civaux : le b\u00e2timent d&rsquo;un r\u00e9acteur\u00a0\u00e9vacu\u00e9 apr\u00e8s un incident La pr\u00e9fecture confirme que le b\u00e2timent du r\u00e9acteur n\u00b01\ufffdde la centrale nucl\u00e9aire de Civaux, dans la Vienne, a \u00e9t\u00e9 \u00e9vacu\u00e9 ce jeudi apr\u00e8s-midi un peu avant 15\ufffdh &hellip; <a href=\"https:\/\/fa86.noblogs.org\/?p=9450\" class=\"more-link\">Continuer la lecture de <span class=\"screen-reader-text\">[Civaux] Encore un \u00ab\u00a0incident\u00a0\u00bb \u00e0 la centrale : le r\u00e9acteur n\u00b01 \u00e9vacu\u00e9 !<\/span> <span class=\"meta-nav\">&rarr;<\/span><\/a><\/p>\n","protected":false},"author":2691,"featured_media":0,"comment_status":"open","ping_status":"open","sticky":false,"template":"","format":"standard","meta":{"footnotes":""},"categories":[25],"tags":[],"class_list":["post-9450","post","type-post","status-publish","format-standard","hentry","category-antinucleaire"],"_links":{"self":[{"href":"https:\/\/fa86.noblogs.org\/index.php?rest_route=\/wp\/v2\/posts\/9450","targetHints":{"allow":["GET"]}}],"collection":[{"href":"https:\/\/fa86.noblogs.org\/index.php?rest_route=\/wp\/v2\/posts"}],"about":[{"href":"https:\/\/fa86.noblogs.org\/index.php?rest_route=\/wp\/v2\/types\/post"}],"author":[{"embeddable":true,"href":"https:\/\/fa86.noblogs.org\/index.php?rest_route=\/wp\/v2\/users\/2691"}],"replies":[{"embeddable":true,"href":"https:\/\/fa86.noblogs.org\/index.php?rest_route=%2Fwp%2Fv2%2Fcomments&post=9450"}],"version-history":[{"count":2,"href":"https:\/\/fa86.noblogs.org\/index.php?rest_route=\/wp\/v2\/posts\/9450\/revisions"}],"predecessor-version":[{"id":9452,"href":"https:\/\/fa86.noblogs.org\/index.php?rest_route=\/wp\/v2\/posts\/9450\/revisions\/9452"}],"wp:attachment":[{"href":"https:\/\/fa86.noblogs.org\/index.php?rest_route=%2Fwp%2Fv2%2Fmedia&parent=9450"}],"wp:term":[{"taxonomy":"category","embeddable":true,"href":"https:\/\/fa86.noblogs.org\/index.php?rest_route=%2Fwp%2Fv2%2Fcategories&post=9450"},{"taxonomy":"post_tag","embeddable":true,"href":"https:\/\/fa86.noblogs.org\/index.php?rest_route=%2Fwp%2Fv2%2Ftags&post=9450"}],"curies":[{"name":"wp","href":"https:\/\/api.w.org\/{rel}","templated":true}]}}