{"id":9454,"date":"2013-06-28T10:15:03","date_gmt":"2013-06-28T08:15:03","guid":{"rendered":"http:\/\/fa86.noblogs.org\/?p=9454"},"modified":"2013-06-28T10:16:22","modified_gmt":"2013-06-28T08:16:22","slug":"herve-couasnon-va-passer-en-proces","status":"publish","type":"post","link":"https:\/\/fa86.noblogs.org\/?p=9454","title":{"rendered":"Herv\u00e9 Couasnon va passer en proc\u00e8s pour avoir d\u00e9jou\u00e9 la s\u00e9curit\u00e9 de la centrale de Civaux"},"content":{"rendered":"<p style=\"text-align: justify\"><em><strong>NdPN<\/strong> : Voir pr\u00e9c\u00e9dents articles sur cette \u00ab\u00a0affaire\u00a0\u00bb <a href=\"https:\/\/fa86.noblogs.org\/?p=5530\" target=\"_blank\"><strong>ici<\/strong> <\/a>et <a href=\"https:\/\/fa86.noblogs.org\/?p=7645\" target=\"_blank\"><strong>l\u00e0<\/strong><\/a>. Pour lire un article plus r\u00e9cent sur Herv\u00e9 Couasnon, <a href=\"http:\/\/www.toulouseinfos.fr\/index.php\/actualites\/societe\/8662-herve-couasnon-l-artiste-r-rebelle-fuit-linternement-depuis-des-jours.html\" target=\"_blank\"><strong>voir ici<\/strong><\/a>.<\/em><\/p>\n<p style=\"text-align: justify\"><a href=\"http:\/\/www.lanouvellerepublique.fr\/Vienne\/Actualite\/Faits-divers-justice\/n\/Contenus\/Articles\/2013\/06\/28\/CIVAUX-L-escaladeur-de-la-centrale-juge-jeudi-prochain-1528458\" target=\"_blank\"><strong>CIVAUX L&rsquo;escaladeur de la centrale jug\u00e9 jeudi prochain<\/strong><\/a><\/p>\n<p style=\"text-align: justify\">Surnomm\u00e9 le po\u00e8te escaladeur, Herv\u00e9 Couasnon, doit \u00eatre jug\u00e9 jeudi prochain apr\u00e8s une intrusion remarqu\u00e9e dans l&rsquo;enceinte de la centrale nucl\u00e9aire de Civaux en mai\u00a02012.<\/p>\n<p style=\"text-align: justify\"><em>Nouvelle R\u00e9publique, 28 juin 2013<\/em><\/p>\n","protected":false},"excerpt":{"rendered":"<p>NdPN : Voir pr\u00e9c\u00e9dents articles sur cette \u00ab\u00a0affaire\u00a0\u00bb ici et l\u00e0. Pour lire un article plus r\u00e9cent sur Herv\u00e9 Couasnon, voir ici. CIVAUX L&rsquo;escaladeur de la centrale jug\u00e9 jeudi prochain Surnomm\u00e9 le po\u00e8te escaladeur, Herv\u00e9 Couasnon, doit \u00eatre jug\u00e9 jeudi prochain apr\u00e8s une intrusion remarqu\u00e9e dans l&rsquo;enceinte de la centrale nucl\u00e9aire de Civaux en mai\u00a02012. &hellip; <a href=\"https:\/\/fa86.noblogs.org\/?p=9454\" class=\"more-link\">Continuer la lecture de <span class=\"screen-reader-text\">Herv\u00e9 Couasnon va passer en proc\u00e8s pour avoir d\u00e9jou\u00e9 la s\u00e9curit\u00e9 de la centrale de Civaux<\/span> <span class=\"meta-nav\">&rarr;<\/span><\/a><\/p>\n","protected":false},"author":2691,"featured_media":0,"comment_status":"open","ping_status":"open","sticky":false,"template":"","format":"standard","meta":{"footnotes":""},"categories":[25],"tags":[],"class_list":["post-9454","post","type-post","status-publish","format-standard","hentry","category-antinucleaire"],"_links":{"self":[{"href":"https:\/\/fa86.noblogs.org\/index.php?rest_route=\/wp\/v2\/posts\/9454","targetHints":{"allow":["GET"]}}],"collection":[{"href":"https:\/\/fa86.noblogs.org\/index.php?rest_route=\/wp\/v2\/posts"}],"about":[{"href":"https:\/\/fa86.noblogs.org\/index.php?rest_route=\/wp\/v2\/types\/post"}],"author":[{"embeddable":true,"href":"https:\/\/fa86.noblogs.org\/index.php?rest_route=\/wp\/v2\/users\/2691"}],"replies":[{"embeddable":true,"href":"https:\/\/fa86.noblogs.org\/index.php?rest_route=%2Fwp%2Fv2%2Fcomments&post=9454"}],"version-history":[{"count":4,"href":"https:\/\/fa86.noblogs.org\/index.php?rest_route=\/wp\/v2\/posts\/9454\/revisions"}],"predecessor-version":[{"id":9458,"href":"https:\/\/fa86.noblogs.org\/index.php?rest_route=\/wp\/v2\/posts\/9454\/revisions\/9458"}],"wp:attachment":[{"href":"https:\/\/fa86.noblogs.org\/index.php?rest_route=%2Fwp%2Fv2%2Fmedia&parent=9454"}],"wp:term":[{"taxonomy":"category","embeddable":true,"href":"https:\/\/fa86.noblogs.org\/index.php?rest_route=%2Fwp%2Fv2%2Fcategories&post=9454"},{"taxonomy":"post_tag","embeddable":true,"href":"https:\/\/fa86.noblogs.org\/index.php?rest_route=%2Fwp%2Fv2%2Ftags&post=9454"}],"curies":[{"name":"wp","href":"https:\/\/api.w.org\/{rel}","templated":true}]}}