{"id":9462,"date":"2013-06-28T10:38:11","date_gmt":"2013-06-28T08:38:11","guid":{"rendered":"http:\/\/fa86.noblogs.org\/?p=9462"},"modified":"2013-06-28T10:38:11","modified_gmt":"2013-06-28T08:38:11","slug":"quelle-resistance-antifasciste","status":"publish","type":"post","link":"https:\/\/fa86.noblogs.org\/?p=9462","title":{"rendered":"Quelle r\u00e9sistance antifasciste ?"},"content":{"rendered":"<p style=\"text-align: justify\"><a href=\"http:\/\/sous-la-cendre.info\/1513\/tract-antifasciste-de-lassemblee-libertaire-de-caen\" target=\"_blank\"><strong>Quelle r\u00e9sistance antifasciste ?<\/strong><\/a><\/p>\n<p style=\"text-align: justify\">La mort violente de Cl\u00e9ment M\u00e9ric, tu\u00e9 par des fascistes, a provoqu\u00e9 un profond \u00e9moi. Pour beaucoup d\u2019entre nous, elle s\u2019inscrit dans un contexte de d\u00e9veloppement, depuis des ann\u00e9es, d\u2019un lourd climat politique et social.<\/p>\n<p style=\"text-align: justify\">On constate, depuis 2010 environ, une multiplication des agressions d\u2019extr\u00eame-droite contre des militantEs antifascistes, syndicalistes, r\u00e9volutionnaires, des homosexuelLEs, des immign\u00e9Es dans de nombreuses villes (Lyon, r\u00e9gion Lilloise, Tours, Rennes, Limoges\u2026) sans parler des d\u00e9gradations contre des locaux associatifs, politiques, syndicaux.<\/p>\n<p style=\"text-align: justify\">La banalisation des th\u00e8ses du Front National dans le champ politique et m\u00e9diatique et dans des franges non n\u00e9gligeables de la population, traditionnellement r\u00e9actionnaires ou bien condamn\u00e9es \u00e0 la pauvret\u00e9 et la pr\u00e9carit\u00e9 par le capitalisme et l\u2019\u00c9tat, est une r\u00e9alit\u00e9 depuis longtemps.<\/p>\n<p style=\"text-align: justify\">Ces th\u00e8ses d\u2019extr\u00eame droite impr\u00e8gnent les politiques s\u00e9curitaires, r\u00e9pressives, anti-sociales, anti-immigration mises en place aussi bien par l\u2019UMP que par le PS, depuis les r\u00e9formes des retraites qui obligent les salari\u00e9Es \u00e0 cotiser plus longtemps pour toucher moins, les accords de Wagram qui pr\u00e9carisent encore un peu plus les travailleurs\/euses et facilitent leur licenciement, le flicage des ch\u00f4meurs\/euses, jusqu\u2019\u00e0 la criminalisation des luttes sociales, les rafles de sans-papiers, les descentes polici\u00e8res dans les camps de roms en passant par le matraquage politico-m\u00e9diatique islamophobe (ou comment dissimuler la x\u00e9nophobie derri\u00e8re la d\u00e9fense de la la\u00efcit\u00e9\u2026).<\/p>\n<p style=\"text-align: justify\">Tout cela ne peut qu\u2019\u00eatre aggrav\u00e9 par la situation de crise sociale actuelle. L\u2019aust\u00e9rit\u00e9, la pauvret\u00e9, la pr\u00e9carit\u00e9 v\u00e9hicul\u00e9es par le capitalisme sont des terreaux favorables \u00e0 la recherche de boucs \u00e9missaires, au chacunE pour soi, aux replis identitaires, aux d\u00e9sirs d\u2019\u00c9tat fort et d\u2019ordre muscl\u00e9.<\/p>\n<p style=\"text-align: justify\">Pour toutes ces raisons, nous pensons que l\u2019antifascisme n\u2019a de valeur et de sens que s\u2019il se d\u00e9clare anticapitaliste et anti-autoritaire et assume l\u2019id\u00e9e de rupture r\u00e9volutionnaire avec un syst\u00e8me \u00e9conomique et politique bas\u00e9 sur les in\u00e9galit\u00e9s et les injustices de classe, l\u2019exploitation et la domination des humainEs et des ressources naturelles.<\/p>\n<p style=\"text-align: justify\">Demander la protection de l\u2019\u00c9tat capitaliste face \u00e0 l\u2019extr\u00eame droite est un leurre. Qui peut penser que la dissolution de quelques groupuscules fachos r\u00e9glera le probl\u00e8me ? Nous pensons de toutes fa\u00e7ons que l\u2019\u00c9tat et le capitalisme ne sont pas l\u00e0 pour assurer la libert\u00e9 et la justice mais pour se perp\u00e9tuer quel qu\u2019en soit le prix. Si la pseudo d\u00e9mocratie actuelle permet cela, tr\u00e8s bien, s\u2019il faut un r\u00e9gime autoritaire parce que la \u00ab\u00a0d\u00e9mocratie\u00a0\u00bb ne peut plus garantir l\u2019ordre et le bon d\u00e9roulement du business, tr\u00e8s bien aussi. Le syst\u00e8me actuel nourrit l\u2019extr\u00eame droite et sait l\u2019utiliser s\u2019il le faut pour briser violemment les luttes subversives ou cr\u00e9er le d\u00e9sordre pour mieux r\u00e9tablir l\u2019ordre, le sien, celui qui rapporte sur notre dos.<\/p>\n<p style=\"text-align: justify\">Ainsi, pour nous, il ne suffit pas d\u2019identifier les fachos ou d\u2019organiser notre autod\u00e9fense si n\u00e9cessaire : la lutte contre l\u2019extr\u00eame droite passe en bonne partie par la participation aux luttes sociales, par le fait de d\u00e9velopper en leur sein les pratiques de solidarit\u00e9, d\u2019entraide, d\u2019\u00e9galit\u00e9, de convergences, d\u2019auto-organisation, de coordination, d\u2019action directe, d\u2019apprentissage collectif, d\u2019internationalisme.<\/p>\n<p style=\"text-align: justify\">C\u2019est dans et \u00e0 travers ces luttes, contre l\u2019aust\u00e9rit\u00e9, la pr\u00e9carit\u00e9, la pauvret\u00e9 que nous pourrons construire un rapport de force et une culture d\u2019\u00e9mancipation qui fera barrage aux th\u00e8ses r\u00e9actionnaires, nationalistes, autoritaires, x\u00e9nophobes, sexistes tout en nous permettant d\u2019am\u00e9liorer nos conditions de vie et nos capacit\u00e9s de d\u00e9fense collective.<\/p>\n<p style=\"text-align: justify\">Pour ce faire, il faut aussi mener le combat pour que les mouvements sociaux conqui\u00e8rent leur ind\u00e9pendance, leur autonomie, leur libert\u00e9 d\u2019organisation, de pens\u00e9e et d\u2019action, pour qu\u2019ils rompent avec les r\u00e9cup\u00e9rations politiciennes, avec les bureaucraties de la gauche politique et syndicale qui les \u00e9touffent et les m\u00e8nent volontairement dans l\u2019impasse. Il y a une certaine urgence. Les temps qui viennent vont \u00eatre durs. Pr\u00e9parons nous.<\/p>\n<p style=\"text-align: justify\"><em>Assembl\u00e9e libertaire de Caen, 23 juin 2013<\/em><\/p>\n","protected":false},"excerpt":{"rendered":"<p>Quelle r\u00e9sistance antifasciste ? La mort violente de Cl\u00e9ment M\u00e9ric, tu\u00e9 par des fascistes, a provoqu\u00e9 un profond \u00e9moi. Pour beaucoup d\u2019entre nous, elle s\u2019inscrit dans un contexte de d\u00e9veloppement, depuis des ann\u00e9es, d\u2019un lourd climat politique et social. On constate, depuis 2010 environ, une multiplication des agressions d\u2019extr\u00eame-droite contre des militantEs antifascistes, syndicalistes, r\u00e9volutionnaires, &hellip; <a href=\"https:\/\/fa86.noblogs.org\/?p=9462\" class=\"more-link\">Continuer la lecture de <span class=\"screen-reader-text\">Quelle r\u00e9sistance antifasciste ?<\/span> <span class=\"meta-nav\">&rarr;<\/span><\/a><\/p>\n","protected":false},"author":2691,"featured_media":0,"comment_status":"open","ping_status":"open","sticky":false,"template":"","format":"standard","meta":{"footnotes":""},"categories":[6],"tags":[],"class_list":["post-9462","post","type-post","status-publish","format-standard","hentry","category-paf-le-faf"],"_links":{"self":[{"href":"https:\/\/fa86.noblogs.org\/index.php?rest_route=\/wp\/v2\/posts\/9462","targetHints":{"allow":["GET"]}}],"collection":[{"href":"https:\/\/fa86.noblogs.org\/index.php?rest_route=\/wp\/v2\/posts"}],"about":[{"href":"https:\/\/fa86.noblogs.org\/index.php?rest_route=\/wp\/v2\/types\/post"}],"author":[{"embeddable":true,"href":"https:\/\/fa86.noblogs.org\/index.php?rest_route=\/wp\/v2\/users\/2691"}],"replies":[{"embeddable":true,"href":"https:\/\/fa86.noblogs.org\/index.php?rest_route=%2Fwp%2Fv2%2Fcomments&post=9462"}],"version-history":[{"count":2,"href":"https:\/\/fa86.noblogs.org\/index.php?rest_route=\/wp\/v2\/posts\/9462\/revisions"}],"predecessor-version":[{"id":9465,"href":"https:\/\/fa86.noblogs.org\/index.php?rest_route=\/wp\/v2\/posts\/9462\/revisions\/9465"}],"wp:attachment":[{"href":"https:\/\/fa86.noblogs.org\/index.php?rest_route=%2Fwp%2Fv2%2Fmedia&parent=9462"}],"wp:term":[{"taxonomy":"category","embeddable":true,"href":"https:\/\/fa86.noblogs.org\/index.php?rest_route=%2Fwp%2Fv2%2Fcategories&post=9462"},{"taxonomy":"post_tag","embeddable":true,"href":"https:\/\/fa86.noblogs.org\/index.php?rest_route=%2Fwp%2Fv2%2Ftags&post=9462"}],"curies":[{"name":"wp","href":"https:\/\/api.w.org\/{rel}","templated":true}]}}