{"id":9483,"date":"2013-06-30T11:09:13","date_gmt":"2013-06-30T09:09:13","guid":{"rendered":"http:\/\/fa86.noblogs.org\/?p=9483"},"modified":"2013-06-30T11:09:13","modified_gmt":"2013-06-30T09:09:13","slug":"les-origines-de-la-gay-pride","status":"publish","type":"post","link":"https:\/\/fa86.noblogs.org\/?p=9483","title":{"rendered":"Les origines de la gay pride"},"content":{"rendered":"<p>Hier, des dizaines de milliers de manifestant-e-s d\u00e9filaient pour la \u00ab\u00a0marche des fiert\u00e9s\u00a0\u00bb, anciennement appel\u00e9e gay-pride. Elle a r\u00e9uni comme chaque ann\u00e9e des lesbiennes, gays, bis et trans qui ont montr\u00e9 que les manifs homophobes ne les avaient pas renvoy\u00e9-e-s au placard. Et de nombreuses personnes soutenant leurs revendications antipatriarcales. Les manifestant-e-s ont appel\u00e9\u00a0\u00e0 poursuivre la lutte\u00a0contre les discriminations au quotidien et les violences homophobes, pour la PMA, pour la\u00a0reconnaissance de la filiation d\u00e8s la naissance, pour la reconnaissance des droits des\u00a0trans, pour la facilitation du changement d&rsquo;identit\u00e9 sexuelle et de genre. Pour ne plus raser les murs ! Une bande d&rsquo;homophobes \u00ab\u00a0hommen\u00a0\u00bb, d\u00e9ployant une banderole path\u00e9tique du haut d&rsquo;un balcon,\u00a0se sont faits huer et railler par la foule.<\/p>\n<p style=\"text-align: left\">Occasion de rappeler les origines de cette marche annuelle : dans la nuit du 28 juin 1969, dans le quartier de Greenwich village \u00e0 Stonewall Inn (New-York), des homosexuel-le-s, des bis\u00a0et des trans r\u00e9pondent \u00e0 un \u00e9ni\u00e8me raid homophobe de la police, en\u00a0r\u00e9sistant violemment aux\u00a0flics. Malgr\u00e9 les arrestations et les tabassages, les LGBT tiennent le quartier, repoussant les assauts de la police anti-\u00e9meutes. Cet \u00e9v\u00e9nement sera suivi de plusieurs jours d&rsquo;\u00e9meutes, permettant aux LGBT d&rsquo;unir leurs revendications et de s&rsquo;organiser radicalement ;\u00a0avec des endroits pour se rencontrer, des journaux et une militance liant les revendications LGBT \u00e0 une lutte globale\u00a0contre le patriarcat, le capitalisme et l&rsquo;Etat. De ce mouvement essaimeront de nombreux autres (on peut citer le FHAR en France). Un an apr\u00e8s, des manifs comm\u00e9moratives de cette affirmation des fiert\u00e9s avaient lieu aux Etats-Unis. La \u00ab\u00a0gay-pride\u00a0\u00bb \u00e9tait n\u00e9e.<\/p>\n<p><em>Pavillon Noir, 30 juin 2013<\/em><\/p>\n","protected":false},"excerpt":{"rendered":"<p>Hier, des dizaines de milliers de manifestant-e-s d\u00e9filaient pour la \u00ab\u00a0marche des fiert\u00e9s\u00a0\u00bb, anciennement appel\u00e9e gay-pride. Elle a r\u00e9uni comme chaque ann\u00e9e des lesbiennes, gays, bis et trans qui ont montr\u00e9 que les manifs homophobes ne les avaient pas renvoy\u00e9-e-s au placard. Et de nombreuses personnes soutenant leurs revendications antipatriarcales. Les manifestant-e-s ont appel\u00e9\u00a0\u00e0 poursuivre &hellip; <a href=\"https:\/\/fa86.noblogs.org\/?p=9483\" class=\"more-link\">Continuer la lecture de <span class=\"screen-reader-text\">Les origines de la gay pride<\/span> <span class=\"meta-nav\">&rarr;<\/span><\/a><\/p>\n","protected":false},"author":2691,"featured_media":0,"comment_status":"open","ping_status":"open","sticky":false,"template":"","format":"standard","meta":{"footnotes":""},"categories":[17,9,14],"tags":[],"class_list":["post-9483","post","type-post","status-publish","format-standard","hentry","category-education-populaire","category-la-rue-grogne","category-questions-de-genres"],"_links":{"self":[{"href":"https:\/\/fa86.noblogs.org\/index.php?rest_route=\/wp\/v2\/posts\/9483","targetHints":{"allow":["GET"]}}],"collection":[{"href":"https:\/\/fa86.noblogs.org\/index.php?rest_route=\/wp\/v2\/posts"}],"about":[{"href":"https:\/\/fa86.noblogs.org\/index.php?rest_route=\/wp\/v2\/types\/post"}],"author":[{"embeddable":true,"href":"https:\/\/fa86.noblogs.org\/index.php?rest_route=\/wp\/v2\/users\/2691"}],"replies":[{"embeddable":true,"href":"https:\/\/fa86.noblogs.org\/index.php?rest_route=%2Fwp%2Fv2%2Fcomments&post=9483"}],"version-history":[{"count":2,"href":"https:\/\/fa86.noblogs.org\/index.php?rest_route=\/wp\/v2\/posts\/9483\/revisions"}],"predecessor-version":[{"id":9485,"href":"https:\/\/fa86.noblogs.org\/index.php?rest_route=\/wp\/v2\/posts\/9483\/revisions\/9485"}],"wp:attachment":[{"href":"https:\/\/fa86.noblogs.org\/index.php?rest_route=%2Fwp%2Fv2%2Fmedia&parent=9483"}],"wp:term":[{"taxonomy":"category","embeddable":true,"href":"https:\/\/fa86.noblogs.org\/index.php?rest_route=%2Fwp%2Fv2%2Fcategories&post=9483"},{"taxonomy":"post_tag","embeddable":true,"href":"https:\/\/fa86.noblogs.org\/index.php?rest_route=%2Fwp%2Fv2%2Ftags&post=9483"}],"curies":[{"name":"wp","href":"https:\/\/api.w.org\/{rel}","templated":true}]}}