{"id":9486,"date":"2013-06-30T15:27:33","date_gmt":"2013-06-30T13:27:33","guid":{"rendered":"http:\/\/fa86.noblogs.org\/?p=9486"},"modified":"2013-06-30T15:27:33","modified_gmt":"2013-06-30T13:27:33","slug":"dal-86-lamentable-la-prefecture-expulse-radu","status":"publish","type":"post","link":"https:\/\/fa86.noblogs.org\/?p=9486","title":{"rendered":"[DAL 86] Lamentable : la pr\u00e9fecture expulse Radu"},"content":{"rendered":"<p style=\"text-align: justify\"><a href=\"http:\/\/dal86.fr\/2013\/06\/30\/lamentable-la-prefecture-expulse-radu\/\" target=\"_blank\"><strong>Lamentable : la pr\u00e9fecture expulse Radu<\/strong><\/a><\/p>\n<p style=\"text-align: justify\">Nouveau mensonge du secr\u00e9taire g\u00e9n\u00e9ral de la pr\u00e9fecture de la Vienne M. S\u00e9guy qui avait d\u00e9clar\u00e9 au journal du 13 mai 19h de France 3 Poitou-Charentes qu\u2019il \u00ab\u00a0<i>n\u2019expulsera pas les roms par avion dans leur pays<\/i>\u00a0\u00bb. Apr\u00e8s Florin, qui habite au squat des Gli\u00e8res avec ses deux enfants de 4 et 8 ans et leur m\u00e8re qui avait \u00e9t\u00e9 arr\u00eat\u00e9 mardi 11 juin \u00e0 la gare de Poitiers et expuls\u00e9 vendredi 14 juin par avion en Roumanie, hier Radu, un autre p\u00e8re de famille du squat des Gli\u00e8res, a \u00e9t\u00e9 arr\u00eat\u00e9 par la police et envoy\u00e9 en centre de r\u00e9tention \u00e0 Paris d\u2019o\u00f9 il sera expuls\u00e9 vers la Roumanie. Il laisse \u00e0 Poitiers sa femme et ses deux enfants de 4 et 5 ans.<\/p>\n<p style=\"text-align: justify\">La logique de la pr\u00e9fecture est scandaleuse. D\u2019un c\u00f4t\u00e9, \u2013 ce qui est une belle avanc\u00e9e -, suite \u00e0 l\u2019ordonnance d\u2019expulsion du squat des Gli\u00e8res prononc\u00e9e le 7 juin, le pr\u00e9fet de la Vienne a \u00e9crit \u00e0 la famille le 14 juin (jour de l\u2019expulsion de Florin vers la Roumanie !) qu\u2019il mandate la Croix Rouge \u201c<i>afin qu\u2019une \u00e9valuation sociale de la situation de la famille soit effectu\u00e9e<\/i>\u201c. Le 21 juin, la Croix Rouge a envoy\u00e9 une lettre recommand\u00e9e \u00e0 la famille concernant la \u00ab\u00a0<i>prise en compte de sa demande de relogement<\/i>\u00a0\u00bb pour l\u2019inviter \u00e0 prendre contact avec le SIAO et d\u2019avoir \u00ab\u00a0<i>la possibilit\u00e9 de rencontrer une assistante sociale afin d\u2019\u00e9valuer ses besoins et ses droits<\/i>\u00a0\u00bb. Mais d\u2019un autre c\u00f4t\u00e9, elle expulse des p\u00e8res de famille, les deux seuls hommes du squat. L\u2019expulsion de Radu est d\u2019ailleurs, un sale coup port\u00e9 \u00e0 la famille du squat des Gli\u00e8res. Car il est le seul \u00e0 avoir le permis de conduire et \u00e0 pouvoir trouver \u00e0 manger en particulier en faisant les poubelles. Elle arrive \u00e0 un moment de fragilit\u00e9 o\u00f9 la m\u00e8re de famille se fait op\u00e9rer et est hospitalis\u00e9e. Sa fille qui parle le mieux le fran\u00e7ais reste aupr\u00e8s d\u2019elle \u00e0 l\u2019h\u00f4pital et ne faisant plus la manche, c\u2019est toute la stabilit\u00e9 \u00e9conomique de cette famille qui est mise \u00e0 mal.<\/p>\n<h3 style=\"text-align: justify\"><b>Halte \u00e0 cette tentative de d\u00e9stabilisation du squat des Gli\u00e8res<\/b><\/h3>\n<h3 style=\"text-align: justify\"><b> Halte aux expulsions<\/b><\/h3>\n<p style=\"text-align: justify\"><b>Nous appelons donc au soutien et \u00e0 la solidarit\u00e9. Merci de leur apporter de la nourriture. Merci de leur faire un don m\u00eame minime. Merci de venir les voir pour les assurer de votre soutien.<\/b><\/p>\n<p style=\"text-align: justify\"><em>Vu sur DAL 86, 30 juin 2013<\/em><\/p>\n","protected":false},"excerpt":{"rendered":"<p>Lamentable : la pr\u00e9fecture expulse Radu Nouveau mensonge du secr\u00e9taire g\u00e9n\u00e9ral de la pr\u00e9fecture de la Vienne M. S\u00e9guy qui avait d\u00e9clar\u00e9 au journal du 13 mai 19h de France 3 Poitou-Charentes qu\u2019il \u00ab\u00a0n\u2019expulsera pas les roms par avion dans leur pays\u00a0\u00bb. Apr\u00e8s Florin, qui habite au squat des Gli\u00e8res avec ses deux enfants de &hellip; <a href=\"https:\/\/fa86.noblogs.org\/?p=9486\" class=\"more-link\">Continuer la lecture de <span class=\"screen-reader-text\">[DAL 86] Lamentable : la pr\u00e9fecture expulse Radu<\/span> <span class=\"meta-nav\">&rarr;<\/span><\/a><\/p>\n","protected":false},"author":2691,"featured_media":0,"comment_status":"open","ping_status":"open","sticky":false,"template":"","format":"standard","meta":{"footnotes":""},"categories":[11,12,16,29],"tags":[],"class_list":["post-9486","post","type-post","status-publish","format-standard","hentry","category-ni-patrie-ni-frontiere","category-okupa-y-resiste","category-repression","category-un-toit-pour-tou-te-s"],"_links":{"self":[{"href":"https:\/\/fa86.noblogs.org\/index.php?rest_route=\/wp\/v2\/posts\/9486","targetHints":{"allow":["GET"]}}],"collection":[{"href":"https:\/\/fa86.noblogs.org\/index.php?rest_route=\/wp\/v2\/posts"}],"about":[{"href":"https:\/\/fa86.noblogs.org\/index.php?rest_route=\/wp\/v2\/types\/post"}],"author":[{"embeddable":true,"href":"https:\/\/fa86.noblogs.org\/index.php?rest_route=\/wp\/v2\/users\/2691"}],"replies":[{"embeddable":true,"href":"https:\/\/fa86.noblogs.org\/index.php?rest_route=%2Fwp%2Fv2%2Fcomments&post=9486"}],"version-history":[{"count":2,"href":"https:\/\/fa86.noblogs.org\/index.php?rest_route=\/wp\/v2\/posts\/9486\/revisions"}],"predecessor-version":[{"id":9488,"href":"https:\/\/fa86.noblogs.org\/index.php?rest_route=\/wp\/v2\/posts\/9486\/revisions\/9488"}],"wp:attachment":[{"href":"https:\/\/fa86.noblogs.org\/index.php?rest_route=%2Fwp%2Fv2%2Fmedia&parent=9486"}],"wp:term":[{"taxonomy":"category","embeddable":true,"href":"https:\/\/fa86.noblogs.org\/index.php?rest_route=%2Fwp%2Fv2%2Fcategories&post=9486"},{"taxonomy":"post_tag","embeddable":true,"href":"https:\/\/fa86.noblogs.org\/index.php?rest_route=%2Fwp%2Fv2%2Ftags&post=9486"}],"curies":[{"name":"wp","href":"https:\/\/api.w.org\/{rel}","templated":true}]}}