{"id":9501,"date":"2013-07-04T10:41:22","date_gmt":"2013-07-04T08:41:22","guid":{"rendered":"http:\/\/fa86.noblogs.org\/?p=9501"},"modified":"2013-07-04T11:09:06","modified_gmt":"2013-07-04T09:09:06","slug":"le-monde-libertaire-n-1713-du-4-au-10-juillet-2013","status":"publish","type":"post","link":"https:\/\/fa86.noblogs.org\/?p=9501","title":{"rendered":"Le Monde Libertaire n\u00b0 1713 (du 4 au 10 Juillet 2013)"},"content":{"rendered":"<p style=\"text-align: justify\"><em><strong>NdPN<\/strong> : Le ML hebdo sort aujourd&rsquo;hui en kiosques. Vous pouvez nous le demander \u00e0 prix libre en nous \u00e9crivant. Un exemplaire sera aussi laiss\u00e9 au Biblio-Caf\u00e9 (rue de la Cath\u00e9drale \u00e0 Poitiers). Trois articles d&rsquo;ores et d\u00e9j\u00e0 en ligne (voir sommaire ci-dessous)&#8230; ainsi que l&rsquo;\u00e9dito &#8211; auquel nous ajoutons que nous soutenons lesdits \u00ab\u00a0agit\u00e9s\u00a0\u00bb, notamment celui qui passera devant le tribunal correctionnel en septembre prochain. Bonne lecture !<\/em><\/p>\n<p style=\"text-align: justify\"><strong>Le Monde Libertaire\u00a0n\u00b0 1713 (du 4 au 10 Juillet 2013)<\/strong><\/p>\n<p><a href=\"http:\/\/www.hostingpics.net\/viewer.php?id=150950ML1713recto.jpg\"><img decoding=\"async\" alt=\"Image\" src=\"http:\/\/img11.hostingpics.net\/pics\/150950ML1713recto.jpg\" \/><\/a><\/p>\n<p><em>\u00abLes faits divers font diversion.\u00bb &#8211; Pierre Bourdieu<\/em><\/p>\n<p style=\"text-align: justify\"><strong>Sommaire du Monde Libertaire\u00a0n\u00b0 1713<\/strong><\/p>\n<p style=\"text-align: justify\"><strong>Actualit\u00e9<\/strong><\/p>\n<p style=\"text-align: justify\">La SNCF en voie de d\u00e9mant\u00e8lement, par Voie libre, page 3<\/p>\n<p style=\"text-align: justify\">Nouvelles des fronts sociaux, par Hugues, page 4<\/p>\n<p style=\"text-align: justify\">Cl\u00e9ment tu\u00e9 deux fois, par M. Sparagano, page 5<\/p>\n<p style=\"text-align: justify\">M\u00e9t\u00e9o syndicale, par J.-P. Germain, page 6<\/p>\n<p style=\"text-align: justify\"><a href=\"http:\/\/www.monde-libertaire.fr\/securitaire\/16542-sous-surveillancenet-cartographie-des-cameras\" target=\"_blank\">Le projet Sous-surveillance. net, par Arnaud, page 7<\/a><\/p>\n<p style=\"text-align: justify\">La Chronique n\u00e9phr\u00e9tique de Rodkol, page 8<\/p>\n<p style=\"text-align: justify\">L\u2019ordre moral version Z\u00e9roMacho, par Marine, page 9<\/p>\n<p style=\"text-align: justify\"><strong>International<\/strong><\/p>\n<p style=\"text-align: justify\"><a href=\"http:\/\/www.monde-libertaire.fr\/international\/16543-turquie-le-bras-de-fer-de-letat-contre-le-peuple-se-poursuit\" target=\"_blank\">O\u00f9 en est la r\u00e9volte turque?, par la F\u00e9d\u00e9ration anarchiste, page 10<\/a><\/p>\n<p style=\"text-align: justify\"><strong>Arguments<\/strong><\/p>\n<p style=\"text-align: justify\"><a href=\"http:\/\/www.monde-libertaire.fr\/antifascisme\/16544-faire-barrage-a-lextreme-droite\" target=\"_blank\">L\u2019extr\u00eame droite sur le devant de la sc\u00e8ne, par R. Dufour, page 12<\/a><\/p>\n<p style=\"text-align: justify\"><strong>Histoire<\/strong><\/p>\n<p style=\"text-align: justify\">Adresse aux peuple nord-africains, par M. Fayolle, page 15<\/p>\n<p style=\"text-align: justify\"><strong>\u00c0 voir<\/strong><\/p>\n<p style=\"text-align: justify\">Grand Central ou l\u2019addition du nucl\u00e9aire, par Mato-Top\u00e9, page 17<\/p>\n<p style=\"text-align: justify\"><strong>\u00c0 lire<\/strong><\/p>\n<p style=\"text-align: justify\">Itin\u00e9raires antifranquistes, par F. Mintz, page 19<\/p>\n<p style=\"text-align: justify\">Penser l\u2019utopie dans l\u2019action, par T. Bernard, page 20<\/p>\n<p style=\"text-align: justify\"><strong>Le mouvement<\/strong><\/p>\n<p style=\"text-align: justify\">CR de la manif antifa du 23 juin, par P. Schindler, page 21<\/p>\n<p style=\"text-align: justify\"><strong>Illustrations<\/strong><\/p>\n<p style=\"text-align: justify\">Aurelio, FYD, Kalem, Krokaga, Nemo, Val\u00e8re<\/p>\n<p style=\"text-align: justify\"><strong>Editorial du Monde Libertaire n\u00b0 1713<\/strong><\/p>\n<p style=\"text-align: justify\">Une fois de plus, nous avons pu constater quelles sont les priorit\u00e9s de nos grands m\u00e9dias. Apr\u00e8s la mort de Cl\u00e9ment M\u00e9ric, la manifestation du 23\u00a0juin contre le fascisme n\u2019a pas eut l\u2019heur d\u2019int\u00e9resser nos journalistes de choc\u00a0: comptes rendus inexistants ou minimalistes dans la presse nationale. \u00c0 peine une dizaine de lignes dans <em>Le Monde<\/em> (journal de tous les pouvoirs) et pas plus dans <em>Lib\u00e9ration<\/em> (quotidien avant-gardiste autoproclam\u00e9). Et ne parlons pas de la TV\u00a0: rien ou quarante secondes pour montrer, non pas les manifestants, mais quelques agit\u00e9s occup\u00e9s \u00e0 briser consciencieusement et m\u00e9thodiquement tout ce qui ressemblait \u00e0 une vitrine de banque ou un panneau publicitaire. Non, la grande presse a d\u2019autres priorit\u00e9s\u00a0: commenter le r\u00e9sultat de l\u2019\u00e9lection de Villeneuve-sur-Lot avec le score \u00e9lev\u00e9 du Front national\u00a0; en oubliant de rappeler que ses id\u00e9es sont celles des groupuscules n\u00e9onazis qui officient \u00e0 c\u00f4t\u00e9 du FN (mais pas trop loin quand m\u00eame). Mais quid des conflits en cours\u00a0? PSA Aulnay, SNCF, Goodyear, Arcelor-Mittal, SNCM, Vortex, Air France, Universit\u00e9 Paris XIII\u2026 Billeves\u00e9es que tout cela, vous aurez du mal \u00e0 avoir des d\u00e9tails sur l\u2019\u00e9volution de ces luttes. Par contre, vous aurez droit quotidiennement aux explications de texte de Fran\u00e7ois Hollande nous martelant que, oui, la courbe du ch\u00f4mage va s\u2019inverser avant la fin de l\u2019ann\u00e9e. Faisons-lui confiance au moins sur ce point\u00a0: la manipulation des chiffres et les tours de passe-passe style emplois d\u2019avenir, voil\u00e0 un domaine o\u00f9 les socialistes savent faire aussi bien que la droite. Mais rien n\u2019y fait, le pays est malade et ce bon docteur Hollande ne nous prescrit que des saign\u00e9es. Continuerons-nous \u00e0 nous laisser sucer le sang par ces vampires, ou leur planterons-nous un pieu en plein c\u0153ur pour en finir d\u00e9finitivement avec eux\u00a0?<\/p>\n","protected":false},"excerpt":{"rendered":"<p>NdPN : Le ML hebdo sort aujourd&rsquo;hui en kiosques. Vous pouvez nous le demander \u00e0 prix libre en nous \u00e9crivant. Un exemplaire sera aussi laiss\u00e9 au Biblio-Caf\u00e9 (rue de la Cath\u00e9drale \u00e0 Poitiers). Trois articles d&rsquo;ores et d\u00e9j\u00e0 en ligne (voir sommaire ci-dessous)&#8230; ainsi que l&rsquo;\u00e9dito &#8211; auquel nous ajoutons que nous soutenons lesdits \u00ab\u00a0agit\u00e9s\u00a0\u00bb, &hellip; <a href=\"https:\/\/fa86.noblogs.org\/?p=9501\" class=\"more-link\">Continuer la lecture de <span class=\"screen-reader-text\">Le Monde Libertaire n\u00b0 1713 (du 4 au 10 Juillet 2013)<\/span> <span class=\"meta-nav\">&rarr;<\/span><\/a><\/p>\n","protected":false},"author":2691,"featured_media":0,"comment_status":"open","ping_status":"open","sticky":false,"template":"","format":"standard","meta":{"footnotes":""},"categories":[17,4],"tags":[],"class_list":["post-9501","post","type-post","status-publish","format-standard","hentry","category-education-populaire","category-se-trouver"],"_links":{"self":[{"href":"https:\/\/fa86.noblogs.org\/index.php?rest_route=\/wp\/v2\/posts\/9501","targetHints":{"allow":["GET"]}}],"collection":[{"href":"https:\/\/fa86.noblogs.org\/index.php?rest_route=\/wp\/v2\/posts"}],"about":[{"href":"https:\/\/fa86.noblogs.org\/index.php?rest_route=\/wp\/v2\/types\/post"}],"author":[{"embeddable":true,"href":"https:\/\/fa86.noblogs.org\/index.php?rest_route=\/wp\/v2\/users\/2691"}],"replies":[{"embeddable":true,"href":"https:\/\/fa86.noblogs.org\/index.php?rest_route=%2Fwp%2Fv2%2Fcomments&post=9501"}],"version-history":[{"count":5,"href":"https:\/\/fa86.noblogs.org\/index.php?rest_route=\/wp\/v2\/posts\/9501\/revisions"}],"predecessor-version":[{"id":9506,"href":"https:\/\/fa86.noblogs.org\/index.php?rest_route=\/wp\/v2\/posts\/9501\/revisions\/9506"}],"wp:attachment":[{"href":"https:\/\/fa86.noblogs.org\/index.php?rest_route=%2Fwp%2Fv2%2Fmedia&parent=9501"}],"wp:term":[{"taxonomy":"category","embeddable":true,"href":"https:\/\/fa86.noblogs.org\/index.php?rest_route=%2Fwp%2Fv2%2Fcategories&post=9501"},{"taxonomy":"post_tag","embeddable":true,"href":"https:\/\/fa86.noblogs.org\/index.php?rest_route=%2Fwp%2Fv2%2Ftags&post=9501"}],"curies":[{"name":"wp","href":"https:\/\/api.w.org\/{rel}","templated":true}]}}