{"id":9515,"date":"2013-07-11T16:01:50","date_gmt":"2013-07-11T14:01:50","guid":{"rendered":"http:\/\/fa86.noblogs.org\/?p=9515"},"modified":"2013-07-11T16:06:59","modified_gmt":"2013-07-11T14:06:59","slug":"laval-rassemblement-en-soutien-aux-cinq-militants-antinucleaires-juges-a-laval","status":"publish","type":"post","link":"https:\/\/fa86.noblogs.org\/?p=9515","title":{"rendered":"[Laval] Rassemblement en soutien aux cinq militants antinucl\u00e9aires jug\u00e9s \u00e0 Laval"},"content":{"rendered":"<p style=\"text-align: justify\"><img decoding=\"async\" class=\"alignright\" alt=\"\" src=\"https:\/\/propagande.noblogs.org\/files\/2013\/01\/sab1-mini.jpg\" width=\"175\" \/>Devant le palais de justice de Laval, entre 50 et 60 personnes \u00e9taient r\u00e9unies ce midi pour soutenir les cinq militants antinucl\u00e9aires qui seront jug\u00e9s ce jeudi apr\u00e8s-midi pour d\u00e9gradation sur un pyl\u00f4ne dans la commune de Saint-Cyr-Le-Gravelais, en Mayenne. \u00ab S&rsquo;il y avait un vrai d\u00e9bat sur le nucl\u00e9aire, nous n\u2019aurions pas \u00e0 effectuer de tels rassemblements \u00bb, a d\u00e9fendu Annick Phillipe, l&rsquo;une des militantes poursuivies en justice.<\/p>\n<p style=\"text-align: right\"><em><strong>Presse nucl\u00e9aris\u00e9e (<a href=\"http:\/\/www.ouest-france.fr\/region\/paysdelaloire_detail_-Rassemblement-en-soutien-aux-cinq-militants-antinucleaires-juges-a-Laval_40806-2211170_actu.Htm\" target=\"_blank\">ouest-fRance.fr<\/a>)<br \/>11 juillet 2013<\/strong><\/em><\/p>\n","protected":false},"excerpt":{"rendered":"<p>Devant le palais de justice de Laval, entre 50 et 60 personnes \u00e9taient r\u00e9unies ce midi pour soutenir les cinq militants antinucl\u00e9aires qui seront jug\u00e9s ce jeudi apr\u00e8s-midi pour d\u00e9gradation sur un pyl\u00f4ne dans la commune de Saint-Cyr-Le-Gravelais, en Mayenne. \u00ab S&rsquo;il y avait un vrai d\u00e9bat sur le nucl\u00e9aire, nous n\u2019aurions pas \u00e0 effectuer &hellip; <a href=\"https:\/\/fa86.noblogs.org\/?p=9515\" class=\"more-link\">Continuer la lecture de <span class=\"screen-reader-text\">[Laval] Rassemblement en soutien aux cinq militants antinucl\u00e9aires jug\u00e9s \u00e0 Laval<\/span> <span class=\"meta-nav\">&rarr;<\/span><\/a><\/p>\n","protected":false},"author":2691,"featured_media":0,"comment_status":"open","ping_status":"open","sticky":false,"template":"","format":"standard","meta":{"footnotes":""},"categories":[25,21,7,16],"tags":[],"class_list":["post-9515","post","type-post","status-publish","format-standard","hentry","category-antinucleaire","category-desinformation-bourgeoise","category-propagande-marchande","category-repression"],"_links":{"self":[{"href":"https:\/\/fa86.noblogs.org\/index.php?rest_route=\/wp\/v2\/posts\/9515","targetHints":{"allow":["GET"]}}],"collection":[{"href":"https:\/\/fa86.noblogs.org\/index.php?rest_route=\/wp\/v2\/posts"}],"about":[{"href":"https:\/\/fa86.noblogs.org\/index.php?rest_route=\/wp\/v2\/types\/post"}],"author":[{"embeddable":true,"href":"https:\/\/fa86.noblogs.org\/index.php?rest_route=\/wp\/v2\/users\/2691"}],"replies":[{"embeddable":true,"href":"https:\/\/fa86.noblogs.org\/index.php?rest_route=%2Fwp%2Fv2%2Fcomments&post=9515"}],"version-history":[{"count":6,"href":"https:\/\/fa86.noblogs.org\/index.php?rest_route=\/wp\/v2\/posts\/9515\/revisions"}],"predecessor-version":[{"id":9521,"href":"https:\/\/fa86.noblogs.org\/index.php?rest_route=\/wp\/v2\/posts\/9515\/revisions\/9521"}],"wp:attachment":[{"href":"https:\/\/fa86.noblogs.org\/index.php?rest_route=%2Fwp%2Fv2%2Fmedia&parent=9515"}],"wp:term":[{"taxonomy":"category","embeddable":true,"href":"https:\/\/fa86.noblogs.org\/index.php?rest_route=%2Fwp%2Fv2%2Fcategories&post=9515"},{"taxonomy":"post_tag","embeddable":true,"href":"https:\/\/fa86.noblogs.org\/index.php?rest_route=%2Fwp%2Fv2%2Ftags&post=9515"}],"curies":[{"name":"wp","href":"https:\/\/api.w.org\/{rel}","templated":true}]}}