{"id":9522,"date":"2013-07-12T14:54:04","date_gmt":"2013-07-12T12:54:04","guid":{"rendered":"http:\/\/fa86.noblogs.org\/?p=9522"},"modified":"2013-07-12T15:04:05","modified_gmt":"2013-07-12T13:04:05","slug":"laval-1-000-e-damende-avec-sursis-requis-contre-les-cinq-militants-antinucleaires","status":"publish","type":"post","link":"https:\/\/fa86.noblogs.org\/?p=9522","title":{"rendered":"[Laval] 1 000 \u20ac d\u2019amende avec sursis requis contre les cinq militants antinucl\u00e9aires"},"content":{"rendered":"<p style=\"text-align: justify\"><img decoding=\"async\" class=\"alignleft\" alt=\"\" src=\"https:\/\/propagande.noblogs.org\/files\/2013\/02\/soleil-mini.jpg\" width=\"75\" \/>Ce jeudi 11 juillet, au tribunal correctionnel de Laval, cinq militants antinucl\u00e9aires ont \u00e9t\u00e9 jug\u00e9s. Deux motifs : d\u00e9gradation d\u2019un pyl\u00f4ne sur la commune de Saint-Cyr-Le-Gravelais et participation \u00e0 un groupement en vue de d\u00e9gradations de biens mat\u00e9riels. Les militants d\u00e9mentent les d\u00e9gradations.<\/p>\n<p style=\"text-align: justify\">Le procureur Sanesi requiert une peine d\u2019amende de 1 000 \u20ac avec sursis. Le jugement sera rendu jeudi 26 septembre.<\/p>\n<p style=\"text-align: right\"><em><strong>Presse atomique (<a href=\"http:\/\/www.ouest-france.fr\/actu\/actuLocale_-Laval.-1-000-d-amende-avec-sursis-requis-contre-les-cinq-militants-antinucleaires_40806-2211334------53130-aud_actu.Htm\" target=\"_blank\">ouest-fRance.fr<\/a>)<\/strong><\/em><br \/>\n<em><strong>11 juillet 2013<\/strong><\/em><\/p>\n","protected":false},"excerpt":{"rendered":"<p>Ce jeudi 11 juillet, au tribunal correctionnel de Laval, cinq militants antinucl\u00e9aires ont \u00e9t\u00e9 jug\u00e9s. Deux motifs : d\u00e9gradation d\u2019un pyl\u00f4ne sur la commune de Saint-Cyr-Le-Gravelais et participation \u00e0 un groupement en vue de d\u00e9gradations de biens mat\u00e9riels. Les militants d\u00e9mentent les d\u00e9gradations. Le procureur Sanesi requiert une peine d\u2019amende de 1 000 \u20ac avec &hellip; <a href=\"https:\/\/fa86.noblogs.org\/?p=9522\" class=\"more-link\">Continuer la lecture de <span class=\"screen-reader-text\">[Laval] 1 000 \u20ac d\u2019amende avec sursis requis contre les cinq militants antinucl\u00e9aires<\/span> <span class=\"meta-nav\">&rarr;<\/span><\/a><\/p>\n","protected":false},"author":2691,"featured_media":0,"comment_status":"open","ping_status":"open","sticky":false,"template":"","format":"standard","meta":{"footnotes":""},"categories":[25,26,21,7,16],"tags":[],"class_list":["post-9522","post","type-post","status-publish","format-standard","hentry","category-antinucleaire","category-construction-du-desert","category-desinformation-bourgeoise","category-propagande-marchande","category-repression"],"_links":{"self":[{"href":"https:\/\/fa86.noblogs.org\/index.php?rest_route=\/wp\/v2\/posts\/9522","targetHints":{"allow":["GET"]}}],"collection":[{"href":"https:\/\/fa86.noblogs.org\/index.php?rest_route=\/wp\/v2\/posts"}],"about":[{"href":"https:\/\/fa86.noblogs.org\/index.php?rest_route=\/wp\/v2\/types\/post"}],"author":[{"embeddable":true,"href":"https:\/\/fa86.noblogs.org\/index.php?rest_route=\/wp\/v2\/users\/2691"}],"replies":[{"embeddable":true,"href":"https:\/\/fa86.noblogs.org\/index.php?rest_route=%2Fwp%2Fv2%2Fcomments&post=9522"}],"version-history":[{"count":8,"href":"https:\/\/fa86.noblogs.org\/index.php?rest_route=\/wp\/v2\/posts\/9522\/revisions"}],"predecessor-version":[{"id":9530,"href":"https:\/\/fa86.noblogs.org\/index.php?rest_route=\/wp\/v2\/posts\/9522\/revisions\/9530"}],"wp:attachment":[{"href":"https:\/\/fa86.noblogs.org\/index.php?rest_route=%2Fwp%2Fv2%2Fmedia&parent=9522"}],"wp:term":[{"taxonomy":"category","embeddable":true,"href":"https:\/\/fa86.noblogs.org\/index.php?rest_route=%2Fwp%2Fv2%2Fcategories&post=9522"},{"taxonomy":"post_tag","embeddable":true,"href":"https:\/\/fa86.noblogs.org\/index.php?rest_route=%2Fwp%2Fv2%2Ftags&post=9522"}],"curies":[{"name":"wp","href":"https:\/\/api.w.org\/{rel}","templated":true}]}}