{"id":9531,"date":"2013-07-12T15:08:50","date_gmt":"2013-07-12T13:08:50","guid":{"rendered":"http:\/\/fa86.noblogs.org\/?p=9531"},"modified":"2013-07-12T15:08:50","modified_gmt":"2013-07-12T13:08:50","slug":"gestion-de-la-penurie-poitiers-une-nouvelle-agence-de-pole-emploi","status":"publish","type":"post","link":"https:\/\/fa86.noblogs.org\/?p=9531","title":{"rendered":"[Gestion de la p\u00e9nurie] [Poitiers] Une nouvelle agence de P\u00f4le emploi"},"content":{"rendered":"<p style=\"text-align: justify\">En pr\u00e9sence d&rsquo;Elisabeth Borne, pr\u00e9f\u00e8te, Dominique Morin, directeur r\u00e9gional P\u00f4le emploi Poitou-Charentes, a inaugur\u00e9 le nouveau site &#8211; qui regroupe tous les services &#8211; de l&rsquo;agence P\u00f4le emploi Poitiers-Grand Large, 2, all\u00e9e de la Calypso \u00e0 Saint-Beno\u00eet. Dans son discours inaugural, le directeur r\u00e9gional a remerci\u00e9 les agents, les partenaires financiers et les \u00e9lus pour leur engagement dans ce projet ainsi que les tous les services \u00e9conomiques de Grand Poitiers. \u00abC&rsquo;est une structure qui est \u00e0 la hauteur de la qualit\u00e9 de service que nous voulons offrir aux chercheurs d&#8217;emploi, aux entreprises et partenaires.\u00bb Elisabeth Borne, pr\u00e9f\u00e8te, a rappel\u00e9 que l&#8217;emploi \u00e9tait la priorit\u00e9 num\u00e9ro un du gouvernement et des services territoriaux de l&rsquo;Etat. \u00ab La Vienne compte 17.800 demandeurs d&#8217;emploi de cat\u00e9gorie A. Cela fait trois ans que l&rsquo;on assiste \u00e0 une progression quasi-continue du ch\u00f4mage mais derri\u00e8re ces chiffres ce sont des personnes qu&rsquo;il nous faut accompagner et pour lesquelles nous devons nous mobiliser. \u00bb<\/p>\n<p style=\"text-align: right\"><em><strong>Corr. NR Daniel Brun, <a href=\"http:\/\/www.lanouvellerepublique.fr\/Vienne\/Actualite\/Economie-social\/n\/Contenus\/Articles\/2013\/07\/12\/Une-nouvelle-agence-de-Pole-emploi-1545829\" target=\"_blank\">Lanouvellerepublique.fr<\/a><\/strong><\/em><br \/>\n<em><strong>12 juillet 2013<\/strong><\/em><\/p>\n","protected":false},"excerpt":{"rendered":"<p>En pr\u00e9sence d&rsquo;Elisabeth Borne, pr\u00e9f\u00e8te, Dominique Morin, directeur r\u00e9gional P\u00f4le emploi Poitou-Charentes, a inaugur\u00e9 le nouveau site &#8211; qui regroupe tous les services &#8211; de l&rsquo;agence P\u00f4le emploi Poitiers-Grand Large, 2, all\u00e9e de la Calypso \u00e0 Saint-Beno\u00eet. Dans son discours inaugural, le directeur r\u00e9gional a remerci\u00e9 les agents, les partenaires financiers et les \u00e9lus pour &hellip; <a href=\"https:\/\/fa86.noblogs.org\/?p=9531\" class=\"more-link\">Continuer la lecture de <span class=\"screen-reader-text\">[Gestion de la p\u00e9nurie] [Poitiers] Une nouvelle agence de P\u00f4le emploi<\/span> <span class=\"meta-nav\">&rarr;<\/span><\/a><\/p>\n","protected":false},"author":2691,"featured_media":0,"comment_status":"open","ping_status":"open","sticky":false,"template":"","format":"standard","meta":{"footnotes":""},"categories":[21,20,22,7],"tags":[],"class_list":["post-9531","post","type-post","status-publish","format-standard","hentry","category-desinformation-bourgeoise","category-feu-aux-prisons","category-le-travail-tue","category-propagande-marchande"],"_links":{"self":[{"href":"https:\/\/fa86.noblogs.org\/index.php?rest_route=\/wp\/v2\/posts\/9531","targetHints":{"allow":["GET"]}}],"collection":[{"href":"https:\/\/fa86.noblogs.org\/index.php?rest_route=\/wp\/v2\/posts"}],"about":[{"href":"https:\/\/fa86.noblogs.org\/index.php?rest_route=\/wp\/v2\/types\/post"}],"author":[{"embeddable":true,"href":"https:\/\/fa86.noblogs.org\/index.php?rest_route=\/wp\/v2\/users\/2691"}],"replies":[{"embeddable":true,"href":"https:\/\/fa86.noblogs.org\/index.php?rest_route=%2Fwp%2Fv2%2Fcomments&post=9531"}],"version-history":[{"count":1,"href":"https:\/\/fa86.noblogs.org\/index.php?rest_route=\/wp\/v2\/posts\/9531\/revisions"}],"predecessor-version":[{"id":9532,"href":"https:\/\/fa86.noblogs.org\/index.php?rest_route=\/wp\/v2\/posts\/9531\/revisions\/9532"}],"wp:attachment":[{"href":"https:\/\/fa86.noblogs.org\/index.php?rest_route=%2Fwp%2Fv2%2Fmedia&parent=9531"}],"wp:term":[{"taxonomy":"category","embeddable":true,"href":"https:\/\/fa86.noblogs.org\/index.php?rest_route=%2Fwp%2Fv2%2Fcategories&post=9531"},{"taxonomy":"post_tag","embeddable":true,"href":"https:\/\/fa86.noblogs.org\/index.php?rest_route=%2Fwp%2Fv2%2Ftags&post=9531"}],"curies":[{"name":"wp","href":"https:\/\/api.w.org\/{rel}","templated":true}]}}