{"id":9533,"date":"2013-07-12T15:22:07","date_gmt":"2013-07-12T13:22:07","guid":{"rendered":"http:\/\/fa86.noblogs.org\/?p=9533"},"modified":"2013-07-13T03:15:52","modified_gmt":"2013-07-13T01:15:52","slug":"administration-policiere-de-la-misere-chatellerault-ne-pas-laisser-dire-quil-y-a-des-zones-de-non-droit","status":"publish","type":"post","link":"https:\/\/fa86.noblogs.org\/?p=9533","title":{"rendered":"[Administration polici\u00e8re de la mis\u00e8re] [Ch\u00e2tellerault] \u00ab\u00a0Ne pas laisser dire qu&rsquo;il y a des zones de non-droit !\u00a0\u00bb"},"content":{"rendered":"<p style=\"text-align: justify\">Pr\u00e9sente lors d\u2019une r\u00e9union sur les questions de s\u00e9curit\u00e9 publique, hier \u00e0 Ch\u00e2tellerault, la pr\u00e9f\u00e8te a voulu faire passer le message de l\u2019autorit\u00e9 de l\u2019\u00c9tat.<\/p>\n<p style=\"text-align: justify\">Y a-t-il le feu \u00e0 Ch\u00e2tellerault\u2009? La question, enfin dans ces termes-l\u00e0, n&rsquo;\u00e9tait pas \u00e0 l&rsquo;ordre du jour hier de la r\u00e9union sur la s\u00e9curit\u00e9 publique, organis\u00e9e en sous-pr\u00e9fecture. Pourtant, la pr\u00e9f\u00e8te, \u00c9lisabeth Borne avait fait le d\u00e9placement en personne.<\/p>\n<p style=\"text-align: justify\">A ses c\u00f4t\u00e9s au moment du point-presse, la sous-pr\u00e9f\u00e8te V\u00e9ronique Schaaf Lenoir, le maire Jean-Pierre Abelin, le directeur d\u00e9partemental de la s\u00e9curit\u00e9 publique (DDSP) Jean-Fran\u00e7ois Papineau.<\/p>\n<p style=\"text-align: justify\">Alors r\u00e9union de crise ou pas\u2009? \u00ab On est dans un contexte o\u00f9 on peut parler localement de d\u00e9linquance ma\u00eetris\u00e9e. Qu&rsquo;on garde ses nerfs\u2009! \u00bb, clame la pr\u00e9f\u00e8te.<\/p>\n<p style=\"text-align: justify\">&gt; \u00ab\u00a0\u2009La police va partout\u2009\u00a0\u00bb. \u00ab On est dans un d\u00e9partement calme o\u00f9 on ne peut pas laisser dire qu&rsquo;il y a des zones de non-droit\u2009! \u00bb, assure \u00c9lisabeth Borne dans une froide col\u00e8re.<br \/>\nLa pr\u00e9f\u00e8te fait r\u00e9f\u00e9rence aux d\u00e9clarations d&rsquo;entrepreneurs et de la f\u00e9d\u00e9ration du b\u00e2timent \u00e0 propos de la s\u00e9curit\u00e9 d&rsquo;un chantier dans le quartier des Renardi\u00e8res (notre \u00e9dition de mardi). \u00ab Il y a \u00e0 Ch\u00e2tellerault des zones de non-droit \u00bb, affirmait l&rsquo;un d&rsquo;eux. \u00ab Cela ne refl\u00e8te absolument pas la r\u00e9alit\u00e9\u2009! La police nationale va partout et travaille partout \u00bb, assure Jean-Fran\u00e7ois Papineau. Sur les faits eux-m\u00eames, le patron de la police donne ses chiffres\u2009: six faits de vol, signal\u00e9s sur ce chantier dans les six premiers mois de l&rsquo;ann\u00e9e.<\/p>\n<p style=\"text-align: justify\">&gt; Mont\u00e9e des violences. Ins\u00e9curit\u00e9 ou sentiment d&rsquo;ins\u00e9curit\u00e9\u2026 Le climat g\u00e9n\u00e9ral para\u00eet s&rsquo;\u00eatre quand m\u00eame fortement d\u00e9grad\u00e9 ces derniers mois en ville avec en point d&rsquo;orgue plusieurs affaires retentissantes. Le DDSP en convient\u2009: \u00ab Il y a une mont\u00e9e des violences \u00e0 Ch\u00e2tellerault depuis le 1er semestre \u00e0 tous niveaux. On constate des passages \u00e0 l&rsquo;acte violent plus fr\u00e9quents notamment chez des personnes pr\u00e9caris\u00e9es, souvent en relation avec une addiction comme l&rsquo;alcool. \u00bb <strong><em>[Lire \u00e0 ce propos <a href=\"http:\/\/www.lanouvellerepublique.fr\/Vienne\/Actualite\/24-Heures\/n\/Contenus\/Articles\/2013\/07\/12\/Alcool-la-mairie-ferme-le-robinet-1546066\" target=\"_blank\">l&rsquo;article de la NR d&rsquo;aujourd&rsquo;hui<\/a>, o\u00f9 l&rsquo;on voit que les municipalit\u00e9s ne savent plus quoi inventer pour donner l&rsquo;impression de faire quelque chose. On ressort les vieilles rengaine sur l&rsquo;alcool, le \u00ab\u00a0fl\u00e9au des classes laborieuses\u00a0\u00bb et l&rsquo;oisivet\u00e9 \u00ab\u00a0m\u00e8re de tous les vices\u00a0\u00bb pour ne surtout pas interroger les causes structurelles de la mis\u00e8re, dont l&rsquo;alcoolisme n&rsquo;est qu&rsquo;un r\u00e9v\u00e9lateur. NdPN]<\/em><\/strong><\/p>\n<p style=\"text-align: justify\">&gt; Trafics. \u00ab On constate \u00e9galement des violences li\u00e9es aux trafics et \u00e0 certaines m\u00e9thodes de \u00ab\u00a0\u2009recouvrement des cr\u00e9ances\u2009\u00a0\u00bb \u00bb, souligne \u00e9galement Jean-Fran\u00e7ois Papineau. Selon la police, le nombre de trafics d\u00e9mantel\u00e9s est pass\u00e9 \u00ab de 1 \u00e0 9 \u00bb depuis le d\u00e9but de l&rsquo;ann\u00e9e. \u00ab On est intraitable sur les ph\u00e9nom\u00e8nes de trafic\u2009! \u00bb, affirme la pr\u00e9f\u00e8te.<\/p>\n<p style=\"text-align: justify\">&gt; Vigilance. Le maire le disait hier. Il ressent \u00ab un climat d&rsquo;exasp\u00e9ration et d&rsquo;intol\u00e9rance, li\u00e9 aussi \u00e0 la crise \u00bb. \u00c9lisabeth Borne parle d&rsquo;un \u00ab travail approfondi sur le terrain \u00bb mais en appelle \u00e0 la vigilance. \u00ab La population doit et peut compter sur la police plus que jamais \u00bb, conclut Jean-Fran\u00e7ois Papineau.<\/p>\n<p style=\"text-align: right\"><em><strong>Franck Bastard, <a href=\"http:\/\/www.lanouvellerepublique.fr\/Vienne\/Actualite\/24-Heures\/n\/Contenus\/Articles\/2013\/07\/12\/Ne-pas-laisser-dire-qu-il-y-a-des-zones-de-non-droit-!-1546084\" target=\"_blank\">lanouvellerepublique.fr<\/a><\/strong><\/em><br \/>\n<em><strong>12 juillet 2013<\/strong><\/em><\/p>\n","protected":false},"excerpt":{"rendered":"<p>Pr\u00e9sente lors d\u2019une r\u00e9union sur les questions de s\u00e9curit\u00e9 publique, hier \u00e0 Ch\u00e2tellerault, la pr\u00e9f\u00e8te a voulu faire passer le message de l\u2019autorit\u00e9 de l\u2019\u00c9tat. Y a-t-il le feu \u00e0 Ch\u00e2tellerault\u2009? La question, enfin dans ces termes-l\u00e0, n&rsquo;\u00e9tait pas \u00e0 l&rsquo;ordre du jour hier de la r\u00e9union sur la s\u00e9curit\u00e9 publique, organis\u00e9e en sous-pr\u00e9fecture. Pourtant, &hellip; <a href=\"https:\/\/fa86.noblogs.org\/?p=9533\" class=\"more-link\">Continuer la lecture de <span class=\"screen-reader-text\">[Administration polici\u00e8re de la mis\u00e8re] [Ch\u00e2tellerault] \u00ab\u00a0Ne pas laisser dire qu&rsquo;il y a des zones de non-droit !\u00a0\u00bb<\/span> <span class=\"meta-nav\">&rarr;<\/span><\/a><\/p>\n","protected":false},"author":2691,"featured_media":0,"comment_status":"open","ping_status":"open","sticky":false,"template":"","format":"standard","meta":{"footnotes":""},"categories":[28,21,6,7,16],"tags":[],"class_list":["post-9533","post","type-post","status-publish","format-standard","hentry","category-a-bas-les-bidasses","category-desinformation-bourgeoise","category-paf-le-faf","category-propagande-marchande","category-repression"],"_links":{"self":[{"href":"https:\/\/fa86.noblogs.org\/index.php?rest_route=\/wp\/v2\/posts\/9533","targetHints":{"allow":["GET"]}}],"collection":[{"href":"https:\/\/fa86.noblogs.org\/index.php?rest_route=\/wp\/v2\/posts"}],"about":[{"href":"https:\/\/fa86.noblogs.org\/index.php?rest_route=\/wp\/v2\/types\/post"}],"author":[{"embeddable":true,"href":"https:\/\/fa86.noblogs.org\/index.php?rest_route=\/wp\/v2\/users\/2691"}],"replies":[{"embeddable":true,"href":"https:\/\/fa86.noblogs.org\/index.php?rest_route=%2Fwp%2Fv2%2Fcomments&post=9533"}],"version-history":[{"count":3,"href":"https:\/\/fa86.noblogs.org\/index.php?rest_route=\/wp\/v2\/posts\/9533\/revisions"}],"predecessor-version":[{"id":9560,"href":"https:\/\/fa86.noblogs.org\/index.php?rest_route=\/wp\/v2\/posts\/9533\/revisions\/9560"}],"wp:attachment":[{"href":"https:\/\/fa86.noblogs.org\/index.php?rest_route=%2Fwp%2Fv2%2Fmedia&parent=9533"}],"wp:term":[{"taxonomy":"category","embeddable":true,"href":"https:\/\/fa86.noblogs.org\/index.php?rest_route=%2Fwp%2Fv2%2Fcategories&post=9533"},{"taxonomy":"post_tag","embeddable":true,"href":"https:\/\/fa86.noblogs.org\/index.php?rest_route=%2Fwp%2Fv2%2Ftags&post=9533"}],"curies":[{"name":"wp","href":"https:\/\/api.w.org\/{rel}","templated":true}]}}