{"id":9601,"date":"2013-08-17T11:07:09","date_gmt":"2013-08-17T09:07:09","guid":{"rendered":"http:\/\/fa86.noblogs.org\/?p=9601"},"modified":"2013-08-17T11:07:09","modified_gmt":"2013-08-17T09:07:09","slug":"chambon-37-hourra-pour-lara","status":"publish","type":"post","link":"https:\/\/fa86.noblogs.org\/?p=9601","title":{"rendered":"[Chambon &#8211; 37] Hourra pour Lara"},"content":{"rendered":"<p style=\"text-align: justify\"><em><strong>NdPN<\/strong> : une femme <a href=\"http:\/\/www.lanouvellerepublique.fr\/Vienne\/Actualite\/Faits-divers-justice\/n\/Contenus\/Articles\/2013\/07\/03\/Trois-mois-sans-portable-la-justice-s-en-mele-1535022\" target=\"_blank\">se bagarrait contre l&rsquo;implantation d&rsquo;une antenne relais d\u00e9fectueuse Orange chez elle<\/a>. Pas facile, surtout quand des tas de voisin-e-s des communes voisines r\u00e2lent parce qu&rsquo;il n&rsquo;y a pas de r\u00e9seau ! Le juge des r\u00e9f\u00e9r\u00e9s du tribunal de grande instance de Tours, saisi par Orange qui souhaitait r\u00e9parer le relais, a finalement donn\u00e9 raison \u00e0 Lara Vilatte, consid\u00e9rant qu&rsquo;Orange occupe ill\u00e9galement son terrain.<\/em><\/p>\n<p style=\"text-align: justify\"><a href=\"http:\/\/www.lanouvellerepublique.fr\/Vienne\/Actualite\/Faits-divers-justice\/n\/Contenus\/Articles\/2013\/08\/17\/Orange-doit-demonter-son-relais-de-telephonie-1580654\" target=\"_blank\"><strong>Orange doit d\u00e9monter son relais de t\u00e9l\u00e9phonie<\/strong><\/a><\/p>\n<p id=\"articleChapo\" style=\"text-align: justify\">Priv\u00e9s de portable depuis quatre mois, la situation des habitants de quatre communes ne devrait pas s\u2019am\u00e9liorer, Orange vient de perdre son proc\u00e8s.<a href=\"http:\/\/memorix.sdv.fr\/5c\/www.lanouvellerepublique.fr\/actualite\/faits-divers-justice_articles\/86\/horszone\/702926949\/Position1\/default\/empty.gif\/5575556e555649504f717341424d535a\" target=\"_blank\"><img loading=\"lazy\" decoding=\"async\" alt=\"\" src=\"http:\/\/memorix.sdv.fr\/0\/default\/empty.gif\" width=\"1\" height=\"1\" border=\"0\" \/><\/a><\/p>\n<div id=\"text\" style=\"text-align: justify\">\n<p>Depuis la mi-mars, des centaines d&rsquo;abonn\u00e9s d&rsquo;Orange de plusieurs communes d&rsquo;Indre-et-Loire et de quatre de la Vienne,<b> L\u00e9signy, Leugny, Mair\u00e9 et Saint-R\u00e9my-sur-Creuse<\/b>, sont priv\u00e9es de portable (lire notre \u00e9dition du 3\u00a0juillet).<\/p>\n<p><b>Des maires proposent des terrains gratuits<\/b><\/p>\n<p>En conflit avec le propri\u00e9taire du terrain o\u00f9 est implant\u00e9 son relais haut d&rsquo;une trentaine de m\u00e8tres, Orange avait saisi la justice, en l&rsquo;occurrence le juge des r\u00e9f\u00e9r\u00e9s du tribunal de grande instance de Tours. Ce dernier vient finalement de donner raison au particulier. A l&rsquo;origine du litige, il y a donc ce relais de t\u00e9l\u00e9phonie mobile d\u00e9fectueux implant\u00e9 au d\u00e9but des ann\u00e9es 2000\u00a0dans une parcelle des vergers de la Garenne, \u00e0 Chambon (Indre-et-Loire). Or, la propri\u00e9taire, Lara Vilatte, refuse de laisser entrer les techniciens des t\u00e9l\u00e9coms pour proc\u00e9der \u00e0 la r\u00e9paration. Pour elle, aucun document sign\u00e9 de sa main ne l&rsquo;y oblige. Le juge des r\u00e9f\u00e9r\u00e9s du tribunal de grande instance de Tours vient de lui donner raison. Au point que, selon la d\u00e9cision rendue, Orange occupe ill\u00e9galement son terrain. Le juge a donn\u00e9 six mois \u00e0 l&rsquo;op\u00e9rateur pour d\u00e9monter son relais. Mais Orange a indiqu\u00e9 vouloir faire appel. Cette situation agace prodigieusement les habitants desservis par ce relais de t\u00e9l\u00e9phonie mobile. Ils sollicitent r\u00e9guli\u00e8rement leurs \u00e9lus pour trouver une solution de rechange. Des maires proposent de mettre \u00e0 disposition d&rsquo;Orange des terrains communaux pour permettre l&rsquo;\u00e9rection d&rsquo;un nouveau pyl\u00f4ne sans attendre le r\u00e8glement judiciaire du conflit actuel.<\/p>\n<p><em>Nouvelle R\u00e9publique, 17 ao\u00fbt 2013<\/em><\/p>\n<\/div>\n","protected":false},"excerpt":{"rendered":"<p>NdPN : une femme se bagarrait contre l&rsquo;implantation d&rsquo;une antenne relais d\u00e9fectueuse Orange chez elle. Pas facile, surtout quand des tas de voisin-e-s des communes voisines r\u00e2lent parce qu&rsquo;il n&rsquo;y a pas de r\u00e9seau ! Le juge des r\u00e9f\u00e9r\u00e9s du tribunal de grande instance de Tours, saisi par Orange qui souhaitait r\u00e9parer le relais, a &hellip; <a href=\"https:\/\/fa86.noblogs.org\/?p=9601\" class=\"more-link\">Continuer la lecture de <span class=\"screen-reader-text\">[Chambon &#8211; 37] Hourra pour Lara<\/span> <span class=\"meta-nav\">&rarr;<\/span><\/a><\/p>\n","protected":false},"author":2691,"featured_media":0,"comment_status":"closed","ping_status":"open","sticky":false,"template":"","format":"standard","meta":{"footnotes":""},"categories":[18],"tags":[],"class_list":["post-9601","post","type-post","status-publish","format-standard","hentry","category-decroissance-libertaire"],"_links":{"self":[{"href":"https:\/\/fa86.noblogs.org\/index.php?rest_route=\/wp\/v2\/posts\/9601","targetHints":{"allow":["GET"]}}],"collection":[{"href":"https:\/\/fa86.noblogs.org\/index.php?rest_route=\/wp\/v2\/posts"}],"about":[{"href":"https:\/\/fa86.noblogs.org\/index.php?rest_route=\/wp\/v2\/types\/post"}],"author":[{"embeddable":true,"href":"https:\/\/fa86.noblogs.org\/index.php?rest_route=\/wp\/v2\/users\/2691"}],"replies":[{"embeddable":true,"href":"https:\/\/fa86.noblogs.org\/index.php?rest_route=%2Fwp%2Fv2%2Fcomments&post=9601"}],"version-history":[{"count":2,"href":"https:\/\/fa86.noblogs.org\/index.php?rest_route=\/wp\/v2\/posts\/9601\/revisions"}],"predecessor-version":[{"id":9603,"href":"https:\/\/fa86.noblogs.org\/index.php?rest_route=\/wp\/v2\/posts\/9601\/revisions\/9603"}],"wp:attachment":[{"href":"https:\/\/fa86.noblogs.org\/index.php?rest_route=%2Fwp%2Fv2%2Fmedia&parent=9601"}],"wp:term":[{"taxonomy":"category","embeddable":true,"href":"https:\/\/fa86.noblogs.org\/index.php?rest_route=%2Fwp%2Fv2%2Fcategories&post=9601"},{"taxonomy":"post_tag","embeddable":true,"href":"https:\/\/fa86.noblogs.org\/index.php?rest_route=%2Fwp%2Fv2%2Ftags&post=9601"}],"curies":[{"name":"wp","href":"https:\/\/api.w.org\/{rel}","templated":true}]}}