{"id":9605,"date":"2013-08-17T11:14:54","date_gmt":"2013-08-17T09:14:54","guid":{"rendered":"http:\/\/fa86.noblogs.org\/?p=9605"},"modified":"2013-08-17T11:14:54","modified_gmt":"2013-08-17T09:14:54","slug":"chasseneuil-du-poitou-86-a-nouveau-greve-chez-lasercontact","status":"publish","type":"post","link":"https:\/\/fa86.noblogs.org\/?p=9605","title":{"rendered":"[Chasseneuil-du-Poitou &#8211; 86] \u00e0 nouveau gr\u00e8ve chez Lasercontact"},"content":{"rendered":"<p style=\"text-align: justify\"><a href=\"http:\/\/www.lanouvellerepublique.fr\/Vienne\/Actualite\/Economie-social\/n\/Contenus\/Articles\/2013\/08\/17\/Lasercontact-les-grevistes-du-mois-d-aout-1580807\" target=\"_blank\"><strong>Lasercontact : les gr\u00e9vistes du mois d&rsquo;ao\u00fbt<\/strong><\/a><\/p>\n<p style=\"text-align: justify\">Pas de tr\u00eave estivale sur le front de la lutte sociale \u00e0 la CGT du centre d&rsquo;appels Lasercontact, implant\u00e9 sur la zone du Futuroscope. A l&rsquo;appel de leur syndicat qui avait lanc\u00e9 un appel \u00e0 la gr\u00e8ve hier de 14\u2009h \u00e0 minuit, une cinquantaine de salari\u00e9s ont particip\u00e9 \u00e0 un rassemblement \u00e0 proximit\u00e9 du rond-point de l&rsquo;avenue du Tour de France. Apr\u00e8s le rachat par Amratis au 1<sup>er<\/sup>\u00a0juin 2012, \u00ab\u00a0<i>nous constatons qu&rsquo;encore une fois ce sont les salari\u00e9s qui sont trait\u00e9s comme des variables d&rsquo;ajustements<\/i>, explique le d\u00e9l\u00e9gu\u00e9 syndical Julien H\u00e9mon. <i>Cette gr\u00e8ve porte les revendications des salari\u00e9s mais est aussi l&rsquo;expression d&rsquo;un ras-le-bol.\u00a0<\/i>\u00bb La CGT pointe du doigt notamment la gestion des cong\u00e9s, le gel des salaires, les recrutements en CDD, les conditions de travail, ou encore la gestion des plannings, \u00ab\u00a0<i>tout ceci est la cause de nombreux arr\u00eats maladie, d\u00e9claration d&rsquo;inaptitude \u00e0 tout poste dans l&rsquo;entreprise et turnover\u00a0<\/i>\u00bb. Ce rassemblement a \u00e9t\u00e9 l&rsquo;occasion pour la CGT Lasercontact, d&rsquo;expliciter aux troupes ses principales revendications destin\u00e9es \u00e0 la direction, sur la r\u00e9\u00e9valuation des salaires, l&rsquo;arr\u00eat de l&rsquo;annualisation du temps de travail en passant sur des semaines \u00e0 37\u2009h\u200930\u00a0et 12\u00a0RTT\u2026<\/p>\n<p style=\"text-align: justify\"><em>Nouvelle R\u00e9publique, 17 ao\u00fbt 2013<\/em><\/p>\n","protected":false},"excerpt":{"rendered":"<p>Lasercontact : les gr\u00e9vistes du mois d&rsquo;ao\u00fbt Pas de tr\u00eave estivale sur le front de la lutte sociale \u00e0 la CGT du centre d&rsquo;appels Lasercontact, implant\u00e9 sur la zone du Futuroscope. A l&rsquo;appel de leur syndicat qui avait lanc\u00e9 un appel \u00e0 la gr\u00e8ve hier de 14\u2009h \u00e0 minuit, une cinquantaine de salari\u00e9s ont particip\u00e9 &hellip; <a href=\"https:\/\/fa86.noblogs.org\/?p=9605\" class=\"more-link\">Continuer la lecture de <span class=\"screen-reader-text\">[Chasseneuil-du-Poitou &#8211; 86] \u00e0 nouveau gr\u00e8ve chez Lasercontact<\/span> <span class=\"meta-nav\">&rarr;<\/span><\/a><\/p>\n","protected":false},"author":2691,"featured_media":0,"comment_status":"closed","ping_status":"open","sticky":false,"template":"","format":"standard","meta":{"footnotes":""},"categories":[9,22],"tags":[],"class_list":["post-9605","post","type-post","status-publish","format-standard","hentry","category-la-rue-grogne","category-le-travail-tue"],"_links":{"self":[{"href":"https:\/\/fa86.noblogs.org\/index.php?rest_route=\/wp\/v2\/posts\/9605","targetHints":{"allow":["GET"]}}],"collection":[{"href":"https:\/\/fa86.noblogs.org\/index.php?rest_route=\/wp\/v2\/posts"}],"about":[{"href":"https:\/\/fa86.noblogs.org\/index.php?rest_route=\/wp\/v2\/types\/post"}],"author":[{"embeddable":true,"href":"https:\/\/fa86.noblogs.org\/index.php?rest_route=\/wp\/v2\/users\/2691"}],"replies":[{"embeddable":true,"href":"https:\/\/fa86.noblogs.org\/index.php?rest_route=%2Fwp%2Fv2%2Fcomments&post=9605"}],"version-history":[{"count":2,"href":"https:\/\/fa86.noblogs.org\/index.php?rest_route=\/wp\/v2\/posts\/9605\/revisions"}],"predecessor-version":[{"id":9607,"href":"https:\/\/fa86.noblogs.org\/index.php?rest_route=\/wp\/v2\/posts\/9605\/revisions\/9607"}],"wp:attachment":[{"href":"https:\/\/fa86.noblogs.org\/index.php?rest_route=%2Fwp%2Fv2%2Fmedia&parent=9605"}],"wp:term":[{"taxonomy":"category","embeddable":true,"href":"https:\/\/fa86.noblogs.org\/index.php?rest_route=%2Fwp%2Fv2%2Fcategories&post=9605"},{"taxonomy":"post_tag","embeddable":true,"href":"https:\/\/fa86.noblogs.org\/index.php?rest_route=%2Fwp%2Fv2%2Ftags&post=9605"}],"curies":[{"name":"wp","href":"https:\/\/api.w.org\/{rel}","templated":true}]}}