{"id":9608,"date":"2013-08-19T10:08:59","date_gmt":"2013-08-19T08:08:59","guid":{"rendered":"http:\/\/fa86.noblogs.org\/?p=9608"},"modified":"2013-08-19T10:08:59","modified_gmt":"2013-08-19T08:08:59","slug":"dal-86-squat-de-croutelle-la-prefecture-doit-assumer-ses-responsabilites","status":"publish","type":"post","link":"https:\/\/fa86.noblogs.org\/?p=9608","title":{"rendered":"[DAL 86] Squat de Croutelle : La pr\u00e9fecture doit assumer ses responsabilit\u00e9s !"},"content":{"rendered":"<p style=\"text-align: justify\"><a href=\"http:\/\/dal86.fr\/2013\/08\/18\/squat-de-croutelle-la-prefecture-doit-assumer-ses-responsabilites\/\" target=\"_blank\"><strong>Squat de Croutelle : La pr\u00e9fecture doit assumer ses responsabilit\u00e9s !<\/strong><\/a><\/p>\n<p style=\"text-align: justify\"><b>Les familles du squat de Croutelle sont assign\u00e9es en r\u00e9f\u00e9r\u00e9 mercredi 21 ao\u00fbt 2013 \u00e0 10h au Tribunal d\u2019Instance, 21 rue Saint Louis \u00e0 Poitiers.<\/b><\/p>\n<p style=\"text-align: justify\">Une assignation indigente, plut\u00f4t b\u00e2cl\u00e9e de la pr\u00e9fecture qui ne justifie ni l\u2019urgence de l\u2019expulsion ni la n\u00e9cessit\u00e9 de l\u2019expulsion elle-m\u00eame. La maison a \u00e9t\u00e9 acquise par l\u2019Etat le 23 ao\u00fbt 2011 soit il y a deux ans et est \u00e0 l\u2019abandon depuis. La pr\u00e9fecture a pr\u00e9cis\u00e9 par voie de presse que \u00ab\u00a0<i>si cette maison est la propri\u00e9t\u00e9 de l\u2019\u00c9tat, c\u2019est pour la d\u00e9truire afin de laisser passer des am\u00e9nagements routiers<\/i>\u00a0\u00bb. <b>Certes mais quand et pour quel projet\u00a0? Donc aucune urgence \u00e0 expulser\u00a0!<\/b><\/p>\n<p style=\"text-align: justify\">D\u2019autre part, la pr\u00e9fecture ne se base que sur le fait que le service France Domaine est \u00ab\u00a0<i>propri\u00e9taire\u00a0\u00bb <\/i>et \u00ab\u00a0<i>le pavillon vient d\u2019\u00eatre envahi de roumains de fa\u00e7on illicite<\/i>\u00a0\u00bb qui seraient entr\u00e9s par effraction.\u00a0Le droit de propri\u00e9t\u00e9 et des propos renvoyant plus ou moins consciemment \u00e0 des pr\u00e9jug\u00e9s discriminatoires voire stigmatisants, c\u2019est tout ce que la pr\u00e9fecture a trouv\u00e9 pour expulser ces personnes en difficult\u00e9s.<\/p>\n<p style=\"text-align: justify\"><b>De qui se moque la pr\u00e9fecture quand on sait<\/b> qu\u2019il y a dans ce squat, comme le pr\u00e9cise le constat d\u2019huissier, 5 familles et 17 enfants\u00a0? Enfants qui sont \u00e2g\u00e9s de quelques jours \u00e0 16 ans.<\/p>\n<p style=\"text-align: justify\"><b>De qui se moque la pr\u00e9fecture quand on sait<\/b> que c\u2019est elle qui doit mettre en \u0153uvre la circulaire du 26 ao\u00fbt 2012 c\u2019est-\u00e0-dire qui doit 1- <b>Mobiliser les services de l\u2019Etat et les acteurs locaux concern\u00e9s <\/b><i><b>d\u00e8s qu\u2019elle a connaissance de l\u2019installation d\u2019un campement<\/b><\/i>, 2- <b>Proc\u00e9der \u00e0 l\u2018\u00e9tablissement d\u2019un diagnostic,<\/b> 3- <b>Mettre en place un accompagnement.<\/b><\/p>\n<p style=\"text-align: justify\"><b>De qui se moque la pr\u00e9fecture quand on sait<\/b> qu\u2019au lieu de cela, non seulement elle a fait murer la semaine derni\u00e8re trois autres maisons voisines appartenant elles aussi \u00e0 l\u2019Etat qui auraient tr\u00e8s bien pu servir \u00e0 loger des personnes en difficult\u00e9, <a href=\"http:\/\/dal86.fr\/2013\/08\/16\/squat-de-croutelle-sous-pression-de-la-prefecture-la-soregies-refuse-louverture-dun-compteur-electrique\/\" target=\"_blank\">non seulement elle est intervenue aupr\u00e8s de la Sor\u00e9gie pour qu\u2019elle ne leur ouvre pas un compteur \u00e9lectrique<\/a>, bafouant aussi leur droit \u00e0 l\u2019\u00e9lectricit\u00e9, mais assigne au tribunal pour les expulser les personnes dont elle doit s\u2019occuper.<\/p>\n<p style=\"text-align: justify\"><b>De qui se moque la pr\u00e9fecture quand on sai<\/b>t que c\u2019est elle qui s\u2019est bien gard\u00e9e de mettre tout en \u0153uvre pour respecter cette circulaire du 26 ao\u00fbt 2012 lorsque ces m\u00eames familles \u00e9taient dans un campement de cinq caravanes \u00e0 Chasseneuil-du-Poitou\u00a0?<\/p>\n<p style=\"text-align: justify\"><b>De qui se moque la pr\u00e9fecture quand on sait<\/b> que ces m\u00eames familles en ont \u00e9t\u00e9 vir\u00e9es comme des malpropres par une ordonnance sur requ\u00eate du propri\u00e9taire du terrain la SAS QUARTZ PROPERTIES dont le si\u00e8ge social se trouve 7 rue de l\u2019Amiral d\u2019Estaing, 75116 Paris, rendue le 2 juillet dernier par Mme Gracieuse Lacoste, pr\u00e9sidente du Tribunal de grande instance de Poitiers et tamponn\u00e9e du TGI le\u2026 DIMANCHE 21 juillet et sans que la pr\u00e9fecture ne l\u00e8ve le petit doigt pour appliquer l\u00e0 encore la circulaire du 26 ao\u00fbt 2012 ?<\/p>\n<p style=\"text-align: justify\"><b>De qui se moque la pr\u00e9fecture quand on sait<\/b> que l\u2019h\u00e9bergement d\u2019urgence et le SIAO sont gravement d\u00e9ficients et d\u00e9faillants sur Poitiers, qu\u2019il n\u2019y a que 25 places au CHUS plus deux places au Foyer Carrefour, toutes occup\u00e9es, et qu\u2019il y a presque une centaine de personnes dans les trois squats, sans compter la dizaine de personnes qui couche devant le CHUS tous les soirs\u00a0?<\/p>\n<h3 style=\"text-align: justify\" align=\"CENTER\">Le scandale est l\u00e0\u00a0! Et il n\u2019est pas, loin s\u2019en faut, dans le fait que des \u00ab\u00a0roumains\u00a0\u00bb aient os\u00e9 \u00ab\u00a0envahir\u00a0\u00bb une maison vou\u00e9e \u00e0 la destruction et inoccup\u00e9e depuis 2 ans\u00a0!<\/h3>\n<p style=\"text-align: justify\">Cette maison appartenant l\u2019Etat est une solution simple qui pourrait permettre de commencer sereinement la mise en \u0153uvre de la circulaire du 26 ao\u00fbt 2012. C\u2019est une solution simple aux difficult\u00e9s que vivent ces familles. Pourquoi la pr\u00e9fecture ne commencerait pas sa prise en charge en stabilisant la situation en contractant avec elles un bail pr\u00e9caire\u00a0? Ces familles ne demandent rien d\u2019autre pour le moment. Elles sont capables de payer leur eau et leur \u00e9lectricit\u00e9 et il faut simplement les laisser un peu tranquilles afin qu\u2019elles puissent subvenir \u00e0 leurs besoins toutes seules.<\/p>\n<h3 style=\"text-align: justify\" align=\"CENTER\">Tous au tribunal d\u2019instance de Poitiers le 21 ao\u00fbt pour soutenir les familles et, non seulement exiger avec elles l\u2019arr\u00eat des proc\u00e9dures et du harc\u00e8lement, mais exiger le respect de leurs droits.<\/h3>\n<p style=\"text-align: justify\"><em><a href=\"http:\/\/dal86.fr\/\" target=\"_blank\">DAL86<\/a><\/em><em> \u2013 <\/em><em><a href=\"mailto:dal86@free.fr\" target=\"_blank\">dal86@free.fr<\/a><\/em><em> \u2013 06 52 93 54 44 \/ 05 49 88 94 56<\/em><\/p>\n<p style=\"text-align: justify\"><em>Permanences : tous les samedis matin de 11h \u00e0 12h et tous les mardis soirs de 17h \u00e0 18h Maison de la Solidarit\u00e9 22 rue du Pigeon Blanc Poitiers <\/em><\/p>\n<p style=\"text-align: justify\"><em>Vu sur DAL 86, 18 ao\u00fbt 2013<\/em><\/p>\n","protected":false},"excerpt":{"rendered":"<p>Squat de Croutelle : La pr\u00e9fecture doit assumer ses responsabilit\u00e9s ! Les familles du squat de Croutelle sont assign\u00e9es en r\u00e9f\u00e9r\u00e9 mercredi 21 ao\u00fbt 2013 \u00e0 10h au Tribunal d\u2019Instance, 21 rue Saint Louis \u00e0 Poitiers. Une assignation indigente, plut\u00f4t b\u00e2cl\u00e9e de la pr\u00e9fecture qui ne justifie ni l\u2019urgence de l\u2019expulsion ni la n\u00e9cessit\u00e9 de &hellip; <a href=\"https:\/\/fa86.noblogs.org\/?p=9608\" class=\"more-link\">Continuer la lecture de <span class=\"screen-reader-text\">[DAL 86] Squat de Croutelle : La pr\u00e9fecture doit assumer ses responsabilit\u00e9s !<\/span> <span class=\"meta-nav\">&rarr;<\/span><\/a><\/p>\n","protected":false},"author":2691,"featured_media":0,"comment_status":"closed","ping_status":"open","sticky":false,"template":"","format":"standard","meta":{"footnotes":""},"categories":[11,12,16,4,29],"tags":[],"class_list":["post-9608","post","type-post","status-publish","format-standard","hentry","category-ni-patrie-ni-frontiere","category-okupa-y-resiste","category-repression","category-se-trouver","category-un-toit-pour-tou-te-s"],"_links":{"self":[{"href":"https:\/\/fa86.noblogs.org\/index.php?rest_route=\/wp\/v2\/posts\/9608","targetHints":{"allow":["GET"]}}],"collection":[{"href":"https:\/\/fa86.noblogs.org\/index.php?rest_route=\/wp\/v2\/posts"}],"about":[{"href":"https:\/\/fa86.noblogs.org\/index.php?rest_route=\/wp\/v2\/types\/post"}],"author":[{"embeddable":true,"href":"https:\/\/fa86.noblogs.org\/index.php?rest_route=\/wp\/v2\/users\/2691"}],"replies":[{"embeddable":true,"href":"https:\/\/fa86.noblogs.org\/index.php?rest_route=%2Fwp%2Fv2%2Fcomments&post=9608"}],"version-history":[{"count":2,"href":"https:\/\/fa86.noblogs.org\/index.php?rest_route=\/wp\/v2\/posts\/9608\/revisions"}],"predecessor-version":[{"id":9610,"href":"https:\/\/fa86.noblogs.org\/index.php?rest_route=\/wp\/v2\/posts\/9608\/revisions\/9610"}],"wp:attachment":[{"href":"https:\/\/fa86.noblogs.org\/index.php?rest_route=%2Fwp%2Fv2%2Fmedia&parent=9608"}],"wp:term":[{"taxonomy":"category","embeddable":true,"href":"https:\/\/fa86.noblogs.org\/index.php?rest_route=%2Fwp%2Fv2%2Fcategories&post=9608"},{"taxonomy":"post_tag","embeddable":true,"href":"https:\/\/fa86.noblogs.org\/index.php?rest_route=%2Fwp%2Fv2%2Ftags&post=9608"}],"curies":[{"name":"wp","href":"https:\/\/api.w.org\/{rel}","templated":true}]}}