{"id":9647,"date":"2013-09-03T12:03:26","date_gmt":"2013-09-03T10:03:26","guid":{"rendered":"http:\/\/fa86.noblogs.org\/?p=9647"},"modified":"2013-09-03T12:03:26","modified_gmt":"2013-09-03T10:03:26","slug":"la-reforme-des-retraites-inclura-la-penibilite-des-manifestations-contre-la-reforme-des-retraites","status":"publish","type":"post","link":"https:\/\/fa86.noblogs.org\/?p=9647","title":{"rendered":"La r\u00e9forme des retraites inclura la p\u00e9nibilit\u00e9 des manifestations contre la r\u00e9forme des retraites"},"content":{"rendered":"<p style=\"text-align: justify\"><em><strong>NdPN<\/strong> : un bon d\u00e9lire du Gorafi, la tranche de rire du jour ^^<\/em><\/p>\n<p style=\"text-align: justify\"><a href=\"http:\/\/www.legorafi.fr\/2013\/08\/29\/la-reforme-des-retraites-inclura-la-penibilite-des-manifestations-contre-la-reforme-des-retraites\/\" target=\"_blank\"><strong>La r\u00e9forme des retraites inclura la p\u00e9nibilit\u00e9 des manifestations contre la r\u00e9forme des retraites<\/strong><\/a><\/p>\n<p dir=\"ltr\" style=\"text-align: justify\">Les repr\u00e9sentants de la CFDT et de la CGT peuvent pousser un ouf de soulagement : si le Premier ministre se montre intransigeant sur sa volont\u00e9 d\u2019allonger la dur\u00e9e de cotisation \u00e0 plus de 41,5 ans, les syndicats ont n\u00e9anmoins obtenu des garanties quant \u00e0 la prise en compte de la p\u00e9nibilit\u00e9 des manifestations contre la r\u00e9forme des retraites dans la future r\u00e9forme des retraites.<\/p>\n<p dir=\"ltr\" style=\"text-align: justify\">Afin d\u2019ancrer sa nouvelle r\u00e9forme \u00e0 gauche, le Premier ministre a finalement accept\u00e9 d\u2019y int\u00e9grer un compte-temps p\u00e9nibilit\u00e9 des manifestations contre la r\u00e9forme des retraites. Celui-ci r\u00e9pond \u00e0 une \u00e9tude du CNRS selon laquelle <em>\u00ab les gens qui manifestent le font souvent dans des conditions p\u00e9nibles. Pluie, froid, vent \u00bb<\/em>, ajoutant qu\u2019en outre ces personnes avaient une esp\u00e9rance de vie plus courte que celles qui restent confortablement install\u00e9es dans leur canap\u00e9 ou qui continuent leur activit\u00e9 de mani\u00e8re normale.<\/p>\n<p dir=\"ltr\" style=\"text-align: justify\">Le chercheur Marcel Champion explique : <em>\u00ab Lors des manifestations, il arrive souvent que les gens mangent mal, aient mal aux pieds, \u00e0 la gorge\u2026 Certains parfois m\u00eame s\u2019enrhument ! \u00bb<\/em>. Le chercheur s\u2019alarme de l\u2019\u00e9tat de sant\u00e9 de personnes qui auront ainsi manifest\u00e9 dans ces conditions toute leur vie : <em>\u00ab Le gouvernement fait face \u00e0 un scandale de m\u00eame ampleur que celui de l\u2019amiante et ne peut pas se voiler la face \u00bb<\/em> souligne le chercheur, affirmant que le gouvernement porte une part de responsabilit\u00e9 en for\u00e7ant les gens \u00e0 manifester.<\/p>\n<p dir=\"ltr\" style=\"text-align: justify\"><strong>Un syst\u00e8me par points<\/strong><\/p>\n<p dir=\"ltr\" style=\"text-align: justify\">Les salari\u00e9s qui manifestent dans des conditions p\u00e9nibles b\u00e9n\u00e9ficieront donc d\u2019un syst\u00e8me par points leur permettant de partir plus t\u00f4t \u00e0 la retraite : ampoules aux pieds, d\u00e9ficiences auditives r\u00e9sultant du passage d\u2019un mauvais groupe de percussions, saucisses et merguez canc\u00e9rig\u00e8nes\u2026 Aucun facteur de p\u00e9nibilit\u00e9 ne sera oubli\u00e9. Ces points seront ensuite convertis en temps \u00e0 soustraire du nombre d\u2019ann\u00e9es de cotisation.<\/p>\n<p dir=\"ltr\" style=\"text-align: justify\">Un syst\u00e8me qui satisfait les syndicats, mais pas le MEDEF. L\u2019organisation patronale, dans un souci d\u2019\u00e9quit\u00e9, demande en contrepartie que la p\u00e9nibilit\u00e9 des sessions de n\u00e9gociations avec les organisations syndicales soit elle aussi prise en compte.<\/p>\n<p dir=\"ltr\" style=\"text-align: justify\">La R\u00e9daction<\/p>\n<p dir=\"ltr\" style=\"text-align: justify\"><em>Vu Sur Legorafi, 29 ao\u00fbt 2013<\/em><\/p>\n","protected":false},"excerpt":{"rendered":"<p>NdPN : un bon d\u00e9lire du Gorafi, la tranche de rire du jour ^^ La r\u00e9forme des retraites inclura la p\u00e9nibilit\u00e9 des manifestations contre la r\u00e9forme des retraites Les repr\u00e9sentants de la CFDT et de la CGT peuvent pousser un ouf de soulagement : si le Premier ministre se montre intransigeant sur sa volont\u00e9 d\u2019allonger &hellip; <a href=\"https:\/\/fa86.noblogs.org\/?p=9647\" class=\"more-link\">Continuer la lecture de <span class=\"screen-reader-text\">La r\u00e9forme des retraites inclura la p\u00e9nibilit\u00e9 des manifestations contre la r\u00e9forme des retraites<\/span> <span class=\"meta-nav\">&rarr;<\/span><\/a><\/p>\n","protected":false},"author":2691,"featured_media":0,"comment_status":"closed","ping_status":"open","sticky":false,"template":"","format":"standard","meta":{"footnotes":""},"categories":[9],"tags":[],"class_list":["post-9647","post","type-post","status-publish","format-standard","hentry","category-la-rue-grogne"],"_links":{"self":[{"href":"https:\/\/fa86.noblogs.org\/index.php?rest_route=\/wp\/v2\/posts\/9647","targetHints":{"allow":["GET"]}}],"collection":[{"href":"https:\/\/fa86.noblogs.org\/index.php?rest_route=\/wp\/v2\/posts"}],"about":[{"href":"https:\/\/fa86.noblogs.org\/index.php?rest_route=\/wp\/v2\/types\/post"}],"author":[{"embeddable":true,"href":"https:\/\/fa86.noblogs.org\/index.php?rest_route=\/wp\/v2\/users\/2691"}],"replies":[{"embeddable":true,"href":"https:\/\/fa86.noblogs.org\/index.php?rest_route=%2Fwp%2Fv2%2Fcomments&post=9647"}],"version-history":[{"count":1,"href":"https:\/\/fa86.noblogs.org\/index.php?rest_route=\/wp\/v2\/posts\/9647\/revisions"}],"predecessor-version":[{"id":9648,"href":"https:\/\/fa86.noblogs.org\/index.php?rest_route=\/wp\/v2\/posts\/9647\/revisions\/9648"}],"wp:attachment":[{"href":"https:\/\/fa86.noblogs.org\/index.php?rest_route=%2Fwp%2Fv2%2Fmedia&parent=9647"}],"wp:term":[{"taxonomy":"category","embeddable":true,"href":"https:\/\/fa86.noblogs.org\/index.php?rest_route=%2Fwp%2Fv2%2Fcategories&post=9647"},{"taxonomy":"post_tag","embeddable":true,"href":"https:\/\/fa86.noblogs.org\/index.php?rest_route=%2Fwp%2Fv2%2Ftags&post=9647"}],"curies":[{"name":"wp","href":"https:\/\/api.w.org\/{rel}","templated":true}]}}