{"id":9670,"date":"2013-09-08T10:49:54","date_gmt":"2013-09-08T08:49:54","guid":{"rendered":"http:\/\/fa86.noblogs.org\/?p=9670"},"modified":"2013-09-08T10:49:54","modified_gmt":"2013-09-08T08:49:54","slug":"dal-86-une-invitation-concernant-le-logement-et-lhebergement-des-migrant-e-s","status":"publish","type":"post","link":"https:\/\/fa86.noblogs.org\/?p=9670","title":{"rendered":"[DAL 86] Une invitation concernant le logement et l&rsquo;h\u00e9bergement des migrant-e-s"},"content":{"rendered":"<p style=\"text-align: justify\"><a href=\"http:\/\/dal86.fr\/2013\/09\/08\/invitation-du-dal86-17-09-18h30-mds\/\" target=\"_blank\"><strong>Invitation du Dal86 17-09 18h30 MDS<\/strong><\/a><\/p>\n<p style=\"text-align: justify\"><strong><\/strong><strong>Le 17 septembre prochain \u00e0 18h30 \u00e0 la Maison De la Solidarit\u00e9 22 rue du Pigeon Blanc \u00e0 Poitiers,\u00a0<\/strong> Dal86 invite les personnes, associations, Collectifs, partis et orgas politiques, syndicats\u2026 \u00e0 une r\u00e9union concernant le logement et l\u2019h\u00e9bergement des migrants. <strong>Il s\u2019agit de faire le point mais aussi\u00a0 d\u2019\u00e9laborer ensemble les ripostes et actions que nous souhaiterions mettre en place collectivement.<\/strong><\/p>\n<p style=\"text-align: justify\"><strong>Ordre du jour : &#8211; Les squats de l\u2019Etape, des Gli\u00e8res et de Croutelle et leurs suites &#8211; L\u2019expulsion de la Famille M. par la Croix Rouge &#8211; Le scandale de l\u2019h\u00e9bergement d\u2019urgence &#8211; Le scandale du SIAO &#8211; Le scandale de l\u2019OFII \u2013 Points divers <\/strong><\/p>\n<p style=\"text-align: justify\"><em>Vu sur DAL 86, 8 septembre 2013<\/em><\/p>\n","protected":false},"excerpt":{"rendered":"<p>Invitation du Dal86 17-09 18h30 MDS Le 17 septembre prochain \u00e0 18h30 \u00e0 la Maison De la Solidarit\u00e9 22 rue du Pigeon Blanc \u00e0 Poitiers,\u00a0 Dal86 invite les personnes, associations, Collectifs, partis et orgas politiques, syndicats\u2026 \u00e0 une r\u00e9union concernant le logement et l\u2019h\u00e9bergement des migrants. Il s\u2019agit de faire le point mais aussi\u00a0 d\u2019\u00e9laborer &hellip; <a href=\"https:\/\/fa86.noblogs.org\/?p=9670\" class=\"more-link\">Continuer la lecture de <span class=\"screen-reader-text\">[DAL 86] Une invitation concernant le logement et l&rsquo;h\u00e9bergement des migrant-e-s<\/span> <span class=\"meta-nav\">&rarr;<\/span><\/a><\/p>\n","protected":false},"author":2691,"featured_media":0,"comment_status":"closed","ping_status":"open","sticky":false,"template":"","format":"standard","meta":{"footnotes":""},"categories":[11,12,16,4,29],"tags":[],"class_list":["post-9670","post","type-post","status-publish","format-standard","hentry","category-ni-patrie-ni-frontiere","category-okupa-y-resiste","category-repression","category-se-trouver","category-un-toit-pour-tou-te-s"],"_links":{"self":[{"href":"https:\/\/fa86.noblogs.org\/index.php?rest_route=\/wp\/v2\/posts\/9670","targetHints":{"allow":["GET"]}}],"collection":[{"href":"https:\/\/fa86.noblogs.org\/index.php?rest_route=\/wp\/v2\/posts"}],"about":[{"href":"https:\/\/fa86.noblogs.org\/index.php?rest_route=\/wp\/v2\/types\/post"}],"author":[{"embeddable":true,"href":"https:\/\/fa86.noblogs.org\/index.php?rest_route=\/wp\/v2\/users\/2691"}],"replies":[{"embeddable":true,"href":"https:\/\/fa86.noblogs.org\/index.php?rest_route=%2Fwp%2Fv2%2Fcomments&post=9670"}],"version-history":[{"count":2,"href":"https:\/\/fa86.noblogs.org\/index.php?rest_route=\/wp\/v2\/posts\/9670\/revisions"}],"predecessor-version":[{"id":9672,"href":"https:\/\/fa86.noblogs.org\/index.php?rest_route=\/wp\/v2\/posts\/9670\/revisions\/9672"}],"wp:attachment":[{"href":"https:\/\/fa86.noblogs.org\/index.php?rest_route=%2Fwp%2Fv2%2Fmedia&parent=9670"}],"wp:term":[{"taxonomy":"category","embeddable":true,"href":"https:\/\/fa86.noblogs.org\/index.php?rest_route=%2Fwp%2Fv2%2Fcategories&post=9670"},{"taxonomy":"post_tag","embeddable":true,"href":"https:\/\/fa86.noblogs.org\/index.php?rest_route=%2Fwp%2Fv2%2Ftags&post=9670"}],"curies":[{"name":"wp","href":"https:\/\/api.w.org\/{rel}","templated":true}]}}