{"id":9680,"date":"2013-09-10T10:40:15","date_gmt":"2013-09-10T08:40:15","guid":{"rendered":"http:\/\/fa86.noblogs.org\/?p=9680"},"modified":"2013-09-10T10:40:15","modified_gmt":"2013-09-10T08:40:15","slug":"poitiers-manif-du-10-septembre-2013","status":"publish","type":"post","link":"https:\/\/fa86.noblogs.org\/?p=9680","title":{"rendered":"[Poitiers] Manif du 10 septembre 2013"},"content":{"rendered":"<p style=\"text-align: justify\"><em><strong>NdPN<\/strong> : Les lyc\u00e9en-ne-s de Victor Hugo \u00e0 Poitiers n&rsquo;ont pas attendu la manif de cet apr\u00e8s-midi pour se bouger, bravo \u00e0 elles et \u00e0 eux ! Le rdv syndical est cet apr\u00e8s-midi \u00e0 Poitiers devant le parvis de la gare \u00e0 14h30, pour la manifestation. A noter qu&rsquo;une \u00ab\u00a0assembl\u00e9e populaire\u00a0\u00bb a aussi \u00e9t\u00e9 appel\u00e9e sur Indymedia Grenoble, invitant les gens \u00e0 venir discuter au kiosque du parc de Blossac, pour 17h.<\/em><\/p>\n<p style=\"text-align: justify\"><em>Pour notre avis sur la question, voir nos communiqu\u00e9s des derniers jours.<\/em><\/p>\n<p style=\"text-align: justify\"><a href=\"http:\/\/www.lanouvellerepublique.fr\/Vienne\/Services\/Toutes-les-DMAs\/n\/Contenus\/DMAs\/2013\/09\/10\/Poitiers-blocage-au-lycee-Victor-Hugo-1607103\" target=\"_blank\"><strong>86 &#8211;\u00a0 Poitiers : blocage au lyc\u00e9e Victor-Hugo<\/strong><\/a><\/p>\n<div style=\"text-align: justify\">\n<p>De jeunes gens bloquent l&rsquo;entr\u00e9e du lyc\u00e9e Victor-Hugo depuis le d\u00e9but de la matin\u00e9e, \u00e0 Poitiers, emp\u00eachant les \u00e9l\u00e8ves de p\u00e9n\u00e9trer dans l&rsquo;\u00e9tablissement pour aller en cours. Leur mouvement s&rsquo;inscrit dans le cadre de la journ\u00e9e de mobilisation de syndicats contre la r\u00e9forme des retraites avec cette banderole sur la grille : \u00ab\u00a0Les jeunes dans la gal\u00e8re, les vieux dans la mis\u00e8re!\u00a0\u00bb.<\/p>\n<p><em>D\u00e9p\u00eache Nouvelle R\u00e9publique, 10 septembre 2013<\/em><\/p>\n<\/div>\n","protected":false},"excerpt":{"rendered":"<p>NdPN : Les lyc\u00e9en-ne-s de Victor Hugo \u00e0 Poitiers n&rsquo;ont pas attendu la manif de cet apr\u00e8s-midi pour se bouger, bravo \u00e0 elles et \u00e0 eux ! Le rdv syndical est cet apr\u00e8s-midi \u00e0 Poitiers devant le parvis de la gare \u00e0 14h30, pour la manifestation. A noter qu&rsquo;une \u00ab\u00a0assembl\u00e9e populaire\u00a0\u00bb a aussi \u00e9t\u00e9 appel\u00e9e &hellip; <a href=\"https:\/\/fa86.noblogs.org\/?p=9680\" class=\"more-link\">Continuer la lecture de <span class=\"screen-reader-text\">[Poitiers] Manif du 10 septembre 2013<\/span> <span class=\"meta-nav\">&rarr;<\/span><\/a><\/p>\n","protected":false},"author":2691,"featured_media":0,"comment_status":"closed","ping_status":"open","sticky":false,"template":"","format":"standard","meta":{"footnotes":""},"categories":[9,12,4],"tags":[],"class_list":["post-9680","post","type-post","status-publish","format-standard","hentry","category-la-rue-grogne","category-okupa-y-resiste","category-se-trouver"],"_links":{"self":[{"href":"https:\/\/fa86.noblogs.org\/index.php?rest_route=\/wp\/v2\/posts\/9680","targetHints":{"allow":["GET"]}}],"collection":[{"href":"https:\/\/fa86.noblogs.org\/index.php?rest_route=\/wp\/v2\/posts"}],"about":[{"href":"https:\/\/fa86.noblogs.org\/index.php?rest_route=\/wp\/v2\/types\/post"}],"author":[{"embeddable":true,"href":"https:\/\/fa86.noblogs.org\/index.php?rest_route=\/wp\/v2\/users\/2691"}],"replies":[{"embeddable":true,"href":"https:\/\/fa86.noblogs.org\/index.php?rest_route=%2Fwp%2Fv2%2Fcomments&post=9680"}],"version-history":[{"count":2,"href":"https:\/\/fa86.noblogs.org\/index.php?rest_route=\/wp\/v2\/posts\/9680\/revisions"}],"predecessor-version":[{"id":9682,"href":"https:\/\/fa86.noblogs.org\/index.php?rest_route=\/wp\/v2\/posts\/9680\/revisions\/9682"}],"wp:attachment":[{"href":"https:\/\/fa86.noblogs.org\/index.php?rest_route=%2Fwp%2Fv2%2Fmedia&parent=9680"}],"wp:term":[{"taxonomy":"category","embeddable":true,"href":"https:\/\/fa86.noblogs.org\/index.php?rest_route=%2Fwp%2Fv2%2Fcategories&post=9680"},{"taxonomy":"post_tag","embeddable":true,"href":"https:\/\/fa86.noblogs.org\/index.php?rest_route=%2Fwp%2Fv2%2Ftags&post=9680"}],"curies":[{"name":"wp","href":"https:\/\/api.w.org\/{rel}","templated":true}]}}