{"id":9692,"date":"2013-09-11T10:32:28","date_gmt":"2013-09-11T08:32:28","guid":{"rendered":"http:\/\/fa86.noblogs.org\/?p=9692"},"modified":"2013-09-11T10:32:28","modified_gmt":"2013-09-11T08:32:28","slug":"la-lgv-poitiers-limoges-ne-repond-plus","status":"publish","type":"post","link":"https:\/\/fa86.noblogs.org\/?p=9692","title":{"rendered":"La LGV Poitiers-Limoges ne r\u00e9pond plus"},"content":{"rendered":"<p style=\"text-align: justify\"><em><strong>NdPN<\/strong> : une belle victoire contre un projet mortif\u00e8re, mais restons vigilant-e-s&#8230;<\/em><\/p>\n<p style=\"text-align: justify\"><a href=\"http:\/\/www.lanouvellerepublique.fr\/Vienne\/Actualite\/Economie-social\/n\/Contenus\/Articles\/2013\/09\/11\/La-LGV-Poitiers-Limoges-lachee-par-l-Elysee-1608448\" target=\"_blank\"><strong>La LGV Poitiers-Limoges l\u00e2ch\u00e9e par l&rsquo;\u00c9lys\u00e9e<\/strong><\/a><\/p>\n<p id=\"articleChapo\" style=\"text-align: justify\">La pr\u00e9sidence de la R\u00e9publique assure aux opposants que l\u2019\u00c9tat soutient le report du projet \u00e0 2030-2050 pr\u00e9conis\u00e9 par la commission Mobilit\u00e9 21.<\/p>\n<p style=\"text-align: justify\">Fran\u00e7ois Hollande, ancien pr\u00e9sident du conseil g\u00e9n\u00e9ral de Corr\u00e8ze, a-t-il fait de l&rsquo;arriv\u00e9e du TGV en Limousin une affaire personnelle\u2009? C&rsquo;est ce que pensent les opposants au projet de LGV Poitiers-Limoges qui ont \u00e9crit au pr\u00e9sident de la R\u00e9publique, en mai dernier, pour \u00e9mettre des doutes sur l&rsquo;impartialit\u00e9 des conclusions de l&rsquo;enqu\u00eate publique alors en cours.<\/p>\n<div id=\"text\" style=\"text-align: justify\">\n<p>Pas du tout, r\u00e9pond en substance le secr\u00e9taire g\u00e9n\u00e9ral adjoint de l&rsquo;\u00c9lys\u00e9e, dans la r\u00e9ponse adress\u00e9e au collectif limousin \u00ab\u00a0NON \u00e0 la LGV Poitiers-Limoges et OUI au POLLT\u00a0\u00bb, la semaine derni\u00e8re. Selon Nicolas Revel, le chef de l&rsquo;\u00c9tat se serait rang\u00e9 \u00e0 l&rsquo;avis de la commission Mobilit\u00e9 21\u00a0qui \u00ab\u00a0<i>a propos\u00e9 le report \u00e0 l&rsquo;horizon 2030-2050 de ce projet quel que soit le sc\u00e9nario retenu\u00a0<\/i>\u00bb.<\/p>\n<p><b>Plaidoyer pour la ligne Paris-Toulouse<\/b><\/p>\n<p>\u00ab\u00a0<i>Les analyses comparatives des enjeux nationaux des diff\u00e9rents projets ne lui permettaient pas de justifier un classement dans les premi\u00e8res priorit\u00e9s\u00a0<\/i>\u00bb, ajoute la pr\u00e9sidence de la R\u00e9publique qui d\u00e9fend aussi l&rsquo;am\u00e9lioration de la ligne Paris-Toulouse \u00ab\u00a0<i>de nature \u00e0 renforcer les conditions de desserte des territoires concern\u00e9s et \u00e0 r\u00e9pondre en grande partie \u00e0 leurs besoins de qualit\u00e9 de service pour leurs \u00e9changes\u00a0<\/i>\u00bb. Preuve que le pr\u00e9sident tout-puissant n&rsquo;a pas l&rsquo;intention de court-circuiter le gouvernement, l&rsquo;\u00c9lys\u00e9e prend soin de citer le ministre des Transports qui a install\u00e9 la fameuse commission charg\u00e9e de hi\u00e9rarchiser les projets d&rsquo;infrastructures de transports ainsi que le Premier ministre qui a annonc\u00e9 les priorit\u00e9s retenues en juillet dernier\u2009: \u00ab\u00a0<i>Il appartient d\u00e9sormais au ministre [\u2026] de tirer les cons\u00e9quences de ces d\u00e9cisions et de faire les propositions utiles pour mettre en \u0153uvre la politique des transports souhait\u00e9e par le gouvernement.\u00a0<\/i>\u00bb<\/p>\n<p><b>\u00ab\u00a0\u2009A moins d&rsquo;une volte-face\u2009\u00a0\u00bb<\/b><\/p>\n<p>Les opposants avouent leur satisfaction\u2009: \u00ab\u00a0<i>\u00c0 moins d&rsquo;une volte-face aussi incompr\u00e9hensible qu&rsquo;injustifi\u00e9e, il est clairement entendu que le projet de LGV entre Limoges et Poitiers est diff\u00e9r\u00e9 apr\u00e8s 2030<\/i>\u00a0\u00bb, \u00e9crivent-ils dans un communiqu\u00e9. Ce ne serait pourtant pas la premi\u00e8re volte-face du pr\u00e9sident de la R\u00e9publique qui a personnellement veill\u00e9 au lancement de l&rsquo;enqu\u00eate publique au printemps. \u00ab\u00a0<i>Je ne sais pas si je suivrai ses pr\u00e9conisations. Mais en tout cas je suivrai le dossier de pr\u00e8s\u2009!\u00a0<\/i>\u00bb, avait-il confi\u00e9 \u00e0 nos confr\u00e8res de France 3\u00a0Limousin qui l&rsquo;interrogeaient sur la commission Mobilit\u00e9 21\u00a0pas plus tard qu&rsquo;en juin dernier.<\/p>\n<p><em>Baptiste Bize, Nouvelle R\u00e9publique, 11 septembre 2013<\/em><\/p>\n<\/div>\n","protected":false},"excerpt":{"rendered":"<p>NdPN : une belle victoire contre un projet mortif\u00e8re, mais restons vigilant-e-s&#8230; La LGV Poitiers-Limoges l\u00e2ch\u00e9e par l&rsquo;\u00c9lys\u00e9e La pr\u00e9sidence de la R\u00e9publique assure aux opposants que l\u2019\u00c9tat soutient le report du projet \u00e0 2030-2050 pr\u00e9conis\u00e9 par la commission Mobilit\u00e9 21. Fran\u00e7ois Hollande, ancien pr\u00e9sident du conseil g\u00e9n\u00e9ral de Corr\u00e8ze, a-t-il fait de l&rsquo;arriv\u00e9e du &hellip; <a href=\"https:\/\/fa86.noblogs.org\/?p=9692\" class=\"more-link\">Continuer la lecture de <span class=\"screen-reader-text\">La LGV Poitiers-Limoges ne r\u00e9pond plus<\/span> <span class=\"meta-nav\">&rarr;<\/span><\/a><\/p>\n","protected":false},"author":2691,"featured_media":0,"comment_status":"closed","ping_status":"open","sticky":false,"template":"","format":"standard","meta":{"footnotes":""},"categories":[26,18],"tags":[],"class_list":["post-9692","post","type-post","status-publish","format-standard","hentry","category-construction-du-desert","category-decroissance-libertaire"],"_links":{"self":[{"href":"https:\/\/fa86.noblogs.org\/index.php?rest_route=\/wp\/v2\/posts\/9692","targetHints":{"allow":["GET"]}}],"collection":[{"href":"https:\/\/fa86.noblogs.org\/index.php?rest_route=\/wp\/v2\/posts"}],"about":[{"href":"https:\/\/fa86.noblogs.org\/index.php?rest_route=\/wp\/v2\/types\/post"}],"author":[{"embeddable":true,"href":"https:\/\/fa86.noblogs.org\/index.php?rest_route=\/wp\/v2\/users\/2691"}],"replies":[{"embeddable":true,"href":"https:\/\/fa86.noblogs.org\/index.php?rest_route=%2Fwp%2Fv2%2Fcomments&post=9692"}],"version-history":[{"count":1,"href":"https:\/\/fa86.noblogs.org\/index.php?rest_route=\/wp\/v2\/posts\/9692\/revisions"}],"predecessor-version":[{"id":9693,"href":"https:\/\/fa86.noblogs.org\/index.php?rest_route=\/wp\/v2\/posts\/9692\/revisions\/9693"}],"wp:attachment":[{"href":"https:\/\/fa86.noblogs.org\/index.php?rest_route=%2Fwp%2Fv2%2Fmedia&parent=9692"}],"wp:term":[{"taxonomy":"category","embeddable":true,"href":"https:\/\/fa86.noblogs.org\/index.php?rest_route=%2Fwp%2Fv2%2Fcategories&post=9692"},{"taxonomy":"post_tag","embeddable":true,"href":"https:\/\/fa86.noblogs.org\/index.php?rest_route=%2Fwp%2Fv2%2Ftags&post=9692"}],"curies":[{"name":"wp","href":"https:\/\/api.w.org\/{rel}","templated":true}]}}