{"id":9694,"date":"2013-09-11T10:53:27","date_gmt":"2013-09-11T08:53:27","guid":{"rendered":"http:\/\/fa86.noblogs.org\/?p=9694"},"modified":"2013-09-11T10:53:27","modified_gmt":"2013-09-11T08:53:27","slug":"chatellerault-jeune-degage","status":"publish","type":"post","link":"https:\/\/fa86.noblogs.org\/?p=9694","title":{"rendered":"[Ch\u00e2tellerault] Jeune, d\u00e9gage !"},"content":{"rendered":"<p style=\"text-align: justify\">Une propagande s\u00e9curitaire bien ignoble de la part de la NR aujourd&rsquo;hui, <a href=\"http:\/\/www.lanouvellerepublique.fr\/Vienne\/Actualite\/24-Heures\/n\/Contenus\/Articles\/2013\/09\/11\/Insecurite-les-autorites-rassurent-les-commercants-1607455\" target=\"_blank\">dans une caricature d&rsquo;article aux relents s\u00e9curitaires<\/a>.<\/p>\n<p style=\"text-align: justify\">Il s&rsquo;agit de marteler des tirades anxiog\u00e8nes sur un pr\u00e9tendu sentiment d&rsquo;ins\u00e9curit\u00e9 des \u00ab\u00a0mamies\u00a0\u00bb \u00e0 Ch\u00e2tellerault, pour installer plus de flics municipaux et nationaux en patrouilles, des cam\u00e9ras de vid\u00e9o-surveillance partout, et des menaces de \u00ab\u00a0r\u00e9pression\u00a0\u00bb. Invitation est faite aux bons citoyens d&rsquo;appeler le 17.<\/p>\n<p style=\"text-align: justify\">Pas besoin de lire entre les lignes pour comprendre qu&rsquo;il s&rsquo;agit une fois de plus de prot\u00e9ger la \u00ab\u00a0s\u00e9r\u00e9nit\u00e9\u00a0\u00bb des commerces, et donc le profit capitaliste\u00a0; le propos n&rsquo;est m\u00eame pas implicite, il est explicit\u00e9 d\u00e8s le titre\u00a0:\u00a0\u00a0\u00ab\u00a0<em>Ins\u00e9curit\u00e9 : les autorit\u00e9s rassurent les commer\u00e7ants<\/em>\u00ab\u00a0&#8230;<\/p>\n<p style=\"text-align: justify\">Or on a beau chercher, la seule chose reproch\u00e9e aux \u00ab\u00a0jeunes\u00a0\u00bb, ce sont des \u00ab\u00a0attroupements\u00a0\u00bb. Et des allusions \u00e0 des comportements d&rsquo;incivilit\u00e9, des provocations et des d\u00e9gradations. Sans rien pr\u00e9ciser du tout, si ce n&rsquo;est que les chiffres ne corroborent m\u00eame pas ce discours policier&#8230;<\/p>\n<p style=\"text-align: justify\">Bref rien d&rsquo;ill\u00e9gal, mais selon la NR, cela \u00ab\u00a0<strong>pollue<\/strong> le quotidien des commer\u00e7ants\u00a0\u00bb. Un vocabulaire hygi\u00e9niste, pour atomiser le peu de solidarit\u00e9 qui reste dans la rue et faire peur. Terminons par ce mot du procureur tout \u00e0 fait significatif :<\/p>\n<p style=\"text-align: justify\"><i>\u00ab\u00a0Il faut expliquer [&#8230;] <\/i><i>\u00e0 ces jeunes qu&rsquo;il y a d&rsquo;autres endroits pour qu&rsquo;ils s&rsquo;occupent et leur faire comprendre qu&rsquo;ils suscitent un sentiment d&rsquo;ins\u00e9curit\u00e9.\u00a0\u00bb<\/i><\/p>\n<p style=\"text-align: justify\">Jeune, certes tu as le droit de vivre ici et de rencontrer tes ami-e-s, mais tu comprends, tu fais peur, et c&rsquo;est nuisible au business, alors va t&rsquo;occuper ailleurs sinon pan-pan la matraque !<\/p>\n<p style=\"text-align: justify\">Juste puant.<\/p>\n<p style=\"text-align: justify\">C&rsquo;est \u00e7a, le journalisme d&rsquo;analyse ? Et le ch\u00f4mage, la pr\u00e9carit\u00e9 et le d\u00e9litement du tissu social, \u00e7a compte moins que le discours des flics et des petits patrons locaux ?<\/p>\n<p style=\"text-align: justify\"><em>Pavillon Noir, 11 septembre 2013<\/em><\/p>\n","protected":false},"excerpt":{"rendered":"<p>Une propagande s\u00e9curitaire bien ignoble de la part de la NR aujourd&rsquo;hui, dans une caricature d&rsquo;article aux relents s\u00e9curitaires. Il s&rsquo;agit de marteler des tirades anxiog\u00e8nes sur un pr\u00e9tendu sentiment d&rsquo;ins\u00e9curit\u00e9 des \u00ab\u00a0mamies\u00a0\u00bb \u00e0 Ch\u00e2tellerault, pour installer plus de flics municipaux et nationaux en patrouilles, des cam\u00e9ras de vid\u00e9o-surveillance partout, et des menaces de \u00ab\u00a0r\u00e9pression\u00a0\u00bb. &hellip; <a href=\"https:\/\/fa86.noblogs.org\/?p=9694\" class=\"more-link\">Continuer la lecture de <span class=\"screen-reader-text\">[Ch\u00e2tellerault] Jeune, d\u00e9gage !<\/span> <span class=\"meta-nav\">&rarr;<\/span><\/a><\/p>\n","protected":false},"author":2691,"featured_media":0,"comment_status":"closed","ping_status":"open","sticky":false,"template":"","format":"standard","meta":{"footnotes":""},"categories":[21,7,16],"tags":[],"class_list":["post-9694","post","type-post","status-publish","format-standard","hentry","category-desinformation-bourgeoise","category-propagande-marchande","category-repression"],"_links":{"self":[{"href":"https:\/\/fa86.noblogs.org\/index.php?rest_route=\/wp\/v2\/posts\/9694","targetHints":{"allow":["GET"]}}],"collection":[{"href":"https:\/\/fa86.noblogs.org\/index.php?rest_route=\/wp\/v2\/posts"}],"about":[{"href":"https:\/\/fa86.noblogs.org\/index.php?rest_route=\/wp\/v2\/types\/post"}],"author":[{"embeddable":true,"href":"https:\/\/fa86.noblogs.org\/index.php?rest_route=\/wp\/v2\/users\/2691"}],"replies":[{"embeddable":true,"href":"https:\/\/fa86.noblogs.org\/index.php?rest_route=%2Fwp%2Fv2%2Fcomments&post=9694"}],"version-history":[{"count":1,"href":"https:\/\/fa86.noblogs.org\/index.php?rest_route=\/wp\/v2\/posts\/9694\/revisions"}],"predecessor-version":[{"id":9695,"href":"https:\/\/fa86.noblogs.org\/index.php?rest_route=\/wp\/v2\/posts\/9694\/revisions\/9695"}],"wp:attachment":[{"href":"https:\/\/fa86.noblogs.org\/index.php?rest_route=%2Fwp%2Fv2%2Fmedia&parent=9694"}],"wp:term":[{"taxonomy":"category","embeddable":true,"href":"https:\/\/fa86.noblogs.org\/index.php?rest_route=%2Fwp%2Fv2%2Fcategories&post=9694"},{"taxonomy":"post_tag","embeddable":true,"href":"https:\/\/fa86.noblogs.org\/index.php?rest_route=%2Fwp%2Fv2%2Ftags&post=9694"}],"curies":[{"name":"wp","href":"https:\/\/api.w.org\/{rel}","templated":true}]}}