{"id":9711,"date":"2013-09-14T10:18:19","date_gmt":"2013-09-14T08:18:19","guid":{"rendered":"http:\/\/fa86.noblogs.org\/?p=9711"},"modified":"2013-09-14T10:20:00","modified_gmt":"2013-09-14T08:20:00","slug":"notre-histoire-il-y-a-70-ans-konstantinos-speras-assassine-par-des-partisans-communistes","status":"publish","type":"post","link":"https:\/\/fa86.noblogs.org\/?p=9711","title":{"rendered":"[Notre histoire] Il y a 70 ans : Konstantinos Speras assassin\u00e9 par des partisans communistes"},"content":{"rendered":"<p style=\"text-align: justify\"><a href=\"http:\/\/epheman.perso.neuf.fr\/septembre14.html#14\" target=\"_blank\"><strong>Le 14 septembre 1943, assassinat de Konstantinos SPERAS par des partisans communistes.<\/strong><\/a><\/p>\n<figure style=\"width: 170px\" class=\"wp-caption alignright\"><img loading=\"lazy\" decoding=\"async\" alt=\"\" src=\"http:\/\/epheman.perso.neuf.fr\/imagesdeux\/speras_k.jpg\" width=\"170\" height=\"247\" \/><figcaption class=\"wp-caption-text\">Konstantinos Speras<\/figcaption><\/figure>\n<p style=\"text-align: justify\">Figure importante de l&rsquo;anarcho-syndicalisme grec.<\/p>\n<p style=\"text-align: justify\">Fils d&rsquo;un marin, il est n\u00e9 en 1893 sur l&rsquo;\u00eele de Serifos. Orphelin il sera adopt\u00e9 par Theofilos Speras. A 14 ans\u00a0\u00a0\u00a0 (1907) il est \u00e0 Alexandrie (Egypte) et \u00e9tudie \u00e0 l&rsquo;Ecole fran\u00e7aise des Fr\u00e8res. C&rsquo;est en Egypte, o\u00f9 il commence \u00e0 travailler dans le tabac qu&rsquo;il entre en contact avec les anarchistes, principalement des immigrants italiens et grecs.<\/p>\n<p style=\"text-align: justify\">De retour en Gr\u00e8ce, il commence \u00e0 militer, et est en mars 1910 un des fondateurs du \u00ab\u00a0Centre des travailleurs d&rsquo;Ath\u00e8nes\u00a0\u00bb, il est ensuite menbre du \u00ab\u00a0Centre Socialiste d&rsquo;Ath\u00e8nes\u00a0\u00bb. En mars 1914, \u00e0 Kavala, il prend part \u00e0 la gr\u00e8ve des travailleurs du tabac, durant laquelle il est arr\u00eat\u00e9 et emprisonn\u00e9. En 1916 de retour \u00e0 Serifos, il y cr\u00e9e\u00a0 un Syndicat\u00a0 des mineurs dont il prend la t\u00eate. Devant l&rsquo;intransigeance patronale face aux revendications des mineurs une\u00a0 gr\u00e8ve \u00e9clate en ao\u00fbt 1916, mais celle-ci est r\u00e9prim\u00e9e dans le sang. Le 21 ao\u00fbt, les affrontements entre mineurs et la troupe feront huit morts (dont quatre mineurs) et une douzaine de bless\u00e9s. Speras est arr\u00eat\u00e9 et emprisonn\u00e9 avec d&rsquo;autres\u00a0 gr\u00e9vistes. Durant son s\u00e9jour \u00e0 la prison de Syros, puis en Cr\u00e8te (o\u00f9 il est transf\u00e9r\u00e9 en 1917), il fera un r\u00e9cit de ces \u00e9v\u00e9nements qui sera publi\u00e9 en 1919 : \u00ab\u00a0La Gr\u00e8ve de Serifos\u00a0\u00bb.<\/p>\n<p style=\"text-align: justify\">En ao\u00fbt 1918, \u00e0 Ermoupoli, sur l&rsquo;\u00eele de Syros, il prendra part \u00e0 la cr\u00e9ation de la \u00ab\u00a0Soci\u00e9t\u00e9 du Travail Educatif\u00a0\u00bb\u00a0\u00a0 qui publiera le journal \u00ab\u00a0Ergatis\u00a0\u00bb (Travailleur) organe du Centre ouvrier des Cyclades.<\/p>\n<p style=\"text-align: justify\">Il participe,\u00a0 en tant que membre du Comit\u00e9 de supervision, \u00e0 la cr\u00e9ation de la \u00ab\u00a0Conf\u00e9d\u00e9ration G\u00e9n\u00e9rale du Travail Grec\u00a0\u00bb (GSEE)\u00a0\u00a0\u00a0\u00a0 qui tient son 1er Congr\u00e8s les 21-28 octobre 1918.\u00a0 Repr\u00e9sentant la tendance anarcho-syndicaliste et antiparlementariste, il va rapidement se heurter \u00e0 la tendance socialiste r\u00e9formiste et politicienne du Parti socialiste (SEKE) qui est cr\u00e9\u00e9e un mois plus tard, et dont il fera parti, avec les autres anarcho-syndicalistes,\u00a0 avant d&rsquo;en \u00eatre\u00a0 expuls\u00e9 en avril 1920.<\/p>\n<p style=\"text-align: justify\">Le 17 mai 1920, Speras\u00a0\u00a0 est de nouveau arr\u00eat\u00e9 et emprisonn\u00e9.<\/p>\n<p style=\"text-align: justify\">D\u00e9but octobre 1920, il assiste au 2\u00e8me Congr\u00e8s syndical de la \u00ab\u00a0GSEE\u00a0\u00bb, Il s&rsquo;y\u00a0 prononce\u00a0\u00a0 contre l&rsquo;adh\u00e9sion \u00e0 la 3\u00e8me Internationale (ce que les communistes ne lui pardonneront pas) et pour plus de d\u00e9mocratie directe. En 1921, il est \u00e9lu secr\u00e9taire de la F\u00e9d\u00e9ration des Travailleurs du Tabac, il cr\u00e9e \u00e9galement le groupe \u00ab\u00a0Nea Zoi\u00a0\u00bb (Nouvelle Vie) qui publiera \u00e0 partir de mars 1921 un journal du m\u00eame nom et qui donnera naissance durant l&rsquo;hiver 1922 \u00e0 un parti d&rsquo;extr\u00eame-gauche \u00ab\u00a0Le Parti Ind\u00e9pendant des Travailleurs\u00a0\u00bb(AEK).<\/p>\n<p style=\"text-align: justify\">En novembre 1921, suite \u00e0 la gr\u00e8ve des travailleurs du Tramway, Speras est encore emprisonn\u00e9.<\/p>\n<p style=\"text-align: justify\">Le 28 mars 1926, lors du 3\u00e8me Congr\u00e8s de la GSEE,\u00a0 sous la pression des communistes (qui se d\u00e9cha\u00eenent contre lui jusqu&rsquo;\u00e0 l&#8217;emp\u00eacher de trouver du travail), Speras est exclu du syndicat.\u00a0 Il travaillera \u00e0 partir de 1930\u00a0 dans la compagnie des chemins de fer d&rsquo;Ath\u00e8nes, o\u00f9\u00a0 il prendra\u00a0 part \u00e0 des mouvements de gr\u00e8ves.<\/p>\n<p style=\"text-align: justify\">Il sera emprisonn\u00e9 ou exil\u00e9 plus d&rsquo;une centaine de fois durant sa vie : la derni\u00e8re fois dans la prison de l&rsquo;\u00eele de Skopelos, durant de la dictature Metax\u00e1s (1936-1941),\u00a0\u00a0 o\u00f9\u00a0 il \u00e9chappera de peu \u00e0 la mort. Durant l&rsquo;occupation\u00a0 de la Gr\u00e8ce, il vivait avec sa famille \u00e0 Metaxourgio. Le 14 septembre 1943, des partisans de la guerilla\u00a0\u00a0 communiste viendront l&rsquo;arr\u00eater. Ils le d\u00e9capiteront peu apr\u00e8s\u00a0 et feront dispara\u00eetre son corps.<\/p>\n<p style=\"text-align: justify\"><em>Vu sur Eph\u00e9m\u00e9rides Anarchistes<\/em><\/p>\n","protected":false},"excerpt":{"rendered":"<p>Le 14 septembre 1943, assassinat de Konstantinos SPERAS par des partisans communistes. Figure importante de l&rsquo;anarcho-syndicalisme grec. Fils d&rsquo;un marin, il est n\u00e9 en 1893 sur l&rsquo;\u00eele de Serifos. Orphelin il sera adopt\u00e9 par Theofilos Speras. A 14 ans\u00a0\u00a0\u00a0 (1907) il est \u00e0 Alexandrie (Egypte) et \u00e9tudie \u00e0 l&rsquo;Ecole fran\u00e7aise des Fr\u00e8res. C&rsquo;est en Egypte, &hellip; <a href=\"https:\/\/fa86.noblogs.org\/?p=9711\" class=\"more-link\">Continuer la lecture de <span class=\"screen-reader-text\">[Notre histoire] Il y a 70 ans : Konstantinos Speras assassin\u00e9 par des partisans communistes<\/span> <span class=\"meta-nav\">&rarr;<\/span><\/a><\/p>\n","protected":false},"author":2691,"featured_media":0,"comment_status":"closed","ping_status":"open","sticky":false,"template":"","format":"standard","meta":{"footnotes":""},"categories":[17],"tags":[],"class_list":["post-9711","post","type-post","status-publish","format-standard","hentry","category-education-populaire"],"_links":{"self":[{"href":"https:\/\/fa86.noblogs.org\/index.php?rest_route=\/wp\/v2\/posts\/9711","targetHints":{"allow":["GET"]}}],"collection":[{"href":"https:\/\/fa86.noblogs.org\/index.php?rest_route=\/wp\/v2\/posts"}],"about":[{"href":"https:\/\/fa86.noblogs.org\/index.php?rest_route=\/wp\/v2\/types\/post"}],"author":[{"embeddable":true,"href":"https:\/\/fa86.noblogs.org\/index.php?rest_route=\/wp\/v2\/users\/2691"}],"replies":[{"embeddable":true,"href":"https:\/\/fa86.noblogs.org\/index.php?rest_route=%2Fwp%2Fv2%2Fcomments&post=9711"}],"version-history":[{"count":3,"href":"https:\/\/fa86.noblogs.org\/index.php?rest_route=\/wp\/v2\/posts\/9711\/revisions"}],"predecessor-version":[{"id":9715,"href":"https:\/\/fa86.noblogs.org\/index.php?rest_route=\/wp\/v2\/posts\/9711\/revisions\/9715"}],"wp:attachment":[{"href":"https:\/\/fa86.noblogs.org\/index.php?rest_route=%2Fwp%2Fv2%2Fmedia&parent=9711"}],"wp:term":[{"taxonomy":"category","embeddable":true,"href":"https:\/\/fa86.noblogs.org\/index.php?rest_route=%2Fwp%2Fv2%2Fcategories&post=9711"},{"taxonomy":"post_tag","embeddable":true,"href":"https:\/\/fa86.noblogs.org\/index.php?rest_route=%2Fwp%2Fv2%2Ftags&post=9711"}],"curies":[{"name":"wp","href":"https:\/\/api.w.org\/{rel}","templated":true}]}}