{"id":9727,"date":"2013-09-17T09:34:58","date_gmt":"2013-09-17T07:34:58","guid":{"rendered":"http:\/\/fa86.noblogs.org\/?p=9727"},"modified":"2013-09-17T09:34:58","modified_gmt":"2013-09-17T07:34:58","slug":"poitiers-non-a-la-bagnole-electrique","status":"publish","type":"post","link":"https:\/\/fa86.noblogs.org\/?p=9727","title":{"rendered":"[Poitiers] Non \u00e0 la bagnole \u00e9lectrique !"},"content":{"rendered":"<p style=\"text-align: justify\"><em><strong>NdPN<\/strong> : promotion aujourd&rsquo;hui \u00e0 Poitiers de la voiture qui roule au nucl\u00e9aire&#8230; et un article de l&rsquo;excellent site carfree, qui remet les pendules \u00e0 l&rsquo;heure !<\/em><\/p>\n<p style=\"text-align: justify\"><a href=\"http:\/\/www.lanouvellerepublique.fr\/Vienne\/Services\/Toutes-les-DMAs\/n\/Contenus\/DMAs\/2013\/09\/17\/Poitiers-lancement-du-Tour-Poitou-Charentes-des-vehicules-electriques-1615113\" target=\"_blank\"><strong>Poitiers : lancement du Tour Poitou-Charentes des v\u00e9hicules \u00e9lectriques<\/strong><\/a><\/p>\n<p style=\"text-align: justify\">Avant la premi\u00e8re \u00e9tape pr\u00e9vue mercredi, les concurrents participant au tour Poitou-Charentes des v\u00e9hicules \u00e9lectriques se r\u00e9uniront place Leclerc \u00e0 Poitiers de 16h \u00e0 18h30 ce mardi, pour l&rsquo;inauguration de ce rallye, vitrine itin\u00e9rante pour les mod\u00e8les et leurs constructeurs. Des essais de v\u00e9hicules \u00e9lectriques et un village destin\u00e9 aux entreprises est pr\u00e9vu de 11h \u00e0 15h au Futuroscope.<\/p>\n<p style=\"text-align: justify\"><em>Nouvelle R\u00e9publique, 17 septembre 2013<\/em><\/p>\n<p style=\"text-align: justify\"><a href=\"http:\/\/carfree.free.fr\/index.php\/2013\/09\/13\/passer-a-la-voiture-electrique-cest-comme-changer-de-marque-de-cigarettes\/\" target=\"_blank\"><strong>Passer \u00e0 la voiture \u00e9lectrique, c\u2019est comme changer de marque de cigarettes<\/strong><\/a><\/p>\n<p style=\"text-align: justify\"><img loading=\"lazy\" decoding=\"async\" class=\"alignnone\" alt=\"\" src=\"http:\/\/carfree.free.fr\/images\/voiture-tabac.jpg\" width=\"420\" height=\"200\" \/><\/p>\n<p style=\"text-align: justify\">La voiture \u00e9lectrique n\u2019est pas la solution \u00e9cologique que les constructeurs et les m\u00e9dias voudraient nous vendre. En fait, l\u2019objectif r\u00e9el de la voiture \u00e9lectrique semble \u00eatre de continuer \u00e0 vendre toujours plus de voitures \u00e0 des consommateurs occidentaux qui se d\u00e9sint\u00e9ressent de plus en plus de la voiture. Mais passer de la voiture thermique \u00e0 la voiture \u00e9lectrique revient en fait \u00e0 changer de marque de cigarettes, la pollution n\u2019est pas exactement la m\u00eame mais le r\u00e9sultat final est le m\u00eame.<\/p>\n<p style=\"text-align: justify\">Comme chacun le sait, les ventes de voitures en France et en Europe n\u2019en\u00a0 finissent pas de plonger, ce qui n\u2019est pourtant pas le cas \u00e0 l\u2019\u00e9chelle\u00a0 mondiale. Sur le premier semestre 2013, les ventes de voitures ont\u00a0 progress\u00e9 de 2,8% \u00e0 l\u2019\u00e9chelle mondiale, ce qui repr\u00e9sente le chiffre\u00a0 faramineux de 42.64 millions de voitures neuves vendues sur la plan\u00e8te,\u00a0 soit en rythme annuel plus de 80 millions de voitures neuves qui\u00a0 viennent s\u2019ajouter \u00e0 un parc automobile mondial compos\u00e9 de plus d\u2019un\u00a0 milliard de voitures en circulation.<\/p>\n<p style=\"text-align: justify\">Il semblerait bien que les pays europ\u00e9ens aient atteint leur taux de saturation: trop de voitures partout, et plus assez de place pour les faire rouler. Les villes anciennes europ\u00e9ennes ne permettent pas d\u2019accueillir ind\u00e9finiment des quantit\u00e9s toujours plus grandes de nouvelles voitures. La vieille Europe a bien essay\u00e9 de copier le contre-mod\u00e8le am\u00e9ricain de l\u2019\u00e9talement urbain et de la pavillonarisation, les rues de nos villes restent peu ou prou aussi larges qu\u2019\u00e0 l\u2019\u00e9poque pr\u00e9-automobile. A moins de d\u00e9truire des secteurs entiers des villes pour doubler la largeur des rues, la voiture europ\u00e9enne est condamn\u00e9e \u00e0 rouler au ralenti dans les rues embouteill\u00e9es.<\/p>\n<p style=\"text-align: justify\">En outre, avec la crise, quel sens cela a-t-il de continuer \u00e0 acheter des voitures neuves qui co\u00fbtent une fortune quand les alternatives \u00e0 l\u2019automobile individuelle se multiplient (transports en commun, v\u00e9lo, autopartage, etc.) sans les contraintes inh\u00e9rentes \u00e0 la possession et l\u2019entretien d\u2019une voiture?<\/p>\n<p style=\"text-align: justify\">Ajoutez \u00e0 cela la pollution, le r\u00e9chauffement climatique et la fin du p\u00e9trole, et n\u2019importe qui de sens\u00e9 devrait r\u00e9aliser que l\u2019automobile individuelle est un mode de d\u00e9placement inapte \u00e0 assurer durablement le transport de dizaines de millions de personnes tous les jours.<\/p>\n<p style=\"text-align: justify\">Sauf que dans le monde capitaliste, il n\u2019y a pas d\u2019alternative cr\u00e9dible au \u00ab\u00a0<em>make money or die<\/em>\u00a0\u00bb (faites de l\u2019argent ou mourrez). Du point de vue de l\u2019industrie, ce n\u2019est pas exactement la m\u00eame chose de vendre aux clients des voitures \u00e0 25.000 euros ou des v\u00e9los \u00e0 250 euros\u2026<\/p>\n<p style=\"text-align: justify\">Alors, il fallait inventer d\u2019urgence un nouveau concept pour reconqu\u00e9rir le gogo client, \u00e0 savoir la voiture \u00e9lectrique. Pour l\u2019industrie automobile, le traditionnel client de l\u2019automobile a subi probablement un \u00ab\u00a0lavage de cerveau\u00a0\u00bb de la part du lobby \u00e9cologiste mondial, aussi il faut lui fournir d\u00e9sormais un produit adapt\u00e9 \u00e0 sa nouvelle lubie, \u00e0 savoir une voiture \u00ab\u00a0z\u00e9ro pollution\u00a0\u00bb, \u00ab\u00a0z\u00e9ro \u00e9missions\u00a0\u00bb, voire m\u00eame une voiture qui nettoie l\u2019air pollu\u00e9 des villes!<\/p>\n<p style=\"text-align: justify\">Comme il n\u2019y a pas 36 fa\u00e7ons de produire une voiture et que tout a d\u00e9j\u00e0 \u00e9t\u00e9 \u00e0 peu pr\u00e8s invent\u00e9, on nous a ressorti la voiture \u00e9lectrique invent\u00e9e il y a plus de 100 ans. Les services marketing de l\u2019industrie automobile ont sans doute pens\u00e9 que puisque la pollution g\u00e9n\u00e9r\u00e9e par la voiture \u00e9lectrique ne sortait plus du pot d\u2019\u00e9chappement mais d\u2019une quelconque centrale situ\u00e9e ailleurs, le client serait persuad\u00e9 de \u00ab\u00a0faire un geste pour la plan\u00e8te\u00a0\u00bb tout en pouvant continuer \u00e0 utiliser une voiture qui p\u00e8se toujours plus d\u2019une tonne pour transporter son pr\u00e9cieux corps de 70 kg.<\/p>\n<p style=\"text-align: justify\">Le probl\u00e8me, c\u2019est que le client de l\u2019automobile s\u2019en fout assez royalement de la plan\u00e8te! Ce qui est assez normal car quelqu\u2019un qui a roul\u00e9 des dizaines d\u2019ann\u00e9es en diesel qui pue et qui tue a quand m\u00eame montr\u00e9 assez clairement que la plan\u00e8te n\u2019\u00e9tait pas sa premi\u00e8re pr\u00e9occupation\u2026<\/p>\n<p style=\"text-align: justify\">En effet, les ventes de voitures \u00e9lectriques ne d\u00e9collent toujours pas. On l\u2019a dit <a title=\"http:\/\/carfree.free.fr\/index.php\/2013\/01\/08\/lechec-industriel-de-la-voiture-electrique\/\" href=\"http:\/\/carfree.free.fr\/index.php\/2013\/01\/08\/lechec-industriel-de-la-voiture-electrique\/\" target=\"_blank\">ici-m\u00eame<\/a> en janvier dernier, le journal <a title=\"http:\/\/transports.blog.lemonde.fr\/2013\/09\/11\/les-ventes-de-voitures-electriques-ne-decollent-toujours-pas\/\" href=\"http:\/\/transports.blog.lemonde.fr\/2013\/09\/11\/les-ventes-de-voitures-electriques-ne-decollent-toujours-pas\/\" target=\"_blank\">Le Monde<\/a> le confirme encore aujourd\u2019hui, \u00ab\u00a0c\u2019est plat comme un enc\u00e9phalogramme de coma d\u00e9pass\u00e9\u00a0\u00bb. Voire m\u00eame, les ventes de voitures \u00e9lectriques qui n\u2019\u00e9taient pourtant pas bien hautes auraient presque tendance \u00e0 baisser! Et pourtant, l\u2019Etat qui comme chacun le sait est plein aux as, accorde de g\u00e9n\u00e9reuses subventions \u00e0 l\u2019achat de voitures \u00e9lectriques.<\/p>\n<p style=\"text-align: justify\">Comment expliquer une telle b\u00e9r\u00e9zina? Toutes les explications sont envisageables. M\u00eame largement subventionn\u00e9e, la voiture \u00e9lectrique reste encore tr\u00e8s ch\u00e8re. Au passage, plus personne ne parle d\u00e9sormais de la voiture \u00e9lectrique qui allait co\u00fbter quelque chose comme 0,02 centime par km\u2026 Le client de la bagnole est sans doute un pigeon mais il ne faut pas pousser le bouchon trop loin non plus. Tout le monde a compris que la simple \u00ab\u00a0coque\u00a0\u00bb d\u2019une voiture \u00e9lectrique co\u00fbtait quasiment aussi ch\u00e8re qu\u2019une voiture thermique normale et que la batterie \u00e9tait une sorte de mini-centrale co\u00fbtant une fortune, avec une dur\u00e9e de vie des plus faibles pour vous fournir au bout du compte une autonome de 250 km maximum.<\/p>\n<p style=\"text-align: justify\">Donc, m\u00eame avec les meilleures intentions du monde, l\u2019automobiliste qui ne souhaite probablement pas sauver la plan\u00e8te mais au moins avoir l\u2019impression de faire un petit geste pour l\u2019environnement, reste avant tout un consommateur lambda dont le pouvoir d\u2019achat a l\u2019autonomie d\u2019une voiture \u00e9lectrique, c\u2019est-\u00e0-dire peu de chose.<\/p>\n<p style=\"text-align: justify\">Mais surtout, une autre explication commence peut-\u00eatre \u00e0 se faire jour. Nous le disons maintenant depuis longtemps, mais la voiture \u00e9lectrique n\u2019a rien d\u2019\u00e9cologique. Malgr\u00e9 le discours des constructeurs, de tout le marketing et de la pub, le consommateur est peut-\u00eatre en train de comprendre qu\u2019une fois de plus on essaye de l\u2019enfumer.<\/p>\n<p style=\"text-align: justify\">La cha\u00eene de t\u00e9l\u00e9vision Arte a publi\u00e9 r\u00e9cemment <a title=\"http:\/\/future.arte.tv\/fr\/sujet\/voitures-vertes-un-debat-electrique\" href=\"http:\/\/future.arte.tv\/fr\/sujet\/voitures-vertes-un-debat-electrique\" target=\"_blank\">un article de Ozzie Zehner<\/a>, de l\u2019Universit\u00e9 de Californie \u00e0 Berkeley, auteur d\u2019un r\u00e9cent ouvrage qui va faire date: <a href=\"http:\/\/www.greenillusions.org\/\" target=\"_blank\"><em>\u00ab\u00a0Green Illusions\u00a0\u00bb<\/em><\/a> (<em>\u00ab\u00a0Illusions vertes\u00a0\u00bb<\/em>), un manifeste d\u00e9non\u00e7ant <em>\u00ab\u00a0les secrets sales des \u00e9nergies propres\u00a0\u00bb.<\/em><\/p>\n<p style=\"text-align: justify\">Et dans cet article Ozzie Zehner utilise une m\u00e9taphore particuli\u00e8rement forte pour parler de la voiture \u00e9lectrique:<\/p>\n<blockquote><p><em>En y regardant de plus pr\u00e8s, abandonner la voiture \u00e0 essence au\u00a0 profit de la voiture \u00e9lectrique s\u2019apparente plut\u00f4t au fait de changer de\u00a0 marque de cigarette\u00a0\u00bb.<\/em><\/p><\/blockquote>\n<p style=\"text-align: justify\">Cette phrase toute simple r\u00e9sume assez bien toute la question de la voiture \u00e9lectrique. Si on fait le bilan global, une voiture \u00e9lectrique est tout aussi polluante qu\u2019une voiture thermique, m\u00eame peut-\u00eatre plus. Ce qui est en cause, ce sont les modes de production de ces voitures, particuli\u00e8rement \u00e9nergivores,\u00a0 ainsi que les sources d\u2019\u00e9nergie utilis\u00e9es pour leur alimentation, tel\u00a0 que le photovolta\u00efque.<\/p>\n<p style=\"text-align: justify\">Dans les pays occidentaux nucl\u00e9aris\u00e9s, la voiture \u00e9lectrique est cens\u00e9e rouler pour une bonne part \u00e0 l\u2019\u00e9nergie nucl\u00e9aire. Si vous \u00eates pro-nucl\u00e9aire, pas de probl\u00e8me, jusqu\u2019au jour o\u00f9 la centrale situ\u00e9e \u00e0 300 km de chez vous explosera et que vous devrez d\u00e9m\u00e9nager pour ne pas \u00eatre contamin\u00e9. A l\u2019\u00e9chelle mondiale, la voiture \u00e9lectrique est cens\u00e9e rouler au charbon, dont le bilan \u00e9cologique reste, comment dire, \u00e0 d\u00e9montrer.<\/p>\n<p style=\"text-align: justify\">C\u2019est pourquoi, les partisans de la voiture \u00e9lectrique se sont trouv\u00e9 une nouvelle passion, les \u00e9nergies renouvelables. Si on les \u00e9coute, on va remplacer le milliard de voitures en circulation sur Terre par des voitures \u00e9lectriques qui rouleront avec l\u2019\u00e9nergie solaire ou \u00e9olienne ou mar\u00e9motrice ou je ne sais quoi. Sur le papier, c\u2019est magnifique, enfin une solution propre! Sauf que la r\u00e9alit\u00e9 est bien \u00e9videmment tout autre.<\/p>\n<p style=\"text-align: justify\">En fait, sans compter les voitures \u00e9lectriques, on a d\u00e9j\u00e0 du mal \u00e0 d\u00e9passer \u00e0 l\u2019\u00e9chelle mondiale les 10% d\u2019\u00e9nergie renouvelable. L\u2019\u00e9crasante majorit\u00e9 de l\u2019\u00e9nergie produite et consomm\u00e9e \u00e0 l\u2019\u00e9chelle mondiale rel\u00e8ve du charbon, du gaz, du p\u00e9trole et du nucl\u00e9aire. La-dessus il faudrait ajouter un milliard de voitures \u00e9lectriques?<\/p>\n<p style=\"text-align: justify\">Alors on nous dit qu\u2019on va couvrir la Terre d\u2019\u00e9oliennes ou de panneaux photovolta\u00efques. Sauf que \u00e7a coince aussi. Les cellules photovolta\u00efques contiennent des m\u00e9taux lourds et leur\u00a0 production lib\u00e8re des gaz \u00e0 effet de serre tels que l\u2019hexafluorure de\u00a0 soufre qui, selon le Groupe d\u2019experts intergouvernemental sur\u00a0 l\u2019\u00e9volution du climat, a un potentiel de r\u00e9chauffement climatique 23 000\u00a0 fois plus \u00e9lev\u00e9 que le CO<sub>2<\/sub>. De plus, des carburants fossiles\u00a0 sont utilis\u00e9s pour extraire les mati\u00e8res premi\u00e8res requises pour la\u00a0 production de cellules solaires et d\u2019\u00e9oliennes, de m\u00eame que pour leur\u00a0 fabrication, assemblage et maintenance. Il en va de m\u00eame pour les\u00a0 centrales \u00e9lectriques utilis\u00e9es \u00e0 titre de s\u00e9curisation. Par ailleurs,\u00a0 le d\u00e9mant\u00e8lement de ces installations exige lui aussi un recours massif\u00a0 aux carburants fossiles.<\/p>\n<p style=\"text-align: justify\">Selon Ozzie Zehner, une \u00e9tude men\u00e9e par des universit\u00e9s am\u00e9ricaines conclut que, d\u2019ici 2030,\u00a0 les v\u00e9hicules hybrides et \u00e9lectriques tributaires du r\u00e9seau \u00e9lectrique\u00a0 provoqueront davantage de dommages environnementaux que les v\u00e9hicules\u00a0 traditionnels \u00e0 essence, m\u00eame si l\u2019on tient compte du progr\u00e8s technique.<\/p>\n<p style=\"text-align: justify\">Et en mati\u00e8re de lutte contre le r\u00e9chauffement climatique, le soi-disant argument fort de la voiture \u00e9lectrique, ce n\u2019est pas mieux. Une \u00e9valuation r\u00e9alis\u00e9e par la Royal Society of Chemistry a montr\u00e9 que\u00a0 si l\u2019on adoptait int\u00e9gralement la voiture \u00e9lectrique en Grande-Bretagne,\u00a0 cela ne r\u00e9duirait que de 2\u00a0% les \u00e9missions de CO<sub>2<\/sub> dans tout\u00a0 le pays. L\u2019ann\u00e9e derni\u00e8re, une \u00e9tude lanc\u00e9e par le Congressional Budget\u00a0 Office des Etats-Unis a r\u00e9v\u00e9l\u00e9 que les v\u00e9hicules \u00e9lectriques\u00a0 subventionn\u00e9s \u00ab\u00a0ne permettront pas ou quasiment pas de r\u00e9duire la\u00a0 consommation totale d\u2019essence et les \u00e9missions de gaz \u00e0 effet de serre\u00a0 du parc automobile national dans les prochaines ann\u00e9es\u00a0\u00bb<\/p>\n<p style=\"text-align: justify\">Sauf que pour en arriver \u00e0 ces pi\u00e8tres r\u00e9sultats, il faut produire des voitures \u00e9lectriques qui n\u00e9cessitent des mat\u00e9riaux toujours plus polluants, toujours plus \u00e9nergivores. Bref, c\u2019est l\u2019impasse.<\/p>\n<p style=\"text-align: justify\">Alors, il y a d\u00e9sormais une chose insupportable qui saute aux yeux. Que les constructeurs, les agences de marketing ou les m\u00e9dias aliment\u00e9s par la pub vantent les m\u00e9rites de la voiture \u00e9lectrique, on peut le concevoir, c\u2019est la loi du capitalisme. Mais que des associations, des groupes ou des personnes qui pr\u00e9tendent se soucier d\u2019environnement se fassent les avocats de la voiture \u00e9lectrique, cela devient proprement scandaleux.<\/p>\n<p style=\"text-align: justify\">Comme le dit Ozzie Zehner, c\u2019est un peu comme si un m\u00e9decin vous conseillait de changer de marque de cigarettes\u2026<\/p>\n<p style=\"text-align: justify\"><em>Vu sur Carfree, 13 septembre 2013<\/em><\/p>\n","protected":false},"excerpt":{"rendered":"<p>NdPN : promotion aujourd&rsquo;hui \u00e0 Poitiers de la voiture qui roule au nucl\u00e9aire&#8230; et un article de l&rsquo;excellent site carfree, qui remet les pendules \u00e0 l&rsquo;heure ! Poitiers : lancement du Tour Poitou-Charentes des v\u00e9hicules \u00e9lectriques Avant la premi\u00e8re \u00e9tape pr\u00e9vue mercredi, les concurrents participant au tour Poitou-Charentes des v\u00e9hicules \u00e9lectriques se r\u00e9uniront place Leclerc &hellip; <a href=\"https:\/\/fa86.noblogs.org\/?p=9727\" class=\"more-link\">Continuer la lecture de <span class=\"screen-reader-text\">[Poitiers] Non \u00e0 la bagnole \u00e9lectrique !<\/span> <span class=\"meta-nav\">&rarr;<\/span><\/a><\/p>\n","protected":false},"author":2691,"featured_media":0,"comment_status":"closed","ping_status":"open","sticky":false,"template":"","format":"standard","meta":{"footnotes":""},"categories":[18,7],"tags":[],"class_list":["post-9727","post","type-post","status-publish","format-standard","hentry","category-decroissance-libertaire","category-propagande-marchande"],"_links":{"self":[{"href":"https:\/\/fa86.noblogs.org\/index.php?rest_route=\/wp\/v2\/posts\/9727","targetHints":{"allow":["GET"]}}],"collection":[{"href":"https:\/\/fa86.noblogs.org\/index.php?rest_route=\/wp\/v2\/posts"}],"about":[{"href":"https:\/\/fa86.noblogs.org\/index.php?rest_route=\/wp\/v2\/types\/post"}],"author":[{"embeddable":true,"href":"https:\/\/fa86.noblogs.org\/index.php?rest_route=\/wp\/v2\/users\/2691"}],"replies":[{"embeddable":true,"href":"https:\/\/fa86.noblogs.org\/index.php?rest_route=%2Fwp%2Fv2%2Fcomments&post=9727"}],"version-history":[{"count":1,"href":"https:\/\/fa86.noblogs.org\/index.php?rest_route=\/wp\/v2\/posts\/9727\/revisions"}],"predecessor-version":[{"id":9728,"href":"https:\/\/fa86.noblogs.org\/index.php?rest_route=\/wp\/v2\/posts\/9727\/revisions\/9728"}],"wp:attachment":[{"href":"https:\/\/fa86.noblogs.org\/index.php?rest_route=%2Fwp%2Fv2%2Fmedia&parent=9727"}],"wp:term":[{"taxonomy":"category","embeddable":true,"href":"https:\/\/fa86.noblogs.org\/index.php?rest_route=%2Fwp%2Fv2%2Fcategories&post=9727"},{"taxonomy":"post_tag","embeddable":true,"href":"https:\/\/fa86.noblogs.org\/index.php?rest_route=%2Fwp%2Fv2%2Ftags&post=9727"}],"curies":[{"name":"wp","href":"https:\/\/api.w.org\/{rel}","templated":true}]}}