{"id":9732,"date":"2013-09-17T17:18:39","date_gmt":"2013-09-17T15:18:39","guid":{"rendered":"http:\/\/fa86.noblogs.org\/?p=9732"},"modified":"2013-09-17T17:18:39","modified_gmt":"2013-09-17T15:18:39","slug":"avec-un-pro-nucleaire-nomme-a-la-tete-de-lifremer-la-mer-est-bien-barree","status":"publish","type":"post","link":"https:\/\/fa86.noblogs.org\/?p=9732","title":{"rendered":"Avec un pro-nucl\u00e9aire nomm\u00e9 \u00e0 la t\u00eate de l&rsquo;Ifremer, la mer est bien barr\u00e9e !"},"content":{"rendered":"<p style=\"text-align: justify\"><a href=\"http:\/\/anars56.over-blog.org\/article-avec-un-pro-nucleaire-nomme-a-la-tete-de-l-ifremer-la-mer-est-bien-barree-120092423.html\" target=\"_blank\"><strong>Avec un pro-nucl\u00e9aire nomm\u00e9 \u00e0 la t\u00eate de l&rsquo;Ifremer, la mer est bien barr\u00e9e !<\/strong><\/a><\/p>\n<div style=\"text-align: justify\">\n<p>L&rsquo;Institut fran\u00e7ais de recherche pour l&rsquo;exploitation de la mer (<strong>Ifremer<\/strong>) est un \u00e9tablissement public (\u00e9tatique) rattach\u00e9 \u00e0 trois\u00a0\u00a0\u00a0 minist\u00e8res (\u00e9cologie, agriculture, recherche). L&rsquo;Ifremer est une r\u00e9f\u00e9rence scientifique pour le monde maritime et politique. L&rsquo;Ifremer a plusieurs stations sur le littoral, dont Lorient et La Trinit\u00e9-sur-Mer pour le Morbihan. Il participe \u00e0 la \u00ab\u00a0<em>strat\u00e9gie\u00a0\u00a0\u00a0 nationale pour la mer et les oc\u00e9ans<\/em>\u00a0\u00bb qui consiste en gros \u00e0 surveiller et analyser l&rsquo;\u00e9tat des ressources, \u00e0 adapter et d\u00e9velopper l&rsquo;exploitation \u00ab\u00a0<em>durable<\/em>\u00a0\u00bb des oc\u00e9ans.\u00a0\u00a0\u00a0 \u00ab\u00a0<em>Durable<\/em>\u00a0\u00bb au sens de \u00ab\u00a0<em>d\u00e9veloppement durable<\/em>\u00ab\u00a0, vous savez, l&rsquo;hypocrite oxymore pour justifier une exploitation continue et rapportant des profits&#8230; Comme tout organisme\u00a0\u00a0\u00a0 \u00e9tatique, il est au service du d\u00e9veloppement capitaliste (la nomination d&rsquo;un nucl\u00e9ocrate \u00e0 sa t\u00eate s&rsquo;inscrit dans ce cadre&#8230;). Ainsi, <strong>le Conseil des Sinistres vient de<\/strong>\u00a0\u00a0\u00a0\u00a0 <strong>nommer \u00ab\u00a0un sp\u00e9cialiste de l\u2019\u00e9nergie\u00a0\u00bb, P-DG d\u2019Ifremer<\/strong>. <a href=\"http:\/\/www.ouest-france.fr\/region\/bretagne_detail_-Un-specialiste-de-l-energie-P-DG-d-Ifremer_40779-2228139_actu.Htm\">Ouest-France<\/a> nous apprend que \u00ab\u00a0<em>Fran\u00e7ois Jacq (&#8230;) est aussi docteur\u00a0\u00a0\u00a0 de l\u2019\u00e9cole nationale sup\u00e9rieure des Mines et ing\u00e9nieur g\u00e9n\u00e9ral des Mines. (&#8230;) En 2000, il est devenu directeur de l\u2019Agence nationale pour la gestion des d\u00e9chets radioactifs (Andra). Il a\u00a0\u00a0\u00a0 ensuite occup\u00e9 des fonctions au sein du minist\u00e8re de l\u2019industrie, toujours autour des questions d\u2019\u00e9nergie.<\/em>\u00a0\u00bb<\/p>\n<p>Un nouveau serpent de mer radioactif aval\u00e9 par les ministres EELV ?<\/p>\n<p>Cette nomination ne rel\u00e8ve pas du hasard&#8230; On peut toujours attendre les \u00e9tudes d&rsquo;Ifremer sur les cons\u00e9quences sur la faune marine, de la pollution\u00a0\u00a0\u00a0 radioactive \u00e0 La Hague ou en rade de Brest&#8230;<\/p>\n<p>Par ailleurs, voici un communiqu\u00e9 de la <a href=\"http:\/\/fan-bretagne.org\/\"><strong>F\u00e9d\u00e9ration antinucl\u00e9aire Bretagne<\/strong><\/a> (dont nous sommes\u00a0\u00a0\u00a0 membres) du 16 septembre 2013 :<\/p>\n<p><img loading=\"lazy\" decoding=\"async\" alt=\"nucleaire-mer-poubelle.jpg\" src=\"http:\/\/img.over-blog.com\/300x225\/2\/40\/14\/97\/ecologie\/nucleaire-mer-poubelle.jpg\" width=\"300\" height=\"225\" \/><\/p>\n<p><strong>La mer n\u2019est pas une poubelle, la terre non plus ! Et nous ne sommes pas des cobayes.<\/strong><\/p>\n<p>La F\u00e9d\u00e9ration anti-nucl\u00e9aire Bretagne, r\u00e9unie samedi 31 ao\u00fbt 2013 \u00e0 Quimper, fait l\u2019\u00e9difiant constat qu\u2019avant, pendant et apr\u00e8s les vacances, la mer\u00a0\u00a0\u00a0 est une poubelle nucl\u00e9aire, la terre aussi. Albert Jacquard, humaniste d\u2019une grande sagesse, qui nous a quitt\u00e9 ce 11 septembre 2013, r\u00e9p\u00e9tait inlassablement que <strong>l\u2019humanit\u00e9 court \u00e0 son\u00a0\u00a0\u00a0 suicide si elle n\u2019arr\u00eate pas le nucl\u00e9aire<\/strong>.<\/p>\n<p>&#8211; Le 19 juillet, prenait fin officiellement la \u00ab p\u00eache \u00e0 la ligne \u00bb des morceaux du M51 qui avait explos\u00e9 d\u00e9but mai au large de la Pointe de\u00a0\u00a0\u00a0 Penmarc\u2019h. En effet la p\u00eache traditionnelle avait \u00e9t\u00e9 interdite dans une zone de 900 Km2. Pendant 15 jours, 20 bateaux de p\u00eache, tir\u00e9s au sort par le Comit\u00e9 des p\u00eaches du Finist\u00e8re et la\u00a0\u00a0\u00a0 Pr\u00e9fecture maritime, ont re\u00e7u 2800 euros par jour pour <strong>\u00ab blanchir la zone \u00bb soit au total pr\u00e8s d\u2019un demi-million d\u2019euros<\/strong> (lire Le T\u00e9l\u00e9gramme 27\/08\/2013). Le M51 est un missile\u00a0\u00a0\u00a0 destin\u00e9 au transport de bombes nucl\u00e9aires. Jusqu\u2019\u00e0 fin septembre la recherche continue et sera r\u00e9compens\u00e9e \u00e0 hauteur de 300 euros par d\u00e9bris rapport\u00e9.<\/p>\n<p>&#8211; Parall\u00e8lement dans le Pacifique, la centrale de Fukushima d\u00e9versait et continue \u00e0 le faire <strong>350 tonnes par jour d\u2019eau contamin\u00e9e au C\u00e9sium\u00a0\u00a0\u00a0 137, au Strontium 90<\/strong> (15 fois le taux normal de l\u2019eau de mer) et quelques 60 autres radio\u00e9l\u00e9ments. La nappe s\u2019\u00e9tend jusqu\u2019aux c\u00f4tes du Canada et des USA et soucie les autorit\u00e9s\u00a0\u00a0\u00a0 sanitaires de ces pays, certains enfants pr\u00e9sentent des pathologies anormales. De m\u00eame les f\u00fbts \u00ab \u00e9tanches \u00bb garantis 5 ans par le constructeur (330 000 tonnes \u00e0 ce jour mentionn\u00e9s dans Le Canard\u00a0\u00a0\u00a0 encha\u00een\u00e9 du 11 septembre 2013) pr\u00e9sentent des fuites qui contaminent zone de stockage et personnel de surveillance.<\/p>\n<p>&#8211; Dans l\u2019Est de la France, le Centre nucl\u00e9aire militaire de Valduc et du CEA lan\u00e7ait un appel d\u2019offres pour l\u2019acquisition de 4000 autocuiseurs\u00a0\u00a0\u00a0 (cocotte minute) devant servir au transport de plutonium.<\/p>\n<p>&#8211; L\u2019ICEDA (Installation de Conditionnement et d\u2019Entreposage de D\u00e9chets Activ\u00e9s) sur le site du Bugey est destin\u00e9 \u00e0 recevoir les d\u00e9chets les plus\u00a0\u00a0\u00a0 radioactifs issus du d\u00e9mant\u00e8lement des r\u00e9acteurs nucl\u00e9aires. Pourtant en cas de rupture du grand barrage hydro\u00e9lectrique du Vouglans situ\u00e9 en amont du site, <strong>les captages d\u2019eau potable de\u00a0\u00a0\u00a0 la ville de Lyon situ\u00e9e \u00e0 30 km du site du Bugey, seront tous empoisonn\u00e9s<\/strong>. Plusieurs recours en justice ont \u00e9t\u00e9 rejet\u00e9s par le Conseil d\u2019Etat ce printemps et le Pr\u00e9sident de la\u00a0\u00a0\u00a0 Commission d\u2019Enqu\u00eate publique relative au permis de construire de l\u2019ICEDA vient de donner un avis favorable malgr\u00e9 105 contributions d\u00e9favorables contre 10 favorables.<\/p>\n<p>Le nucl\u00e9aire ce n\u2019est pas que de l\u2019\u00e9lectricit\u00e9 ! La F\u00e9d\u00e9ration anti-nucl\u00e9aire Bretagne exige le d\u00e9sarmement de tous les sous-marins nucl\u00e9aires\u00a0\u00a0\u00a0 fran\u00e7ais, l\u2019arr\u00eat des programmes de recherche et d\u00e9veloppement de l\u2019\u00e9nergie nucl\u00e9aire civile et militaire, l\u2019arr\u00eat de l\u2019utilisation de l\u2019uranium appauvri dans les armes dites \u00ab conventionnelles \u00bb\u00a0\u00a0\u00a0\u00a0 utilis\u00e9es dans la perforation des blind\u00e9s et bunkers avec l\u2019arr\u00eat imm\u00e9diat de tous les r\u00e9acteurs nucl\u00e9aires comme vient \u00e0 nouveau de le faire <strong>le Japon ce 15 septembre 2013. Ses 54 r\u00e9acteurs sont tous \u00e0 l\u2019arr\u00eat<\/strong>. Nous ne voulons pas \u00eatre les cobayes de la prochaine catastrophe, nous ne voulons pas apprendre \u00e0 vivre avec de la radioactivit\u00e9 dans nos assiettes, sur\u00a0\u00a0\u00a0 nos plages ou dans l\u2019air que nous respirons.<\/p>\n<p><em>Vu sur le blog des groupes Libertaire Lochu-Ferrer (Vannes-Lorient), 16 septembre 2013<\/em><\/p>\n<\/div>\n","protected":false},"excerpt":{"rendered":"<p>Avec un pro-nucl\u00e9aire nomm\u00e9 \u00e0 la t\u00eate de l&rsquo;Ifremer, la mer est bien barr\u00e9e ! L&rsquo;Institut fran\u00e7ais de recherche pour l&rsquo;exploitation de la mer (Ifremer) est un \u00e9tablissement public (\u00e9tatique) rattach\u00e9 \u00e0 trois\u00a0\u00a0\u00a0 minist\u00e8res (\u00e9cologie, agriculture, recherche). L&rsquo;Ifremer est une r\u00e9f\u00e9rence scientifique pour le monde maritime et politique. L&rsquo;Ifremer a plusieurs stations sur le littoral, &hellip; <a href=\"https:\/\/fa86.noblogs.org\/?p=9732\" class=\"more-link\">Continuer la lecture de <span class=\"screen-reader-text\">Avec un pro-nucl\u00e9aire nomm\u00e9 \u00e0 la t\u00eate de l&rsquo;Ifremer, la mer est bien barr\u00e9e !<\/span> <span class=\"meta-nav\">&rarr;<\/span><\/a><\/p>\n","protected":false},"author":2691,"featured_media":0,"comment_status":"closed","ping_status":"open","sticky":false,"template":"","format":"standard","meta":{"footnotes":""},"categories":[25],"tags":[],"class_list":["post-9732","post","type-post","status-publish","format-standard","hentry","category-antinucleaire"],"_links":{"self":[{"href":"https:\/\/fa86.noblogs.org\/index.php?rest_route=\/wp\/v2\/posts\/9732","targetHints":{"allow":["GET"]}}],"collection":[{"href":"https:\/\/fa86.noblogs.org\/index.php?rest_route=\/wp\/v2\/posts"}],"about":[{"href":"https:\/\/fa86.noblogs.org\/index.php?rest_route=\/wp\/v2\/types\/post"}],"author":[{"embeddable":true,"href":"https:\/\/fa86.noblogs.org\/index.php?rest_route=\/wp\/v2\/users\/2691"}],"replies":[{"embeddable":true,"href":"https:\/\/fa86.noblogs.org\/index.php?rest_route=%2Fwp%2Fv2%2Fcomments&post=9732"}],"version-history":[{"count":2,"href":"https:\/\/fa86.noblogs.org\/index.php?rest_route=\/wp\/v2\/posts\/9732\/revisions"}],"predecessor-version":[{"id":9734,"href":"https:\/\/fa86.noblogs.org\/index.php?rest_route=\/wp\/v2\/posts\/9732\/revisions\/9734"}],"wp:attachment":[{"href":"https:\/\/fa86.noblogs.org\/index.php?rest_route=%2Fwp%2Fv2%2Fmedia&parent=9732"}],"wp:term":[{"taxonomy":"category","embeddable":true,"href":"https:\/\/fa86.noblogs.org\/index.php?rest_route=%2Fwp%2Fv2%2Fcategories&post=9732"},{"taxonomy":"post_tag","embeddable":true,"href":"https:\/\/fa86.noblogs.org\/index.php?rest_route=%2Fwp%2Fv2%2Ftags&post=9732"}],"curies":[{"name":"wp","href":"https:\/\/api.w.org\/{rel}","templated":true}]}}