{"id":9735,"date":"2013-09-17T17:28:13","date_gmt":"2013-09-17T15:28:13","guid":{"rendered":"http:\/\/fa86.noblogs.org\/?p=9735"},"modified":"2013-09-17T17:28:37","modified_gmt":"2013-09-17T15:28:37","slug":"le-monde-libertaire-hors-serie-n51-septembre-octobre-2013","status":"publish","type":"post","link":"https:\/\/fa86.noblogs.org\/?p=9735","title":{"rendered":"Le Monde Libertaire Hors-s\u00e9rie n\u00b051 (septembre-octobre 2013)"},"content":{"rendered":"<p style=\"text-align: justify\"><em><strong>NdPN<\/strong> : Le Monde libertaire Hors-s\u00e9rie n\u00b051, bimestriel de la F\u00e9d\u00e9ration anarchiste, adh\u00e9rente \u00e0 l&rsquo;Internationale des f\u00e9d\u00e9rations anarchistes, sort en kiosques. 64 pages d&rsquo;actualit\u00e9s en couleurs vues par les anarchistes pour 5 euros. Comme d&rsquo;hab, un exemplaire sera laiss\u00e9 en libre consultation au biblio-caf\u00e9 de Poitiers (rue de la Cath\u00e9drale). Vous pouvez aussi vous le procurer \u00e0 prix libre en nous \u00e9crivant.\u00a0Bonne lecture, et \u00e0 bas le travail salari\u00e9\u00a0!<\/em><\/p>\n<p style=\"text-align: justify\"><strong>Le Monde Libertaire Hors-s\u00e9rie n\u00b051 (<\/strong><strong>septembre-octobre 2013)<\/strong><\/p>\n<div><a href=\"http:\/\/img.over-blog-kiwi.com\/0\/56\/36\/39\/201309\/ob_bc2e6b_ml-hors-serie-n-51-recto.jpg\" rel=\"fancybox\"><img decoding=\"async\" alt=\"Le Monde Libertaire Hors-s\u00e9rie n\u00b051 \" src=\"http:\/\/img.over-blog-kiwi.com\/0\/56\/36\/39\/201309\/ob_bc2e6b_ml-hors-serie-n-51-recto.jpg\" \/><\/a><\/div>\n<p style=\"text-align: justify\"><strong>Sommaire<\/strong><\/p>\n<p style=\"text-align: justify\"><strong>Dossier: le travail pour quoi faire ?<\/strong><\/p>\n<p style=\"text-align: justify\">Le travail aujourd&rsquo;hui: l&rsquo;incertitude programm\u00e9e, par Ram\u00f3n Pino groupe Salvador Segu\u00ed, page 4<\/p>\n<p style=\"text-align: justify\">Le \u00abfruit int\u00e9gral de son travail\u00bb, par Eric Vilain, page 10<\/p>\n<p style=\"text-align: justify\">\u00abL&rsquo;usine cr\u00e8ve moi je suis en vie\u00bb, propos recueillis par Fred groupe Saint-Ouen 93, page 16<\/p>\n<p style=\"text-align: justify\">Le rapport au travail dans l&rsquo;Antiquit\u00e9 gr\u00e9co-romaine, par Olivier Sartre CNT Vignoles, page 22<\/p>\n<p style=\"text-align: justify\">Vers l&rsquo;abolition lib\u00e9rale du salariat, par Guillaume Goutte groupe Salvador Segui, page 26<\/p>\n<p style=\"text-align: justify\">Sant\u00e9 et travail, par Moriel, page 30<\/p>\n<p style=\"text-align: justify\">Le travail sur la bobine, page 32<\/p>\n<p style=\"text-align: justify\">Porfolio, page 36<\/p>\n<p style=\"text-align: justify\">Les maisons m\u00e9dicales belges autog\u00e9r\u00e9es, propos recueillis par Karine groupe Claaaaaash, page 42<\/p>\n<p style=\"text-align: justify\">Le mouvement D\u00e9sob\u00e9issance, par Loran Groupe B\u00e9thune-Arras, page 47<\/p>\n<p style=\"text-align: justify\">Istanbul: en direct de la place Taksim, par Fran\u00e7oise et Jo\u00ebl, Maldoror, page 48<\/p>\n<p style=\"text-align: justify\">Lectures, page 50<\/p>\n<p style=\"text-align: justify\">Musiques: l&rsquo;1consolable, propos recueillis par Karine groupe Claaaaaash, page 52<\/p>\n<p style=\"text-align: justify\">Programme de Radio Libertaire, page 60<\/p>\n<p style=\"text-align: justify\">Les 108 groupes et liaisons de la F\u00e9d\u00e9ration Anarchiste, page 61<\/p>\n<p style=\"text-align: justify\">Abonnements, page 64<\/p>\n<p><strong>Editorial du Monde Libertaire Hors-s\u00e9rie n\u00b051<\/strong><\/p>\n<p style=\"text-align: justify\">C&rsquo;est la rentr\u00e9e. On reprend le boulot. On recommence \u00e0 marner semaine apr\u00e8s semaine pour gagner sa cro\u00fbte, pour payer son toit, pour consommer. La rentr\u00e9e, c&rsquo;est aussi la rentr\u00e9e sociale. Le sujet de cette rentr\u00e9e sociale (comme des derni\u00e8res) est la r\u00e9forme des retraites. Sans entrer dans le d\u00e9tail, il va encore s&rsquo;agir d&rsquo;augmenter le temps de travail fourni au cours d&rsquo;une vie. Fourni pour quoi ? Pour qui ? L&rsquo;organisation du travail est constamment pens\u00e9e et optimis\u00e9e. Mais pas par ceux qui fournissent le travail ; et la variable qu&rsquo;on cherche \u00e0 optimiser n&rsquo;est certainement pas l&rsquo;\u00e9mancipation du travailleur.<\/p>\n<p style=\"text-align: justify\">Les usines de construction automobile, d\u00e8s les ann\u00e9es 20, ont mis en application les th\u00e9ories sur la rationalisation du travail (Taylor, Ford). Taylor pr\u00f4nait de diviser le travail verticalement (les concepteurs en haut et les ex\u00e9cutants en bas) et horizontalement pour minimiser les doublons et les ambigu\u00eft\u00e9s. Ford a augment\u00e9 la division horizontale en parcellisant le travail. La productivit\u00e9 s&rsquo;en est trouv\u00e9e augment\u00e9e et les ouvriers un peu plus d\u00e9poss\u00e9d\u00e9s de leur autonomie et de leur comp\u00e9tence. Le prix de revient, donc d&rsquo;achat pour le consommateur, est am\u00e9lior\u00e9 au d\u00e9triment de l&rsquo;ouvrier.<\/p>\n<p style=\"text-align: justify\">Maintenant, dans tous les secteurs on d\u00e9plore toujours plus les raisonnements gestionnaires men\u00e9s par des d\u00e9cideurs qui ne connaissent pas le c\u0153ur de m\u00e9tier. L&rsquo;individu est contr\u00f4l\u00e9 \u00e0 coup d&rsquo;indicateurs, de mesures de performance. Les travailleurs sont pressuris\u00e9s, somm\u00e9s de cravacher mieux que le voisin, de turbiner plus rentable pour moins cher. Le travailleur est une ressource pill\u00e9e comme les autres. Les travailleurs ne reconnaissent plus leur travail. En voyant les vagues de d\u00e9pressions nerveuses voire de suicides au boulot, on se rappelle l&rsquo;origine du mot \u00ab travail \u00bb (tripalium, un instrument de torture).<\/p>\n<p style=\"text-align: justify\">Encore cette ann\u00e9e, un des orateurs de l&rsquo;universit\u00e9 d&rsquo;\u00e9t\u00e9 du MEDEF a \u00e9t\u00e9 le commandant de la l\u00e9gion \u00e9trang\u00e8re. Le discours des id\u00e9ologues de l&rsquo;entreprise ressasse un vocabulaire guerrier de conqu\u00eate, de comp\u00e9tition. Et ils radotent que le co\u00fbt du travail est trop \u00e9lev\u00e9. Ils demandent toujours plus d&rsquo;engagement de la part des salari\u00e9s et revendiquent de pourvoir virer qui ils veulent sur un claquement de doigts, au nom de la comp\u00e9titivit\u00e9. Et ces parasites grignotent chaque ann\u00e9e un peu plus ce qu&rsquo;ils sont cens\u00e9s reverser \u00e0 la collectivit\u00e9. Et ceux qu&rsquo;on d\u00e9signe \u00e0 longueur de bulletin d&rsquo;information sont les ch\u00f4meurs.<\/p>\n<p style=\"text-align: justify\">D\u00e9noncer cette dichotomie entres poss\u00e9dants et exploit\u00e9s ne suffit pas. Aucun ponte, aussi puissant soit-il, ne serait capable d&rsquo;asservir toute la main d&rsquo;\u0153uvre qu&rsquo;il emploie sans le concours de la hi\u00e9rarchie d&rsquo;interm\u00e9diaires, de chefaillons ni des flics qui tabassent les ouvriers qui osent se r\u00e9volter. Comme \u00e0 chaque rentr\u00e9e sociale, on va voir des travailleurs d\u00e9filer derri\u00e8re la sono qui hurle que \u00ab c&rsquo;est pas \u00e0 l&rsquo;\u00c9lys\u00e9e ni \u00e0 Matignon qu&rsquo;on obtiendra satisfaction \u00bb, dans des manifs d\u00e9cid\u00e9es par les partenaires sociaux (partenaires qui vont \u00e0 Matignon et \u00e0 l&rsquo;\u00c9lys\u00e9e, eux). C&rsquo;est \u00e0 se demander si c&rsquo;est utile de s&rsquo;accrocher \u00e0 une usine de merde ; s&rsquo;il ne vaudrait pas mieux faire crever tous ces lieux d&rsquo;asservissement tant qu&rsquo;on est encore en vie, envoyer bouler cette hi\u00e9rarchie syndicale et productiviste.<\/p>\n<p style=\"text-align: justify\">Il para\u00eet que, dans les ann\u00e9es 30, Keynes avait pr\u00e9dit qu&rsquo;\u00e0 la fin du XX\u00e8me si\u00e8cle, les technologies seraient suffisamment avanc\u00e9es pour qu&rsquo;on envisage ne travailler que 15 heures par semaine. On en est loin. Et pourtant&#8230; est-ce qu&rsquo;on n&rsquo;arriverait pas \u00e0 vivre beaucoup mieux en travaillant beaucoup moins ? Pour ce num\u00e9ro de rentr\u00e9e, le Monde Libertaire Hors-S\u00e9rie s&rsquo;est pench\u00e9, dans son dossier principal, sur le th\u00e8me du travail.<\/p>\n","protected":false},"excerpt":{"rendered":"<p>NdPN : Le Monde libertaire Hors-s\u00e9rie n\u00b051, bimestriel de la F\u00e9d\u00e9ration anarchiste, adh\u00e9rente \u00e0 l&rsquo;Internationale des f\u00e9d\u00e9rations anarchistes, sort en kiosques. 64 pages d&rsquo;actualit\u00e9s en couleurs vues par les anarchistes pour 5 euros. Comme d&rsquo;hab, un exemplaire sera laiss\u00e9 en libre consultation au biblio-caf\u00e9 de Poitiers (rue de la Cath\u00e9drale). Vous pouvez aussi vous le &hellip; <a href=\"https:\/\/fa86.noblogs.org\/?p=9735\" class=\"more-link\">Continuer la lecture de <span class=\"screen-reader-text\">Le Monde Libertaire Hors-s\u00e9rie n\u00b051 (septembre-octobre 2013)<\/span> <span class=\"meta-nav\">&rarr;<\/span><\/a><\/p>\n","protected":false},"author":2691,"featured_media":0,"comment_status":"closed","ping_status":"open","sticky":false,"template":"","format":"standard","meta":{"footnotes":""},"categories":[17,22,4],"tags":[],"class_list":["post-9735","post","type-post","status-publish","format-standard","hentry","category-education-populaire","category-le-travail-tue","category-se-trouver"],"_links":{"self":[{"href":"https:\/\/fa86.noblogs.org\/index.php?rest_route=\/wp\/v2\/posts\/9735","targetHints":{"allow":["GET"]}}],"collection":[{"href":"https:\/\/fa86.noblogs.org\/index.php?rest_route=\/wp\/v2\/posts"}],"about":[{"href":"https:\/\/fa86.noblogs.org\/index.php?rest_route=\/wp\/v2\/types\/post"}],"author":[{"embeddable":true,"href":"https:\/\/fa86.noblogs.org\/index.php?rest_route=\/wp\/v2\/users\/2691"}],"replies":[{"embeddable":true,"href":"https:\/\/fa86.noblogs.org\/index.php?rest_route=%2Fwp%2Fv2%2Fcomments&post=9735"}],"version-history":[{"count":3,"href":"https:\/\/fa86.noblogs.org\/index.php?rest_route=\/wp\/v2\/posts\/9735\/revisions"}],"predecessor-version":[{"id":9738,"href":"https:\/\/fa86.noblogs.org\/index.php?rest_route=\/wp\/v2\/posts\/9735\/revisions\/9738"}],"wp:attachment":[{"href":"https:\/\/fa86.noblogs.org\/index.php?rest_route=%2Fwp%2Fv2%2Fmedia&parent=9735"}],"wp:term":[{"taxonomy":"category","embeddable":true,"href":"https:\/\/fa86.noblogs.org\/index.php?rest_route=%2Fwp%2Fv2%2Fcategories&post=9735"},{"taxonomy":"post_tag","embeddable":true,"href":"https:\/\/fa86.noblogs.org\/index.php?rest_route=%2Fwp%2Fv2%2Ftags&post=9735"}],"curies":[{"name":"wp","href":"https:\/\/api.w.org\/{rel}","templated":true}]}}