{"id":9742,"date":"2013-09-18T19:31:57","date_gmt":"2013-09-18T17:31:57","guid":{"rendered":"http:\/\/fa86.noblogs.org\/?p=9742"},"modified":"2013-09-19T09:29:16","modified_gmt":"2013-09-19T07:29:16","slug":"poitiers-terrain-cultive-a-200-euros-le-m2","status":"publish","type":"post","link":"https:\/\/fa86.noblogs.org\/?p=9742","title":{"rendered":"[Poitiers] Terrain cultiv\u00e9 \u00e0 200 euros le m2"},"content":{"rendered":"<p style=\"text-align: justify\"><a href=\"http:\/\/www.lanouvellerepublique.fr\/Vienne\/Services\/Toutes-les-DMAs\/n\/Contenus\/DMAs\/2013\/09\/18\/POITIERS-L-ancien-theatre-sera-cede-lundi-pour-510.000-euro-1617717\" target=\"_blank\"><strong>86 &#8211;\u00a0 POITIERS L&rsquo;ancien th\u00e9\u00e2tre sera c\u00e9d\u00e9 lundi pour 510.000\u00a0\u20ac<\/strong><\/a><\/p>\n<p style=\"text-align: justify\">Le sort de l&rsquo;ancien th\u00e9\u00e2tre de Poitiers est scell\u00e9 : le conseil municipal de lundi d\u00e9lib\u00e9rera de sa cession au priv\u00e9. Le projet du promoteur Thierry Mins\u00e9 et de l&rsquo;architecte Fran\u00e7ois Pin a \u00e9t\u00e9 retenu. Prix d&rsquo;achat : 510.000\u00a0\u20ac&#8230; \u00ab soit moins de 200 \u20ac du m2 \u00bb, note le collectif de d\u00e9fense qui d\u00e9nonce \u00ab un coup de force \u00bb et appelle \u00e0 manifester lundi, d\u00e8s 17\u00a0h 45, avant et pendant le conseil. Plus d&rsquo;infos demain dans la Nouvelle R\u00e9publique.<\/p>\n<p style=\"text-align: justify\"><em>D\u00e9p\u00eache Nouvelle R\u00e9publique, 18 septembre 2013<\/em><\/p>\n<p style=\"text-align: justify\"><strong>NdPN &#8211; MAJ<\/strong> (19 septembre 2013) : <a href=\"http:\/\/www.lanouvellerepublique.fr\/Vienne\/Actualite\/Politique\/n\/Contenus\/Articles\/2013\/09\/19\/La-Ville-vend-le-theatre-510.000-euros-au-prive-1618305\" target=\"_blank\">un article de la NR<\/a>.<\/p>\n","protected":false},"excerpt":{"rendered":"<p>86 &#8211;\u00a0 POITIERS L&rsquo;ancien th\u00e9\u00e2tre sera c\u00e9d\u00e9 lundi pour 510.000\u00a0\u20ac Le sort de l&rsquo;ancien th\u00e9\u00e2tre de Poitiers est scell\u00e9 : le conseil municipal de lundi d\u00e9lib\u00e9rera de sa cession au priv\u00e9. Le projet du promoteur Thierry Mins\u00e9 et de l&rsquo;architecte Fran\u00e7ois Pin a \u00e9t\u00e9 retenu. Prix d&rsquo;achat : 510.000\u00a0\u20ac&#8230; \u00ab soit moins de 200 \u20ac &hellip; <a href=\"https:\/\/fa86.noblogs.org\/?p=9742\" class=\"more-link\">Continuer la lecture de <span class=\"screen-reader-text\">[Poitiers] Terrain cultiv\u00e9 \u00e0 200 euros le m2<\/span> <span class=\"meta-nav\">&rarr;<\/span><\/a><\/p>\n","protected":false},"author":2691,"featured_media":0,"comment_status":"closed","ping_status":"open","sticky":false,"template":"","format":"standard","meta":{"footnotes":""},"categories":[26],"tags":[],"class_list":["post-9742","post","type-post","status-publish","format-standard","hentry","category-construction-du-desert"],"_links":{"self":[{"href":"https:\/\/fa86.noblogs.org\/index.php?rest_route=\/wp\/v2\/posts\/9742","targetHints":{"allow":["GET"]}}],"collection":[{"href":"https:\/\/fa86.noblogs.org\/index.php?rest_route=\/wp\/v2\/posts"}],"about":[{"href":"https:\/\/fa86.noblogs.org\/index.php?rest_route=\/wp\/v2\/types\/post"}],"author":[{"embeddable":true,"href":"https:\/\/fa86.noblogs.org\/index.php?rest_route=\/wp\/v2\/users\/2691"}],"replies":[{"embeddable":true,"href":"https:\/\/fa86.noblogs.org\/index.php?rest_route=%2Fwp%2Fv2%2Fcomments&post=9742"}],"version-history":[{"count":3,"href":"https:\/\/fa86.noblogs.org\/index.php?rest_route=\/wp\/v2\/posts\/9742\/revisions"}],"predecessor-version":[{"id":9757,"href":"https:\/\/fa86.noblogs.org\/index.php?rest_route=\/wp\/v2\/posts\/9742\/revisions\/9757"}],"wp:attachment":[{"href":"https:\/\/fa86.noblogs.org\/index.php?rest_route=%2Fwp%2Fv2%2Fmedia&parent=9742"}],"wp:term":[{"taxonomy":"category","embeddable":true,"href":"https:\/\/fa86.noblogs.org\/index.php?rest_route=%2Fwp%2Fv2%2Fcategories&post=9742"},{"taxonomy":"post_tag","embeddable":true,"href":"https:\/\/fa86.noblogs.org\/index.php?rest_route=%2Fwp%2Fv2%2Ftags&post=9742"}],"curies":[{"name":"wp","href":"https:\/\/api.w.org\/{rel}","templated":true}]}}