{"id":9750,"date":"2013-09-19T00:32:16","date_gmt":"2013-09-18T22:32:16","guid":{"rendered":"http:\/\/fa86.noblogs.org\/?p=9750"},"modified":"2013-09-19T10:27:05","modified_gmt":"2013-09-19T08:27:05","slug":"le-monde-libertaire-n-1715-du-19-au-25-septembre-2013","status":"publish","type":"post","link":"https:\/\/fa86.noblogs.org\/?p=9750","title":{"rendered":"Le Monde Libertaire n\u00b0 1715 (du 19 au 25 septembre 2013)"},"content":{"rendered":"<p style=\"text-align: justify\"><em><strong>NdPN<\/strong> : le ML hebdo n\u00b0 1715 sort aujourd&rsquo;hui dans tous les bons kiosques. Bonne nouvelle, il repasse \u00e0 2 euros au lieu de 2,50. Trois articles sont d&rsquo;ores et d\u00e9j\u00e0 en ligne sur le site du Monde Libertaire (voir les liens ci-dessous). Nous en d\u00e9poserons un exemplaire en libre consultation, toujours au biblio-caf\u00e9 de Poitiers (rue de la cath\u00e9drale). Bonne lecture !<\/em><\/p>\n<p style=\"text-align: justify\"><strong>Le Monde Libertaire\u00a0n\u00b0 1715 (du 19 au 25 septembre 2013)<\/strong><\/p>\n<p><a href=\"https:\/\/fa86.noblogs.org\/files\/2013\/09\/ML1715recto.jpg\"><img loading=\"lazy\" decoding=\"async\" class=\"alignnone size-full wp-image-9751\" alt=\"ML1715recto\" src=\"https:\/\/fa86.noblogs.org\/files\/2013\/09\/ML1715recto.jpg\" width=\"400\" height=\"556\" srcset=\"https:\/\/fa86.noblogs.org\/files\/2013\/09\/ML1715recto.jpg 400w, https:\/\/fa86.noblogs.org\/files\/2013\/09\/ML1715recto-215x300.jpg 215w\" sizes=\"auto, (max-width: 400px) 100vw, 400px\" \/><\/a><\/p>\n<p><em>\u00abNe pesez pas plus qu\u2019une flamme et tout ira bien.\u00bb &#8211; Henri Michaux<\/em><\/p>\n<p style=\"text-align: justify\"><strong>Sommaire du Monde Libertaire\u00a0n\u00b0 1715<\/strong><\/p>\n<p style=\"text-align: justify\"><strong>Actualit\u00e9<\/strong><\/p>\n<p style=\"text-align: justify\"><a href=\"http:\/\/www.monde-libertaire.fr\/antimilitarisme\/16591-le-piege-de-la-guerre\" target=\"_blank\">La Syrie non violente, par P.Sommermeyer, page 3<\/a><\/p>\n<p style=\"text-align: justify\"><a href=\"http:\/\/www.monde-libertaire.fr\/syndicalisme\/16592-le-turbin-comme-cercueil\" target=\"_blank\">Rentr\u00e9e sociale ti\u00e8de, par R. Pino, page 5<\/a><\/p>\n<p style=\"text-align: justify\">M\u00e9t\u00e9o syndicale, par J.-P. Germain, page 6<\/p>\n<p style=\"text-align: justify\">Papiers et logement pour tous, par Jean-S\u00e9bastien, page 7<\/p>\n<p style=\"text-align: justify\"><strong>Arguments<\/strong><\/p>\n<p style=\"text-align: justify\">De la culture du viol, par M. Joffrin, page 9<\/p>\n<p style=\"text-align: justify\"><strong>International<\/strong><\/p>\n<p style=\"text-align: justify\">Nationalisme et anarchisme en Palestine, par J. Stephens, page 12<\/p>\n<p style=\"text-align: justify\"><a href=\"http:\/\/www.monde-libertaire.fr\/antisexisme\/16593-feminism-attack-le-feminisme-anarchiste-en-tunisie\" target=\"_blank\">Tunisie : entretien avec Feminism Attack, par Chris et Nat, page 14<\/a><\/p>\n<p style=\"text-align: justify\">\u00c0 la recherche d\u2019un vieil Antonio (1), par G. Goutte, page 16<\/p>\n<p style=\"text-align: justify\"><strong>Histoire<\/strong><\/p>\n<p style=\"text-align: justify\">Siey\u00e8s et l\u2019anarchisme, par Erwan, page 19<\/p>\n<p style=\"text-align: justify\"><strong>Le mouvement<\/strong><\/p>\n<p style=\"text-align: justify\">Fran\u00e7ois B\u00e9ranger, un cri libertaire, par A. Pavlowsky, page 21<\/p>\n<p style=\"text-align: justify\"><strong>Illustrations<\/strong><\/p>\n<p style=\"text-align: justify\">Aurelio, Kalem, Krokaga, Manolo Prolo, Milan, Val\u00e8re<\/p>\n<p style=\"text-align: justify\"><strong>Editorial du Monde Libertaire n\u00b0 1715<\/strong><\/p>\n<p style=\"text-align: justify\">Une fois n\u2019est pas coutume, cet \u00e9dito ne parlera pas de probl\u00e8mes de soci\u00e9t\u00e9 ni m\u00eame de politique \u00e0 proprement parler. Pour une fois, nous allons parler de nous, les anarchistes, de nos acc\u00e8s de m\u00e9lancolie et de notre \u00ab\u00a0drapeau noir en berne sur l\u2019espoir\u00a0\u00bb. Combien de fois dans une vie militante se dit-on\u00a0: \u00ab\u00c0 quoi bon\u00a0?\u00a0\u00bb Combien de fois nous sentons-nous d\u00e9courag\u00e9s face \u00e0 l\u2019ampleur de la t\u00e2che devant nous, devant ceux qui nous combattent comme devant ceux qui s\u2019en foutent\u00a0? Dans ces moments-l\u00e0, il est tentant de baisser les bras et de se d\u00e9charger sur les copains. Se r\u00e9fugier derri\u00e8re \u00ab\u00a0d\u2019autres le feront\u00a0\u00bb revient \u00e0 souscrire \u00e0 la vieille croyance capitaliste du \u00ab\u00a0nous sommes tous rempla\u00e7ables\u00a0\u00bb. Eh bien, non. Les d\u00e9bats que nous n\u2019organiserons pas ne seront pas organis\u00e9s. Les tracts que nous ne distribuerons pas ne seront pas distribu\u00e9s. Les livres que nous n\u2019\u00e9crirons pas ne seront ni \u00e9crits, ni publi\u00e9s, ni lus. Assez de j\u00e9r\u00e9miades sur ce pauvre monde qui cr\u00e8ve, si \u00e9loign\u00e9 de notre id\u00e9al libertaire, et sur nous-m\u00eames, nos d\u00e9fauts, nos faiblesses. Prenons quelques instants pour faire le constat de notre impuissance actuelle vis-\u00e0-vis de certains \u00e9v\u00e9nements\u00a0: Syrie, mouvements sociaux ti\u00e8des\u2026 Ce constat douloureux nous est n\u00e9cessaire. Associ\u00e9 \u00e0 un retour sur les apprentissages de l\u2019action pass\u00e9, il sera moteur de l\u2019action future. Si \u00ab\u00a0la plus petite fortune, le plus mince \u00e9tablissement, la mise en place de la plus ch\u00e9tive industrie, exige un concours de travaux et de talents si divers, que le m\u00eame homme n\u2019y suffirait pas\u00a0\u00bb (Pierre-Joseph Proudhon), notre intelligence collective se doit de s\u2019ouvrir sur des apports nouveaux et ext\u00e9rieurs, tant du point de vue de la th\u00e9orie que de la pratique, pour ne pas se scl\u00e9roser davantage.<\/p>\n","protected":false},"excerpt":{"rendered":"<p>NdPN : le ML hebdo n\u00b0 1715 sort aujourd&rsquo;hui dans tous les bons kiosques. Bonne nouvelle, il repasse \u00e0 2 euros au lieu de 2,50. Trois articles sont d&rsquo;ores et d\u00e9j\u00e0 en ligne sur le site du Monde Libertaire (voir les liens ci-dessous). Nous en d\u00e9poserons un exemplaire en libre consultation, toujours au biblio-caf\u00e9 de &hellip; <a href=\"https:\/\/fa86.noblogs.org\/?p=9750\" class=\"more-link\">Continuer la lecture de <span class=\"screen-reader-text\">Le Monde Libertaire n\u00b0 1715 (du 19 au 25 septembre 2013)<\/span> <span class=\"meta-nav\">&rarr;<\/span><\/a><\/p>\n","protected":false},"author":2691,"featured_media":0,"comment_status":"closed","ping_status":"open","sticky":false,"template":"","format":"standard","meta":{"footnotes":""},"categories":[17,4],"tags":[],"class_list":["post-9750","post","type-post","status-publish","format-standard","hentry","category-education-populaire","category-se-trouver"],"_links":{"self":[{"href":"https:\/\/fa86.noblogs.org\/index.php?rest_route=\/wp\/v2\/posts\/9750","targetHints":{"allow":["GET"]}}],"collection":[{"href":"https:\/\/fa86.noblogs.org\/index.php?rest_route=\/wp\/v2\/posts"}],"about":[{"href":"https:\/\/fa86.noblogs.org\/index.php?rest_route=\/wp\/v2\/types\/post"}],"author":[{"embeddable":true,"href":"https:\/\/fa86.noblogs.org\/index.php?rest_route=\/wp\/v2\/users\/2691"}],"replies":[{"embeddable":true,"href":"https:\/\/fa86.noblogs.org\/index.php?rest_route=%2Fwp%2Fv2%2Fcomments&post=9750"}],"version-history":[{"count":3,"href":"https:\/\/fa86.noblogs.org\/index.php?rest_route=\/wp\/v2\/posts\/9750\/revisions"}],"predecessor-version":[{"id":9773,"href":"https:\/\/fa86.noblogs.org\/index.php?rest_route=\/wp\/v2\/posts\/9750\/revisions\/9773"}],"wp:attachment":[{"href":"https:\/\/fa86.noblogs.org\/index.php?rest_route=%2Fwp%2Fv2%2Fmedia&parent=9750"}],"wp:term":[{"taxonomy":"category","embeddable":true,"href":"https:\/\/fa86.noblogs.org\/index.php?rest_route=%2Fwp%2Fv2%2Fcategories&post=9750"},{"taxonomy":"post_tag","embeddable":true,"href":"https:\/\/fa86.noblogs.org\/index.php?rest_route=%2Fwp%2Fv2%2Ftags&post=9750"}],"curies":[{"name":"wp","href":"https:\/\/api.w.org\/{rel}","templated":true}]}}