{"id":9754,"date":"2013-09-19T09:24:57","date_gmt":"2013-09-19T07:24:57","guid":{"rendered":"http:\/\/fa86.noblogs.org\/?p=9754"},"modified":"2013-09-19T09:24:57","modified_gmt":"2013-09-19T07:24:57","slug":"poitiers-lycee-auguste-perret-contrat-aide-par-un-licenciement","status":"publish","type":"post","link":"https:\/\/fa86.noblogs.org\/?p=9754","title":{"rendered":"[Poitiers] Lyc\u00e9e Auguste-Perret : contrat aid\u00e9&#8230; par un licenciement"},"content":{"rendered":"<p style=\"text-align: justify\"><a href=\"http:\/\/www.lanouvellerepublique.fr\/Vienne\/communes\/Poitiers\/n\/Contenus\/Articles\/2013\/09\/19\/Solidaire-de-leur-collegue-au-lycee-A.-Perret-1618242\" target=\"_blank\"><strong>Solidaire de leur coll\u00e8gue au lyc\u00e9e A.-Perret<\/strong><\/a><\/p>\n<p style=\"text-align: justify\">Des personnels du lyc\u00e9e Auguste-Perret se sont r\u00e9unis, mardi, \u00e0 la suite du licenciement \u00ab\u00a0\u2009sec\u2009\u00a0\u00bb d&rsquo;une de leurs coll\u00e8gues. Ils avaient envoy\u00e9 la veille une lettre au Recteur <i>\u00ab\u00a0rest\u00e9e sans r\u00e9ponse \u00e0 ce jour\u00a0\u00bb<\/i>. Dans un communiqu\u00e9 de presse, ils apportent leur soutien \u00e0 leur coll\u00e8gue, <i>\u00ab\u00a0qui a assur\u00e9 6 ans de service contractuel appr\u00e9ci\u00e9 dont 4 ans en qualit\u00e9 de personnel de gestion aupr\u00e8s du chef des travaux de l&rsquo;\u00e9tablissement\u00a0\u00bb.<\/i><\/p>\n<p style=\"text-align: justify\"><i>\u00ab\u00a0Remplac\u00e9e par une personne en \u00ab\u00a0contrat aid\u00e9\u00a0\u00bb, notre coll\u00e8gue vit, en ce moment, la plus grande pr\u00e9carit\u00e9 et beaucoup de solitude\u00a0\u00bb<\/i>, commentent les r\u00e9dacteurs. <i>\u00ab\u00a0Outre son statut initial d\u00e9j\u00e0 trop pr\u00e9caire, nous d\u00e9plorons cette mise en touche, (\u2026) qui aggrave sa situation et laisse un go\u00fbt amer de non-reconnaissance aux services rendus [\u2026].\u00a0\u00bb<\/i> Ils en appellent \u00e0 <i>\u00ab\u00a0une politique sociale et professionnelle non discriminatoire\u00a0\u00bb<\/i>.<\/p>\n<p style=\"text-align: justify\"><em>Nouvelle R\u00e9publique, 19 septembre 2013<\/em><\/p>\n","protected":false},"excerpt":{"rendered":"<p>Solidaire de leur coll\u00e8gue au lyc\u00e9e A.-Perret Des personnels du lyc\u00e9e Auguste-Perret se sont r\u00e9unis, mardi, \u00e0 la suite du licenciement \u00ab\u00a0\u2009sec\u2009\u00a0\u00bb d&rsquo;une de leurs coll\u00e8gues. Ils avaient envoy\u00e9 la veille une lettre au Recteur \u00ab\u00a0rest\u00e9e sans r\u00e9ponse \u00e0 ce jour\u00a0\u00bb. Dans un communiqu\u00e9 de presse, ils apportent leur soutien \u00e0 leur coll\u00e8gue, \u00ab\u00a0qui a &hellip; <a href=\"https:\/\/fa86.noblogs.org\/?p=9754\" class=\"more-link\">Continuer la lecture de <span class=\"screen-reader-text\">[Poitiers] Lyc\u00e9e Auguste-Perret : contrat aid\u00e9&#8230; par un licenciement<\/span> <span class=\"meta-nav\">&rarr;<\/span><\/a><\/p>\n","protected":false},"author":2691,"featured_media":0,"comment_status":"closed","ping_status":"open","sticky":false,"template":"","format":"standard","meta":{"footnotes":""},"categories":[17],"tags":[],"class_list":["post-9754","post","type-post","status-publish","format-standard","hentry","category-education-populaire"],"_links":{"self":[{"href":"https:\/\/fa86.noblogs.org\/index.php?rest_route=\/wp\/v2\/posts\/9754","targetHints":{"allow":["GET"]}}],"collection":[{"href":"https:\/\/fa86.noblogs.org\/index.php?rest_route=\/wp\/v2\/posts"}],"about":[{"href":"https:\/\/fa86.noblogs.org\/index.php?rest_route=\/wp\/v2\/types\/post"}],"author":[{"embeddable":true,"href":"https:\/\/fa86.noblogs.org\/index.php?rest_route=\/wp\/v2\/users\/2691"}],"replies":[{"embeddable":true,"href":"https:\/\/fa86.noblogs.org\/index.php?rest_route=%2Fwp%2Fv2%2Fcomments&post=9754"}],"version-history":[{"count":2,"href":"https:\/\/fa86.noblogs.org\/index.php?rest_route=\/wp\/v2\/posts\/9754\/revisions"}],"predecessor-version":[{"id":9756,"href":"https:\/\/fa86.noblogs.org\/index.php?rest_route=\/wp\/v2\/posts\/9754\/revisions\/9756"}],"wp:attachment":[{"href":"https:\/\/fa86.noblogs.org\/index.php?rest_route=%2Fwp%2Fv2%2Fmedia&parent=9754"}],"wp:term":[{"taxonomy":"category","embeddable":true,"href":"https:\/\/fa86.noblogs.org\/index.php?rest_route=%2Fwp%2Fv2%2Fcategories&post=9754"},{"taxonomy":"post_tag","embeddable":true,"href":"https:\/\/fa86.noblogs.org\/index.php?rest_route=%2Fwp%2Fv2%2Ftags&post=9754"}],"curies":[{"name":"wp","href":"https:\/\/api.w.org\/{rel}","templated":true}]}}