{"id":9759,"date":"2013-09-19T09:56:30","date_gmt":"2013-09-19T07:56:30","guid":{"rendered":"http:\/\/fa86.noblogs.org\/?p=9759"},"modified":"2013-09-27T09:04:33","modified_gmt":"2013-09-27T07:04:33","slug":"notre-dame-des-landes-ayrault-fantasme-sur-une-relance-du-projet-daeroport","status":"publish","type":"post","link":"https:\/\/fa86.noblogs.org\/?p=9759","title":{"rendered":"[Notre-Dame-des-Landes] Ayrault fantasme sur une relance du projet d&rsquo;a\u00e9roport"},"content":{"rendered":"<p style=\"text-align: justify\"><a href=\"http:\/\/nantes.indymedia.org\/articles\/28191\" target=\"_blank\"><strong>[Notre-Dame-des-Landes] Ayrault fantasme sur une relance du projet d&rsquo;a\u00e9roport.<\/strong><\/a><\/p>\n<div id=\"summary\" style=\"text-align: justify\">\n<p><em>Ayrault voit d\u00e8j\u00e0 les travaux commencer, ramenons-le \u00e0 sa triste r\u00e9alit\u00e9 quelques minutes&#8230;\u00a0<\/em><\/p>\n<\/div>\n<div style=\"text-align: justify\">\n<p id=\"article_photo\"><a href=\"http:\/\/nantes.indymedia.org\/system\/photo\/2013\/09\/19\/13151\/images.jpeg\"><img decoding=\"async\" alt=\"Images-medium\" src=\"http:\/\/nantes.indymedia.org\/system\/photo\/2013\/09\/19\/13151\/images-medium.jpeg?1379544365\" \/><\/a> <strong><\/strong><\/p>\n<p><i>\u00abTous les grands projets donnent lieu \u00e0 d\u00e9bat. Sur ce dossier que\u00a0 l\u2019\u00c9tat soutient et que pilote le ministre des Transports, je suis\u00a0 confiant\u00bb <\/i><i>(1)<\/i><i>Jean-Marc Ayrault &#8211; Lib\u00e9ration du 14\/09\/2013<\/i><\/p>\n<p><i>Sur Notre Dame des Landes, <\/i><i><i>\u00ab\u00a0on est oblig\u00e9\u00a0\u00bb<\/i><\/i><i> de suivre les conclusions de la commission scientifique, et donc, on ne peut pas faire l\u2019a\u00e9roport, <\/i><i><i>\u00ab\u00a0cela semble la conclusion\u00a0\u00bb<\/i><\/i><i>.<\/i><i> Delphine Batho, Reporterre, le 11\/09\/2013<\/i><\/p>\n<p><strong>Ayrault se remet \u00e0 fantasmer sur son petit b\u00e9b\u00e9 en b\u00e9ton \u00e0 la sauce greenwashing. <\/strong><\/p>\n<p>Les derni\u00e8res sorties m\u00e9diatiques du premier sinistre Jean-marc\u00a0 Ayrault laissent perplexes. Dans un article (papier, non dispo sur le\u00a0 web) de Stress Oc\u00e9an (2) en date du 14 septembre 2013, il affirme une\u00a0 fois de plus sa volont\u00e9 de porter, avec ses petits bras muscl\u00e9s, le\u00a0 projet d&rsquo;un a\u00e9roport obsol\u00e8te, destructeur d&rsquo;environnement et de terres\u00a0 agricoles. 3 jours plus t\u00f4t Delphine Batho (ex-ministre de l&rsquo;\u00e9cologie au\u00a0 bilan calamiteux) disait totalement l&rsquo;inverse dans Reporterre (3). Tout\u00a0 et n&rsquo;importe quoi, comme dab.<\/p>\n<p><strong>Surprise\u00a0! <\/strong><strong>Bruxelles donne son feu vert au d\u00e9but des travaux.<\/strong><\/p>\n<p>Par le plus pur des hasards, la Commission europ\u00e9enne annonce, le mardi 17 septembre, qu&rsquo;<i>\u00ab\u00a0il ne lui semblait pas indiqu\u00e9, \u00e0 ce stade, d&rsquo;ouvrir <\/i><i>une proc\u00e9dure<\/i><i> d&rsquo;infraction formelle\u00a0\u00bb<\/i> contre l&rsquo;\u00c9tat fran\u00e7ais, dans le dossier de l&rsquo;a\u00e9roport de Notre-Dame-des-Landes. (4)<\/p>\n<p>Ce qui veut dire en clair, que la Commission Europ\u00e9enne vient de\u00a0 d\u00e9clarer son incomp\u00e9tence \u00e0 trancher un conflit entre les opposant.e.s\u00a0 au projet d&rsquo;a\u00e9roport et le gouvernement saucialiste \u00e9tant donn\u00e9 que les\u00a0 travaux n&rsquo;ont toujours pas commenc\u00e9. Les divers chantiers pr\u00e9vus peuvent\u00a0 d\u00e9marrer, le barreau routier comme le d\u00e9placement de la faune et le\u00a0 transfert des zones humides.<\/p>\n<p><strong>Dans un d\u00e9lai de trois mois et hop les travaux repartent sur Notre-Dame des Landes.<\/strong><\/p>\n<p>Le chef du gouvernement saucialiste*, renforc\u00e9 par le laisser faire\u00a0 de Bruxelles, semble ne plus douter de la pertinence d&rsquo;un a\u00e9roport HQE.\u00a0 Il annonce m\u00eame pompeusement que d&rsquo;ici \u00e0 trois mois les travaux pourront\u00a0 commencer (2). L&rsquo;expert en sols Ayrault, va donc d\u00e9placer et recr\u00e9er\u00a0 lui-m\u00eame toutes les zones humides. Sa m\u00e9connaissance du dossier ou sa\u00a0 mauvaise foi, peu importe, inqui\u00e8tent, tiraill\u00e9 qu&rsquo;il est entre son\u00a0 amour pour les actionnaires de Vinci et sa soif de pouvoir.<\/p>\n<p><strong>Attaque de la ZAD dans quelques semaines\u00a0? Pas gagn\u00e9, gagn\u00e9. <\/strong><\/p>\n<p>Ce serait un pari tr\u00e8s risqu\u00e9. Le gouvernement a d\u00e9j\u00e0 commenc\u00e9 \u00e0\u00a0 r\u00e9primer et expulser plusieurs squats, lieux autog\u00e9r\u00e9s et zones occup\u00e9es\u00a0 dont l&rsquo;exemple embl\u00e9matique reste les fils et filles de Butte de <strong>D\u00e9cines<\/strong> il y a deux semaines. Une fois de plus les mafieux de Vinci sont \u00e0 la\u00a0 man\u0153uvre avec leur projet de grand stade inutile \u00e0 quelques kilom\u00e8tres\u00a0 de Lyon avec l&rsquo;aide logistique polici\u00e8re. A Rennes, trois des diff\u00e9rents\u00a0 lieux autog\u00e9r\u00e9s de l&rsquo;Elabo viennent d&rsquo;\u00eatre expuls\u00e9s. L\u00a0&lsquo;appareil\u00a0 r\u00e9pressif de l\u2019\u00c9tat, pay\u00e9 par les imp\u00f4ts des contribuables, continue\u00a0 quant \u00e0 lui \u00e0 faire tourner la machine \u00e0 r\u00e9primer.<\/p>\n<p>Par ailleurs, une op\u00e9ration polici\u00e8re r\u00e9pressive gigantesque pour\u00a0 expulser les occupant.e.s de la ZAD de NDDL est un \u00e9norme risque pour le\u00a0 gouvernement ultra lib\u00e9ral rose et cela pour plusieurs raisons.<\/p>\n<p>La tension est certainement mont\u00e9e d&rsquo;un cran mais une attaque de la ZAD reste tr\u00e8s peu probable dans l&rsquo;imm\u00e9diat.<\/p>\n<p><strong>Pourquoi\u00a0?<\/strong><\/p>\n<p><strong>1) Le rapport de Force.<\/strong><\/p>\n<p>D&rsquo;un c\u00f4t\u00e9 les imb\u00e9ciles rose, leur machine d\u2019\u00c9tat r\u00e9pressive\u00a0 (flicaille, gendarmerie, barbouzes de la DGSI&#8230;) et, de l&rsquo;autre, une\u00a0 zone occup\u00e9e depuis 5 ans par des squatteureuses et des paysan.ne.s en\u00a0 lutte depuis 1967. Assez pr\u00e9somptueux de la part d&rsquo;Ayrault de\u00a0 fanfaronner un peu t\u00f4t alors que l&rsquo;op\u00e9ration C\u00e9sar (op\u00e9ration militaire\u00a0 d&rsquo;expulsion des lieux de vie occup\u00e9s initi\u00e9e le 16 octobre 2012) a \u00e9t\u00e9\u00a0 un \u00e9chec total. Feu vert de la Communaut\u00e9 Europ\u00e9enne ou pas, cela ne\u00a0 change rien, il ne sera pas facile d&rsquo;expulser <strong>des enrag\u00e9.e.s d\u00e9termin\u00e9.e.s \u00e0 ne rien l\u00e2cher<\/strong>.<\/p>\n<p><strong>2) Une d\u00e9b\u00e2cle \u00e9lectorale annonc\u00e9e pour les saucialistes lors des futures municipales d&rsquo;avril 2014.<\/strong><\/p>\n<p>La question principale que devrait se poser ce monsieur peu inspir\u00e9\u00a0 et tous ses potes technocrates et autres ripoux capitalistes, avant des\u00a0 municipales qui s&rsquo;annoncent catastrophiques, est la pertinence d&rsquo;une\u00a0 telle position. Est-il vraiment raisonnable d&rsquo;attaquer la ZAD\u00a0pour une\u00a0 sociale d\u00e9mocratie \u00e0 l&rsquo;agonie\u00a0?<\/p>\n<p><strong>3) Risque d&#8217;embrasement et de contamination, nous on attend que \u00e7a.<\/strong><\/p>\n<p>Est-il pertinent de risquer un embrasement dans toute la France alors\u00a0 que tous les projets inutiles (barrages hydro\u00e9lectriques, projets\u00a0 miniers, pipeline XXL, extraction de gaz de schiste, etc) sont partout\u00a0 contest\u00e9s par les populations impact\u00e9es\u00a0?<\/p>\n<p>Avant le 16 octobre, il y avait une trentaine de lieux de vies sur la\u00a0 ZAD de NDDL, et d\u00e9sormais la zone \u00e0 d\u00e9fendre s&rsquo;\u00e9tend sur une centaine\u00a0 d&rsquo;espaces habit\u00e9s avec de nouveaux squats comme le Moulin de la Saulce,\u00a0 ouvert il y a un peu plus d&rsquo;une semaine et des r\u00e9seaux extr\u00eamement\u00a0 efficaces et r\u00e9actifs \u00e0 la moindre alerte s\u00e9rieuse.<\/p>\n<p>Le rapport de force a \u00e9volu\u00e9 et les saucialistes devraient se poser\u00a0 une question fondamentale avant d&rsquo;avoir l&rsquo;ambition d\u00e9mesur\u00e9e de\u00a0 reprendre une zone lib\u00e9r\u00e9e de leur diktat. Les sociaux-traitres rose\u00a0 aveugl\u00e9s par leur totale servitude au MEDEF ne comprennent toujours pas\u00a0 que nous sommes fermement d\u00e9cid\u00e9.e.s \u00e0 d\u00e9finitivement nous \u00e9manciper de\u00a0 la tutelle d&rsquo;une oligarchie v\u00e9rol\u00e9e et corrompue, enti\u00e8rement tourn\u00e9e\u00a0 vers le dieu profit.<\/p>\n<p><strong>4) Le FN en embuscade. La peur au ventre de se prendrer une racl\u00e9e. <\/strong><\/p>\n<p>Les municipales sont <strong>LA<\/strong> priorit\u00e9 num\u00e9ro 1 des maires\u00a0 saucialistes sur une si\u00e8ge \u00e9jectable. Le parti frontiste se pr\u00e9pare \u00e0\u00a0 r\u00e9aliser une perc\u00e9e historique en raflant des dizaines de mairies au PS\u00a0 et \u00e0 un UMP agonisant, d\u00e9finitivement lamin\u00e9 par une corruption\u00a0 end\u00e9mique. L&rsquo;attaque de la ZAD ne ferait sans l&rsquo;ombre d&rsquo;un doute\u00a0 qu&rsquo;affaiblir un petit peu plus le vote saucialiste. Un choix politique\u00a0 \u00e9lectoral consternant qui annonce des beaux jours pour l&rsquo;id\u00e9al\u00a0 libertaire. Le PS n&rsquo;a rien \u00e0 envier \u00e0 l&rsquo;UMP niveau gangr\u00e8ne mafieuse, le\u00a0 fils du Sinistre des Affaires Etrang\u00e8res qui r\u00eave la nuit de bombarder\u00a0 les syriennes et les syriens est rattrap\u00e9 par la justice pour fraude\u00a0 fiscale d&rsquo;un appartement \u00e0<strong> 7 millions d&rsquo;euros alors que des gens cr\u00e8vent dans la rue<\/strong> ! (9).<\/p>\n<p><strong>5)<\/strong> <i><strong>Last but not least<\/strong><\/i><strong>, les arr\u00eat\u00e9s pr\u00e9fectoraux et les troupes de Play-Mobiles.<\/strong><\/p>\n<p>Le Pr\u00e9fet de Loire Atlantique doit imp\u00e9rativement signer deux arr\u00eat\u00e9s\u00a0 autorisant le d\u00e9placement de la faune et des zones humides pour\u00a0 respecter la compensation \u00e9cologique pr\u00e9vue par Vinci. Toujours rien de\u00a0 ce c\u00f4t\u00e9 l\u00e0. De plus, aucun d\u00e9placement de Play-Mobiles n&rsquo;a encore \u00e9t\u00e9\u00a0 signal\u00e9.<\/p>\n<p><strong>Conclusion\u00a0: le premier sinistre cr\u00e8ve d&rsquo;envie de nous d\u00e9foncer mais le rapport de force n&rsquo;y est pas. <\/strong><\/p>\n<p>Dans un article paru dans le m\u00eame torchon nantais (papier), et ce d\u00e8s\u00a0 le lendemain (15 septembre), Jean-Marc M\u00e9galo Zayrault fait marche\u00a0 arri\u00e8re toute, en affirmant cette fois-ci qu&rsquo;il se doit de rassembler\u00a0 toute la gauche pour se dresser en rempart antifasciste (sic) contre le\u00a0 Front Nazional.<\/p>\n<p>Foutage de gueule, les CRA tournent \u00e0 plein r\u00e9gime, les Roms sont\u00a0 toujours autant pers\u00e9cut\u00e9.e.s que sous le Gluant et toute la clique\u00a0 sarkoziste.<\/p>\n<p><strong>Rassembler \u00e0 la gauche du PS alors que celui-ci applique une politique n\u00e9o-fasciste ultra-lib\u00e9rale\u00a0? <\/strong><\/p>\n<p>Le PS h\u00e9site entre l\u2019\u00e9radication de la peste anarchiste, autonome,\u00a0 altermondialiste et syndicale (copain 44, Conf\u00e9d\u00e9ration Paysanne) \u00e0\u00a0 Notre-Dame-des-Landes, d&rsquo;ici \u00e0 quelques semaines ou apr\u00e8s les\u00a0 municipales. Le bilan est calamiteux, seuls les patrons s&rsquo;y retrouvent.\u00a0 La politique pratiqu\u00e9e est enti\u00e8rement tourn\u00e9e vers les entreprises, les\u00a0 ouvriers peuvent crever la bouche ouverte (lib\u00e9 du 10 septembre) (5).\u00a0 La paup\u00e9risation acc\u00e9l\u00e9r\u00e9e de la population continue quand \u00e0 elle \u00e0\u00a0 toucher une partie toujours plus importante de la soci\u00e9t\u00e9. La loi sur le\u00a0 logement de Duflot est un d\u00e9sastre total, rien pour les pr\u00e9caires et\u00a0 les SDF (6).<\/p>\n<p><strong>Les saucialistes pr\u00e9parent le terrain au FN depuis le d\u00e9but des\u00a0 ann\u00e9es 80 pour garder le pouvoir. La schizophr\u00e9nie id\u00e9ologique du PS se\u00a0 rapproche de la mort c\u00e9r\u00e9brale.<\/strong><\/p>\n<p>La recherche d&rsquo;un bouc \u00e9missaire pour faire oublier l\u2019incomp\u00e9tence de\u00a0 nos \u00e9lites continue avec un succ\u00e8s certain, relay\u00e9 du matin au soir par\u00a0 une presse bourgeoise \u00e0 la solde de l&rsquo;oligarchie. La chasse aux\u00a0 pauvres, aux immigr\u00e9s et Roms men\u00e9e par le sinistr\u00e9 de l&rsquo;int\u00e9rieur\u00a0 Benito Valls et ses pr\u00e9d\u00e9cesseurs (le Gluant, le Reishmarshall\u00a0 Hortefeux, MAM, Sarko et tous les autres&#8230;) contribue sans l&rsquo;ombre d&rsquo;un\u00a0 doute \u00e0 faire math\u00e9matiquement monter le FN. Oui, les saucialistes avec\u00a0 leurs potes de l&rsquo;UMP sont bien l&rsquo;antichambre du fascisme, n&rsquo;en d\u00e9plaise\u00a0 aux id\u00e9ologues imb\u00e9ciles de la rue de Solferino et \u00e0 tous les pauvres\u00a0 tar\u00e9s de l&rsquo;ancien parti gauliste.<\/p>\n<p>Le PS est un peu trop nostalgique de l&rsquo;\u00e9poque ou les Roms \u00e9taient\u00a0 intern\u00e9s dans des camps de concentration, comme celui de Montreuil\u00a0 Bellay (lib\u00e9r\u00e9 en 1946, un an apr\u00e8s la lib\u00e9ration\u00a0!!!) (7) et (8), qui\u00a0 leurs \u00e9taient enti\u00e8rement r\u00e9serv\u00e9s et surveill\u00e9s par les collabos de la\u00a0 Police Nationale (comme les <strong>C<\/strong>entres de <strong>R<\/strong>\u00e9tention <strong>A<\/strong>dministratifs aujourd&rsquo;hui) pour oser parler d&rsquo;antifascisme.<\/p>\n<p>Dommage que la honte et la r\u00e9cup\u00e9ration sans vergogne ne tue pas au PS.<\/p>\n<p>Depuis que Valls est sinistre de l&rsquo;int\u00e9rieur les sans papiers sont\u00a0 toujours autant harcel\u00e9s, enfants compris. Toutes les promesses\u00a0 \u00e9lectorales de Hollande sont rest\u00e9es lettre morte \u00e0 l&rsquo;exception des\u00a0 cadeaux fiscaux conc\u00e9d\u00e9s au MEDEF. Les racistes cong\u00e9nitaux saucialistes\u00a0 continuent <strong>exactement<\/strong> la m\u00eame politique sociale et \u00e9conomique que les racistes pathologiques de l&rsquo;UMP.<\/p>\n<p><strong>Peu importe leur cuisine \u00e9lectoraliste. Ne plus cautionner une oligarchie criminelle. Seule solution, arr\u00eater de voter\u00a0! <\/strong><\/p>\n<p>Le vote, les partis&#8230; Le syst\u00e8me capitaliste, peu importe\u00a0 l\u00a0&lsquo;\u00e9tiquette politique qui le perp\u00e9tue, nous m\u00e8ne inexorablement toutes\u00a0 et tous \u00e0 la catastrophe sociale et \u00e9cologique. L&rsquo;exploitation, la\u00a0 servitude, la domination, l&rsquo;extermination du vivant \u2026<\/p>\n<p><strong>R\u00e9sistance et Sabotage.<\/strong><\/p>\n<p>Face \u00e0 un syst\u00e8me mortif\u00e8re qui nous m\u00e8ne inexorablement vers le\u00a0 gouffre, une seule solution est possible, la r\u00e9sistance pied \u00e0 pied \u00e0\u00a0 toute future destruction de notre patrimoine commun \u00e0 toutes et tous\u00a0:\u00a0 la terre sur laquelle nous marchons tous les jours.<\/p>\n<p><strong>La lucha sigue.<\/strong><\/p>\n<p>&nbsp;<\/p>\n<p>Notes\u00a0:<\/p>\n<p>(1)\u00a0 <a href=\"http:\/\/www.liberation.fr\/societe\/2013\/09\/14\/ayrault-confiant-pour-l-aeroport-de-notre-dame-des-landes_931920\">http:\/\/www.liberation.fr\/societe\/2013\/09\/14\/ayrault-confiant-pour-l-aeroport-de-notre-dame-des-landes_931920<\/a><\/p>\n<p>(2)<a href=\"http:\/\/www.presseocean.fr\/actualite\/exclusif-futur-aeroport-municipales-stx-j-m-ayrault-repond-a-presse-ocean-14-09-2013-75494\"> <a href=\"http:\/\/www.presseocean.fr\/actualite\/exclusif-futur-aeroport-municipales-stx-j-m-ayrault-repond-a-presse-ocean-14-09-2013-7549\">http:\/\/www.presseocean.fr\/actualite\/exclusif-futur-aeroport-municipales-stx-j-m-ayrault-repond-a-presse-ocean-14-09-2013-7549<\/a><\/a><\/p>\n<p>(3) <a href=\"http:\/\/www.reporterre.net\/spip.php?article4658\">http:\/\/www.reporterre.net\/spip.php?article4658<\/a><\/p>\n<p>(4) <a href=\"http:\/\/www.lemonde.fr\/planete\/article\/2013\/09\/17\/bruxelles-ne-voit-pas-de-motif-d-infraction-dans-le-dossier-de-notre-dame-des-landes_3479434_3244.html\">http:\/\/www.lemonde.fr\/planete\/article\/2013\/09\/17\/bruxelles-ne-voit-pas-de-motif-d-infraction-dans-le-dossier-de-notre-dame-des-landes_3479434_3244.html<\/a><\/p>\n<p>(5) Keynes, l&rsquo;oubli\u00e9 de l&rsquo;Elys\u00e9e, par Vittorio de Filippo. Lib\u00e9ration du 10 septembre 2013.<\/p>\n<p>(6)<\/p>\n<p>(7) <a href=\"https:\/\/fr.wikipedia.org\/wiki\/Camp_de_concentration_de_Montreuil-Bellay\">https:\/\/fr.wikipedia.org\/wiki\/Camp_de_concentration_de_Montreuil-Bellay<\/a><\/p>\n<p>(8) <a href=\"http:\/\/nosotros.incontrolados.over-blog.com\/article-les-roms-genocides-par-les-nazis-rafles-par-sarkozy-55389174.html\">http:\/\/nosotros.incontrolados.over-blog.com\/article-les-roms-genocides-par-les-nazis-rafles-par-sarkozy-55389174.html<\/a><\/p>\n<p>(9) <a href=\"http:\/\/www.france24.com\/fr\/20130501-thomas-fabius-collimateur-justice-laurent-ministre-affaires-etrangere-impots-jeux-appartement-millions\">http:\/\/www.france24.com\/fr\/20130501-thomas-fabius-collimateur-justice-laurent-ministre-affaires-etrangere-impots-jeux-appartement-millions<\/a><\/p>\n<p>* Saucialisme\u00a0: (n.m.) <strong>Doctrine politique. <\/strong><\/p>\n<p><strong>Etymologie<\/strong>\u00a0: du latin <i>saucialis<\/i>, sau\u00e7able<strong>. <\/strong><\/p>\n<p><strong>D\u00e9finition\u00a0:<\/strong> \u00ab\u00a0Mouvement politique qui revendique le droit des pauvres \u00e0 l\u00e9cher le fond des plats des riches\u00a0\u00bb.<\/p>\n<p><em>Vu sur Indymedia Nantes, 19 septembre 2013<\/em><\/p>\n<p><em><strong>NdPN<\/strong> : une projection du film \u00ab\u00a0Sans les murs\u00a0\u00bb sur Notre-Dame-des-Landes, avec pr\u00e9sence du r\u00e9alisateur, aura lieu \u00e0 la maison du peuple le 24 septembre prochain (voir <a href=\"https:\/\/fa86.noblogs.org\/?page_id=325\" target=\"_blank\">l&rsquo;agenda<\/a>).<\/em><\/p>\n<\/div>\n","protected":false},"excerpt":{"rendered":"<p>[Notre-Dame-des-Landes] Ayrault fantasme sur une relance du projet d&rsquo;a\u00e9roport. Ayrault voit d\u00e8j\u00e0 les travaux commencer, ramenons-le \u00e0 sa triste r\u00e9alit\u00e9 quelques minutes&#8230;\u00a0 \u00abTous les grands projets donnent lieu \u00e0 d\u00e9bat. Sur ce dossier que\u00a0 l\u2019\u00c9tat soutient et que pilote le ministre des Transports, je suis\u00a0 confiant\u00bb (1)Jean-Marc Ayrault &#8211; Lib\u00e9ration du 14\/09\/2013 Sur Notre Dame &hellip; <a href=\"https:\/\/fa86.noblogs.org\/?p=9759\" class=\"more-link\">Continuer la lecture de <span class=\"screen-reader-text\">[Notre-Dame-des-Landes] Ayrault fantasme sur une relance du projet d&rsquo;a\u00e9roport<\/span> <span class=\"meta-nav\">&rarr;<\/span><\/a><\/p>\n","protected":false},"author":2691,"featured_media":0,"comment_status":"closed","ping_status":"open","sticky":false,"template":"","format":"standard","meta":{"footnotes":""},"categories":[18,12],"tags":[],"class_list":["post-9759","post","type-post","status-publish","format-standard","hentry","category-decroissance-libertaire","category-okupa-y-resiste"],"_links":{"self":[{"href":"https:\/\/fa86.noblogs.org\/index.php?rest_route=\/wp\/v2\/posts\/9759","targetHints":{"allow":["GET"]}}],"collection":[{"href":"https:\/\/fa86.noblogs.org\/index.php?rest_route=\/wp\/v2\/posts"}],"about":[{"href":"https:\/\/fa86.noblogs.org\/index.php?rest_route=\/wp\/v2\/types\/post"}],"author":[{"embeddable":true,"href":"https:\/\/fa86.noblogs.org\/index.php?rest_route=\/wp\/v2\/users\/2691"}],"replies":[{"embeddable":true,"href":"https:\/\/fa86.noblogs.org\/index.php?rest_route=%2Fwp%2Fv2%2Fcomments&post=9759"}],"version-history":[{"count":5,"href":"https:\/\/fa86.noblogs.org\/index.php?rest_route=\/wp\/v2\/posts\/9759\/revisions"}],"predecessor-version":[{"id":9762,"href":"https:\/\/fa86.noblogs.org\/index.php?rest_route=\/wp\/v2\/posts\/9759\/revisions\/9762"}],"wp:attachment":[{"href":"https:\/\/fa86.noblogs.org\/index.php?rest_route=%2Fwp%2Fv2%2Fmedia&parent=9759"}],"wp:term":[{"taxonomy":"category","embeddable":true,"href":"https:\/\/fa86.noblogs.org\/index.php?rest_route=%2Fwp%2Fv2%2Fcategories&post=9759"},{"taxonomy":"post_tag","embeddable":true,"href":"https:\/\/fa86.noblogs.org\/index.php?rest_route=%2Fwp%2Fv2%2Ftags&post=9759"}],"curies":[{"name":"wp","href":"https:\/\/api.w.org\/{rel}","templated":true}]}}