{"id":9764,"date":"2013-09-19T10:16:27","date_gmt":"2013-09-19T08:16:27","guid":{"rendered":"http:\/\/fa86.noblogs.org\/?p=9764"},"modified":"2013-09-19T10:25:57","modified_gmt":"2013-09-19T08:25:57","slug":"grece-colere-antifasciste-apres-le-meurtre-du-rappeur-killah-p-par-des-neonazis","status":"publish","type":"post","link":"https:\/\/fa86.noblogs.org\/?p=9764","title":{"rendered":"[Gr\u00e8ce] Col\u00e8re antifasciste apr\u00e8s le meurtre du rappeur Killah P par des n\u00e9onazis"},"content":{"rendered":"<p style=\"text-align: justify\"><em><strong>NdPN<\/strong> : <a href=\"http:\/\/initiativegrecqueaparis.wordpress.com\/2013\/09\/18\/rassemblement-jeudi-190913-a19h-a-la-place-st-michel-suite-a-lassassinant-de-pavlos-fyssas-militant-antifasciste\/\" target=\"_blank\">Rassemblement jeudi 19\/09\/13 \u00e0 19H \u00e0 la place St Michel suite \u00e0 l\u2019assassinat de Pavlos Fyssas, militant\u00a0antifasciste<\/a>. Rassemblement aussi \u00e0 Lyon, aujourd&rsquo;hui jeudi 19 septembre \u00e0 18h30 Place de la Com\u00e9die (Op\u00e9ra\/H\u00f4tel de Ville).<\/em><\/p>\n<p style=\"text-align: justify\"><a href=\"http:\/\/lahorde.samizdat.net\/2013\/09\/18\/grece-le-rappeur-killah-p-assassine-par-des-neonazis\/\" target=\"_blank\"><strong>Gr\u00e8ce : le rappeur Killah P assassin\u00e9 par des n\u00e9onazis<\/strong><\/a><\/p>\n<p style=\"text-align: justify\">Pavlos Fyssas, plus connu sous le nom de Killah P, un rappeur grec engag\u00e9 dans le mouvement antifasciste, a \u00e9t\u00e9 attaqu\u00e9 peu apr\u00e8s minuit ce mercredi 18 septembre par un groupe d\u2019une vingtaine de n\u00e9onazis, alors qu\u2019il se trouvait devant un caf\u00e9 \u00e0 Amfiali, un quartier populaire du Pir\u00e9e : apr\u00e8s un d\u00e9but de bagarre, Killah P et ses trois amis auraient r\u00e9ussi \u00e0 \u00e9chapper \u00e0 leurs agresseurs, avant d\u2019\u00eatre bloqu\u00e9s par une voiture : le conducteur serait alors descendu et aurait poignard\u00e9 le rappeur \u00e0 trois reprises dans la poitrine. Killah P est d\u00e9c\u00e9d\u00e9 \u00e0 l\u2019h\u00f4pital des suites de ses blessures. Le meurtrier pr\u00e9sum\u00e9, qui serait connu comme membre de l\u2019Aube dor\u00e9e, aurait \u00e9t\u00e9 arr\u00eat\u00e9 par la police.<\/p>\n<p style=\"text-align: justify\">Killah P avait particip\u00e9 \u00e0 l\u2019organisation de plusieurs concerts contre le fascisme, et \u00e9t\u00e9 impliqu\u00e9 dans plusieurs activit\u00e9s sociales de son quartier. Dans la nuit, environ 200 antifascistes se sont rassembl\u00e9s sur la sc\u00e8ne du crime. De nombreuses manifestations de solidarit\u00e9 doivent avoir lieu toute la journ\u00e9e pour lui rendre hommage et d\u00e9noncer la violence de l\u2019extr\u00eame droite, dont un appel \u00e0 un rassemblement pour ce mercredi \u00e0 18h, \u00e0 Keratsisi.<\/p>\n<p style=\"text-align: justify\"><a href=\"http:\/\/www.youtube.com\/watch?v=qUVGzyrUmgA&amp;feature=player_embedded\">http:\/\/www.youtube.com\/watch?v=qUVGzyrUmgA&amp;feature=player_embedded<\/a><\/p>\n<p style=\"text-align: justify\"><em>Vu sur La Horde, 18 septembre 2013<\/em><\/p>\n<div style=\"text-align: justify\"><\/div>\n<p style=\"text-align: justify\"><a href=\"http:\/\/www.rue89.com\/rue89-culture\/2013\/09\/18\/grece-stupeur-apres-lassassinat-rappeur-antifa-killah-p-245819\" target=\"_blank\"><strong>Gr\u00e8ce\u00a0: les manifs antifascistes d\u00e9g\u00e9n\u00e8rent apr\u00e8s le meurtre d\u2019un rappeur par un n\u00e9onazi<\/strong><\/a><\/p>\n<p style=\"text-align: justify\">Le rappeur grec Pavlos Fyssas, connu sous le nom de sc\u00e8ne Killah P, a \u00e9t\u00e9 assassin\u00e9 par un militant n\u00e9onazi affili\u00e9 \u00e0 l\u2019Aube Dor\u00e9e, dans la nuit de mardi \u00e0 mercredi \u00e0 Ath\u00e8nes, devant un caf\u00e9 d\u2019un quartier populaire du Pir\u00e9e. L\u2019artiste, connu pour son engagement dans le mouvement antifasciste, est d\u00e9c\u00e9d\u00e9 dans la nuit \u00e0 l\u2019h\u00f4pital de Tzanio, des suites de ses blessures \u00e0 l\u2019arme blanche. L\u2019annonce de sa mort a jet\u00e9 la stupeur en Gr\u00e8ce.<\/p>\n<p style=\"text-align: justify\"><strong>Les manifs antifa prennent le pas sur celles des fonctionnaires<\/strong><\/p>\n<p style=\"text-align: justify\">Alors qu\u2019une partie du service public \u00e9tait en gr\u00e8ve et d\u00e9filait calmement ce mercredi dans plusieurs villes grecques pour protester contre la r\u00e9forme de l\u2019administration et l\u2019aust\u00e9rit\u00e9 budg\u00e9taire qui touchent de plein fouet les fonctionnaires, des manifestations antifascistes se sont organis\u00e9es en m\u00e9moire du rappeur.<\/p>\n<p style=\"text-align: justify\">Sur les lieux du drame \u00e0 Ath\u00e8nes (5.000\u00a0personnes selon un photographe de l\u2019AFP) mais aussi \u00e0 Salonique (environ 6000\u00a0manifestants) et Patras, les manifs ont rapidement tourn\u00e9 \u00e0 l\u2019affrontement avec les forces de l\u2019ordre. Une foule de vid\u00e9os t\u00e9moignent de la violence des heurts.<\/p>\n<p style=\"text-align: justify\"><a href=\"http:\/\/www.youtube.com\/watch?v=K8WZ9gcmAwQ&amp;feature=player_embedded\">http:\/\/www.youtube.com\/watch?v=K8WZ9gcmAwQ&amp;feature=player_Embedded<\/a><\/p>\n<p style=\"text-align: justify\"><a href=\"http:\/\/www.youtube.com\/watch?v=IqKhAwEj15I&amp;feature=player_embedded\">http:\/\/www.youtube.com\/watch?v=IqKhAwEj15I&amp;feature=player_Embedded<\/a><\/p>\n<p style=\"text-align: justify\">A Ath\u00e8nes, des renforts de police ont contenu tant bien que mal les d\u00e9bordements, selon l\u2019agence de presse grecque ANA. A Salonique et Patras, la police a r\u00e9pliqu\u00e9 aux jets de pierres et de bouts de bois par des tirs de gaz lacrymog\u00e8ne.<\/p>\n<p style=\"text-align: justify\">Nikos Smyrnaios, ma\u00eetre de conf\u00e9rence en sciences de l\u2019information et de la communication (en France) s\u2019inqui\u00e8te sur son blog d\u2019une \u00ab\u00a0escalade possible\u00a0\u00bb et relaie une vid\u00e9o devenue virale sur les r\u00e9seaux sociaux depuis cette nuit, t\u00e9moignant, selon son auteur, de l\u2019infiltration de policiers en civil et militants d\u2019extr\u00eame droite dans les cort\u00e8ges.<\/p>\n<p style=\"text-align: justify\"><a href=\"http:\/\/www.youtube.com\/watch?v=fH9CLuJNmtE&amp;feature=player_embedded\">http:\/\/www.youtube.com\/watch?v=fH9CLuJNmtE&amp;feature=player_Embedded<\/a><\/p>\n<p style=\"text-align: justify\">\u00ab\u00a0Quinze \u00e0 vingt fascistes\u00a0\u00bb<\/p>\n<p style=\"text-align: justify\">Pour rappel, le site ind\u00e9pendant EnetEnglish rapportait ce mercredi qu\u2019\u00ab\u00a0un groupe de quinze \u00e0 vingt fascistes, portant des T-shirts noirs, des bottes et pantalons militaires, d\u00e9ploy\u00e9s\u00a0\u00bb dans la rue, aurait h\u00e9l\u00e9 le rappeur de 34\u00a0ans, qui se promenait alors avec sa petite amie et un autre couple.<\/p>\n<p style=\"text-align: justify\">L\u2019agresseur pr\u00e9sum\u00e9 a \u00e9t\u00e9 appr\u00e9hend\u00e9 peu apr\u00e8s par la police, selon l\u2019AFP. Apr\u00e8s avoir somm\u00e9 sa femme de jeter sa carte du parti, retrouv\u00e9e peu apr\u00e8s par la police, l\u2019homme de 45\u00a0ans a reconnu appartenir au parti n\u00e9onazi de l\u2019Aube dor\u00e9e (7% des suffrages aux derni\u00e8res l\u00e9gislatives) et avoir agi avec un motif politique.<\/p>\n<p style=\"text-align: justify\">Le parti fasciste, connu pour ses attaques racistes et dont plusieurs d\u00e9put\u00e9s sont poursuivis pour violence, d\u00e9ment toute implication. Mais avoir d\u00e9menti l\u2019affiliation du meurtrier au mouvement, il a fini par la reconnaitre.<\/p>\n<p style=\"text-align: justify\"><a href=\"http:\/\/www.youtube.com\/watch?v=fxPmDsY84k4&amp;feature=player_embedded\">http:\/\/www.youtube.com\/watch?v=fxPmDsY84k4&amp;feature=player_Embedded<\/a><\/p>\n<p style=\"text-align: justify\">Dans un climat social extr\u00eamement tendu, Petros Constantinou, leader du parti anticapitaliste Antarsya, d\u00e9non\u00e7ait peu avant sur la radio Skai la passivit\u00e9 des agents de police pr\u00e9sents non loin des lieux de l\u2019altercation, passivit\u00e9 confirm\u00e9e par un t\u00e9moin de la sc\u00e8ne, dont la version des faits a \u00e9t\u00e9 relay\u00e9e sur le site ind\u00e9pendant Okeanews.<\/p>\n<div style=\"text-align: justify\"><img loading=\"lazy\" decoding=\"async\" alt=\"\" src=\"http:\/\/www.rue89.com\/sites\/news\/files\/styles\/asset_img_full\/public\/assets\/image\/2013\/09\/killahp_bandeau_0.jpg\" width=\"461\" height=\"230\" \/>Le rappeur grec Killah P (@ISakellariadis Via Twitter)<\/div>\n<p style=\"text-align: justify\">Aux apostrophes adress\u00e9es au Premier ministre conservateur Antonis Samaras pour l\u2019exhorter \u00e0 condamner officiellement l\u2019assassinat ont r\u00e9pondu les appels au calme du Pr\u00e9sident Carolos Papoulias\u00a0:<\/p>\n<blockquote><p>\u00ab\u00a0J\u2019en appelle \u00e0 un r\u00e9veil social et institutionnel, \u00e0 la volont\u00e9 politique de lutter contre cette ignominie. Nous avons tous le devoir de ne pas laisser les portes ouvertes au fascisme.\u00a0\u00bb<\/p><\/blockquote>\n<p style=\"text-align: justify\"><strong>Daniel Cohn-Bendit r\u00e9agit<\/strong><\/p>\n<p style=\"text-align: justify\">Le chef du groupe des Verts au parlement europ\u00e9en, Daniel Cohn-Bendit, r\u00e9agissait peu avant \u00e7a \u00e0 la mort du rappeur par voie de communiqu\u00e9, et d\u00e9nonce \u00ab\u00a0la menace mortelle pour la d\u00e9mocratie grecque\u00a0\u00bb qu\u2019est devenue Aube dor\u00e9e\u00a0:<\/p>\n<blockquote><p>\u00ab\u00a0Il faut que l\u2019Union europ\u00e9enne comprenne, apr\u00e8s l\u2019assassinat commis par Aube dor\u00e9e, qu\u2019un changement radical de la politique europ\u00e9enne en Gr\u00e8ce est n\u00e9cessaire. Face \u00e0 une population d\u00e9sesp\u00e9r\u00e9e, l\u2019\u00e9mergence d\u2019un fascisme meurtrier menace non seulement la stabilit\u00e9 de la soci\u00e9t\u00e9 grecque, mais aussi de l\u2019UE. Ce meurtre abject ne fait que renforcer la d\u00e9composition sociale en Gr\u00e8ce. Il est temps que nous, Europ\u00e9ens, nous nous r\u00e9veillions avant qu\u2019il ne soit trop tard. [&#8230;]<\/p>\n<p>Il faut que le gouvernement r\u00e9agisse vigoureusement en arr\u00eatant le coupable, et en \u00e9tudiant s\u00e9rieusement la possibilit\u00e9 d\u2019interdire Aube dor\u00e9e, \u00e9cartant le risque de toute complaisance avec une organisation meurtri\u00e8re.\u00a0\u00bb<\/p><\/blockquote>\n<p style=\"text-align: justify\"><em>Vu sur Rue 89, 18 septembre 2013<\/em><\/p>\n","protected":false},"excerpt":{"rendered":"<p>NdPN : Rassemblement jeudi 19\/09\/13 \u00e0 19H \u00e0 la place St Michel suite \u00e0 l\u2019assassinat de Pavlos Fyssas, militant\u00a0antifasciste. Rassemblement aussi \u00e0 Lyon, aujourd&rsquo;hui jeudi 19 septembre \u00e0 18h30 Place de la Com\u00e9die (Op\u00e9ra\/H\u00f4tel de Ville). Gr\u00e8ce : le rappeur Killah P assassin\u00e9 par des n\u00e9onazis Pavlos Fyssas, plus connu sous le nom de Killah &hellip; <a href=\"https:\/\/fa86.noblogs.org\/?p=9764\" class=\"more-link\">Continuer la lecture de <span class=\"screen-reader-text\">[Gr\u00e8ce] Col\u00e8re antifasciste apr\u00e8s le meurtre du rappeur Killah P par des n\u00e9onazis<\/span> <span class=\"meta-nav\">&rarr;<\/span><\/a><\/p>\n","protected":false},"author":2691,"featured_media":0,"comment_status":"closed","ping_status":"open","sticky":false,"template":"","format":"standard","meta":{"footnotes":""},"categories":[9,11,6,16],"tags":[],"class_list":["post-9764","post","type-post","status-publish","format-standard","hentry","category-la-rue-grogne","category-ni-patrie-ni-frontiere","category-paf-le-faf","category-repression"],"_links":{"self":[{"href":"https:\/\/fa86.noblogs.org\/index.php?rest_route=\/wp\/v2\/posts\/9764","targetHints":{"allow":["GET"]}}],"collection":[{"href":"https:\/\/fa86.noblogs.org\/index.php?rest_route=\/wp\/v2\/posts"}],"about":[{"href":"https:\/\/fa86.noblogs.org\/index.php?rest_route=\/wp\/v2\/types\/post"}],"author":[{"embeddable":true,"href":"https:\/\/fa86.noblogs.org\/index.php?rest_route=\/wp\/v2\/users\/2691"}],"replies":[{"embeddable":true,"href":"https:\/\/fa86.noblogs.org\/index.php?rest_route=%2Fwp%2Fv2%2Fcomments&post=9764"}],"version-history":[{"count":6,"href":"https:\/\/fa86.noblogs.org\/index.php?rest_route=\/wp\/v2\/posts\/9764\/revisions"}],"predecessor-version":[{"id":9772,"href":"https:\/\/fa86.noblogs.org\/index.php?rest_route=\/wp\/v2\/posts\/9764\/revisions\/9772"}],"wp:attachment":[{"href":"https:\/\/fa86.noblogs.org\/index.php?rest_route=%2Fwp%2Fv2%2Fmedia&parent=9764"}],"wp:term":[{"taxonomy":"category","embeddable":true,"href":"https:\/\/fa86.noblogs.org\/index.php?rest_route=%2Fwp%2Fv2%2Fcategories&post=9764"},{"taxonomy":"post_tag","embeddable":true,"href":"https:\/\/fa86.noblogs.org\/index.php?rest_route=%2Fwp%2Fv2%2Ftags&post=9764"}],"curies":[{"name":"wp","href":"https:\/\/api.w.org\/{rel}","templated":true}]}}