{"id":9778,"date":"2013-09-20T14:27:26","date_gmt":"2013-09-20T12:27:26","guid":{"rendered":"http:\/\/fa86.noblogs.org\/?p=9778"},"modified":"2013-09-20T14:27:26","modified_gmt":"2013-09-20T12:27:26","slug":"poitiers-manif-de-salarie-e-s-du-credit-agricole","status":"publish","type":"post","link":"https:\/\/fa86.noblogs.org\/?p=9778","title":{"rendered":"[Poitiers] Manif de salari\u00e9-e-s du Cr\u00e9dit Agricole"},"content":{"rendered":"<p style=\"text-align: justify\"><em><strong>NdPN<\/strong> : quand les organisations syndicales des salari\u00e9-e-s des banques voient leur <\/em>cr\u00e9dit <em>baisser aupr\u00e8s des directions des banques,\u00a0leurs philanthropes partenaires sociaux&#8230; et tant qu&rsquo;on y est, quitte \u00e0 demander plus d&rsquo;effectifs et de meilleures conditions de travail, pourquoi ne pas demander aux directions des banques d&rsquo;arr\u00eater le rouleau-compresseur de leur logique\u00a0de profit ? Fl\u00fbte, c&rsquo;est la d\u00e9finition des banques que d&rsquo;en faire un maximum ! Comment r\u00e9mun\u00e9rer de l&rsquo;argent avec de l&rsquo;argent ? Il faut bien endetter \u00e0 vie les gens, investir dans des projets productivistes destructeurs et des produits financiers d\u00e9gueulasses, et puis quand \u00e7a ne suffit pas, r\u00e9duire les co\u00fbts salariaux&#8230; Le jour o\u00f9 les employ\u00e9-e-s des banques lutteront pour l&rsquo;abolition des banques et de l&rsquo;argent, nous serons \u00e0 leurs c\u00f4t\u00e9s.<\/em><\/p>\n<p style=\"text-align: justify\"><a href=\"http:\/\/www.lanouvellerepublique.fr\/Vienne\/Actualite\/Economie-social\/n\/Contenus\/Articles\/2013\/09\/20\/Les-salaries-du-Credit-Agricole-manifestent-a-Poitiers-1620379\" target=\"_blank\"><strong>Les salari\u00e9s du Cr\u00e9dit Agricole manifestent \u00e0 Poitiers<\/strong><\/a><\/p>\n<p style=\"text-align: justify\">R\u00e9unis devant le si\u00e8ge de la caisse r\u00e9gionale du Cr\u00e9dit Agricole de la Touraine et du Poitou, environ deux cents salari\u00e9s en gr\u00e8ve ont bloqu\u00e9 la rue Salvador-Allende ce midi.<\/p>\n<p style=\"text-align: justify\">Le rassemblement devant la caisse r\u00e9gionale du<b>\u00a0Cr\u00e9dit Agricole de la Touraine et du Poitou<\/b> \u00e9tait pr\u00e9vu \u00e0 Poitiers. Pas le blocage de la rue Salvador-Allende avec sit-in et merguez sur le barbecue. Une manifestation qui a bloqu\u00e9 la circulation et notamment emp\u00each\u00e9 le passage des bus de<b>\u00a0la ligne 2 du r\u00e9seau Vitalis<\/b> (La Pictavienne), ce midi.<\/p>\n<p style=\"text-align: justify\">\u00ab\u00a0Nous avons pris cette d\u00e9cision parce que<b>\u00a0la direction a refus\u00e9 de mettre la salle de conf\u00e9rence \u00e0 notre disposition<\/b> pour notre assembl\u00e9e g\u00e9n\u00e9rale ; c&rsquo;est la premi\u00e8re fois qu&rsquo;on nous la refuse\u00a0\u00bb, explique un repr\u00e9sentant de l&rsquo;intersyndicale CGT CFDT UNSA et Sud qui pr\u00e9f\u00e8re rester anonyme. <b>\u00ab\u00a0C&rsquo;est incompr\u00e9hensible !\u00a0\u00bb<\/b><\/p>\n<p style=\"text-align: justify\">Selon les syndicats, <b>environ 500 des 1.400 salari\u00e9s de la caisse<\/b> ont r\u00e9pondu \u00e0 l&rsquo;appel \u00e0 la gr\u00e8ve ce matin, dans les d\u00e9partements de la Vienne et d&rsquo;Indre-et-Loire. \u00ab\u00a0Nos revendications portent davantage sur les <b>conditions de travail<\/b> et sur les effectifs que sur l&rsquo;aspect financier\u00a0\u00bb, ajoute le porte-parole de l&rsquo;intersyndicale. \u00ab\u00a0Il est devenu tr\u00e8s difficile \u00e0 la plupart des salari\u00e9s de pouvoir exercer leur m\u00e9tier dans des <b>conditions sereines<\/b>.\u00a0\u00bb<\/p>\n<p style=\"text-align: justify\">Une <b>d\u00e9l\u00e9gation a \u00e9t\u00e9 re\u00e7ue<\/b> par la direction peu apr\u00e8s midi.<\/p>\n<p style=\"text-align: justify\"><em>Baptiste Bize, Nouvelle R\u00e9publique, 20 septembre 2013<\/em><\/p>\n","protected":false},"excerpt":{"rendered":"<p>NdPN : quand les organisations syndicales des salari\u00e9-e-s des banques voient leur cr\u00e9dit baisser aupr\u00e8s des directions des banques,\u00a0leurs philanthropes partenaires sociaux&#8230; et tant qu&rsquo;on y est, quitte \u00e0 demander plus d&rsquo;effectifs et de meilleures conditions de travail, pourquoi ne pas demander aux directions des banques d&rsquo;arr\u00eater le rouleau-compresseur de leur logique\u00a0de profit ? Fl\u00fbte, &hellip; <a href=\"https:\/\/fa86.noblogs.org\/?p=9778\" class=\"more-link\">Continuer la lecture de <span class=\"screen-reader-text\">[Poitiers] Manif de salari\u00e9-e-s du Cr\u00e9dit Agricole<\/span> <span class=\"meta-nav\">&rarr;<\/span><\/a><\/p>\n","protected":false},"author":2691,"featured_media":0,"comment_status":"closed","ping_status":"open","sticky":false,"template":"","format":"standard","meta":{"footnotes":""},"categories":[9,22],"tags":[],"class_list":["post-9778","post","type-post","status-publish","format-standard","hentry","category-la-rue-grogne","category-le-travail-tue"],"_links":{"self":[{"href":"https:\/\/fa86.noblogs.org\/index.php?rest_route=\/wp\/v2\/posts\/9778","targetHints":{"allow":["GET"]}}],"collection":[{"href":"https:\/\/fa86.noblogs.org\/index.php?rest_route=\/wp\/v2\/posts"}],"about":[{"href":"https:\/\/fa86.noblogs.org\/index.php?rest_route=\/wp\/v2\/types\/post"}],"author":[{"embeddable":true,"href":"https:\/\/fa86.noblogs.org\/index.php?rest_route=\/wp\/v2\/users\/2691"}],"replies":[{"embeddable":true,"href":"https:\/\/fa86.noblogs.org\/index.php?rest_route=%2Fwp%2Fv2%2Fcomments&post=9778"}],"version-history":[{"count":2,"href":"https:\/\/fa86.noblogs.org\/index.php?rest_route=\/wp\/v2\/posts\/9778\/revisions"}],"predecessor-version":[{"id":9781,"href":"https:\/\/fa86.noblogs.org\/index.php?rest_route=\/wp\/v2\/posts\/9778\/revisions\/9781"}],"wp:attachment":[{"href":"https:\/\/fa86.noblogs.org\/index.php?rest_route=%2Fwp%2Fv2%2Fmedia&parent=9778"}],"wp:term":[{"taxonomy":"category","embeddable":true,"href":"https:\/\/fa86.noblogs.org\/index.php?rest_route=%2Fwp%2Fv2%2Fcategories&post=9778"},{"taxonomy":"post_tag","embeddable":true,"href":"https:\/\/fa86.noblogs.org\/index.php?rest_route=%2Fwp%2Fv2%2Ftags&post=9778"}],"curies":[{"name":"wp","href":"https:\/\/api.w.org\/{rel}","templated":true}]}}