{"id":9782,"date":"2013-09-21T21:56:29","date_gmt":"2013-09-21T19:56:29","guid":{"rendered":"http:\/\/fa86.noblogs.org\/?p=9782"},"modified":"2013-09-21T21:56:29","modified_gmt":"2013-09-21T19:56:29","slug":"sur-bernard-friot","status":"publish","type":"post","link":"https:\/\/fa86.noblogs.org\/?p=9782","title":{"rendered":"Sur Bernard Friot"},"content":{"rendered":"<p style=\"text-align: justify\"><a href=\"http:\/\/www.tantquil.net\/2013\/09\/21\/faut-il-frire-bernard-friot-et-son-salaire-socialise\/\" target=\"_blank\"><strong>Faut-il frire Bernard Friot (et son salaire socialis\u00e9)?<\/strong><\/a><\/p>\n<p style=\"text-align: justify\">A l\u2019heure o\u00f9 le PS se propose de \u00ab\u00a0r\u00e9former\u00a0\u00bb les retraites, ou plut\u00f4t de les diminuer sous une forme ou une autre, plusieurs voix s\u2019\u00e9l\u00e8vent \u00e0 gauche pour d\u00e9fendre \u00ab\u00a0d\u2019autres r\u00e9formes, citoyennes, d\u00e9mocratique, etc.\u00a0\u00bb L\u2019une d\u2019entre elle est celle de Bernard Friot. Un \u00e9conomiste et sociologue, enseignant \u00e0 Paris X, proche du Front de Gauche. Mais que propose au juste cet universitaire altermondialiste\u00a0? Faut-il prendre pour argent comptant ce qu\u2019il dit\u00a0? On va essayer de d\u00e9crypter son projet de \u00ab\u00a0salaire socialis\u00e9\u00a0\u00bb.<\/p>\n<div style=\"text-align: justify\">\n<p align=\"JUSTIFY\"><em>Pourquoi parler de Friot en particulier\u00a0? A tantquil, on a rien de personnel contre lui. Mais il fallait bien commencer quelque part. Et puis les th\u00e9orie loufoques de Friot sont bien significatives d\u2019un argumentaire qui obtient aujourd\u2019hui\u00a0 de plus en plus d\u2019\u00e9chos dans l\u2019extr\u00eame gauche, y compris libertaire :\u00a0 une gestion alternative du capitalisme serait possible. Il suffirait ainsi de repeindre en rouge le salariat pour faire disparaitre l\u2019exploitation qui va avec d\u2019un bon coup de baguette magique (et citoyenne)\u2026 Allons donc voir \u00e7a de plus pr\u00e8s.<\/em><\/p>\n<p>&nbsp;<\/p>\n<p><em><\/em> <a href=\"http:\/\/www.tantquil.net\/wp-content\/uploads\/2013\/09\/tournesol-1.jpg\"><img loading=\"lazy\" decoding=\"async\" alt=\"tournesol 1\" src=\"http:\/\/www.tantquil.net\/wp-content\/uploads\/2013\/09\/tournesol-1.jpg\" width=\"125\" height=\"156\" \/><\/a><\/p>\n<p align=\"JUSTIFY\">Tout commence bien\u00a0: Friot fait une critique du discours patronal sur les retraites. Il explique que la hausse de la dur\u00e9e de travail et du d\u00e9part \u00e0 la retraite n\u2019est pas in\u00e9luctable, ce avec quoi on ne peut qu\u2019\u00eatre d\u2019accord\u2026<\/p>\n<p align=\"JUSTIFY\">Ensuite, il explique que les cotisations sociales font partie int\u00e9grante du salaire, ce qui est son point de d\u00e9part.<\/p>\n<p><b>Salaire indirect ou salaire socialis\u00e9\u00a0?<\/b><\/p>\n<p align=\"JUSTIFY\">En effet, les cotisations salariales s\u2019\u00e9l\u00e8vent \u00e0 23% du salaire brut et alors que les cotisations patronales repr\u00e9sentent environ 50% du salaire. Si elles ne vont pas directement dans la poche du salari\u00e9, elles font partie du salaire, elles financent indirectement une s\u00e9rie de caisses. Si celles-ci n\u2019existaient pas, ces d\u00e9penses co\u00fbteraient tr\u00e8s cher\u00a0au salari\u00e9\u00a0: assurance maladie, ch\u00f4mage et retraites.<\/p>\n<p align=\"JUSTIFY\">Par exemple, un smicard qui travaille \u00e0 plein temps, va toucher 1 121,29\u20ac net. Cela va repr\u00e9senter son salaire direct. Son patron va aussi payer 23% de cotisations salariales et entre 50% et 53% de cotisation patronales. En plus de son salaire direct de 1121,29\u20ac, il touche 257,80\u20ac de cotisations salariales et 571,70\u20ac de cotisations patronales, soit 829,60\u20ac de salaire indirect. Il ne touchera pas cet argent directement, qui servira \u00e0 payer des cotisations dans de diverses caisses d\u2019assurances \u00e9tatis\u00e9es.<\/p>\n<p align=\"JUSTIFY\"><strong>Ces cotisations payent l\u2019assurance maladie, le ch\u00f4mage, et les retraites.<\/strong> Quand l\u2019\u00e9tat ou le patronat r\u00e9duisent le montant de ces allocations, de ces prestations ou augmentent la dur\u00e9e de cotisation, ils r\u00e9duisent le <b>salaire indirect <\/b>ou salaire diff\u00e9r\u00e9.<\/p>\n<p align=\"JUSTIFY\">L\u00e0 o\u00f9 on sera moins d\u2019accord avec Friot est que celui-ci va parler de salaire \u00ab\u00a0socialis\u00e9\u00a0\u00bb pour qualifier ce syst\u00e8me de cotisation. Socialis\u00e9 voudrait dire, que ce salaire appartient \u00e0 tous les salari\u00e9s, et que tous d\u00e9cident d\u00e9mocratiquement de comment s\u2019en servir.<\/p>\n<p align=\"JUSTIFY\">Or, c\u2019est loin d\u2019\u00eatre le cas. Le ch\u00f4mage, l\u2019assurance maladie et surtout les retraites fonctionnent comme des caisses d\u2019assurances. Une certaine cotisation (en trimestres, en heures de travail) ouvre droit \u00e0 une indemnisation plus tard. Ces gigantesques caisses d\u2019assurances sont g\u00e9r\u00e9es par l\u2019\u00e9tat, les patrons et les syndicats repr\u00e9sentatifs (qui n\u2019ont qu\u2019un tiers des voix), et si les partenaires ne tombent pas d\u2019accord, c\u2019est une loi qui tranche.<\/p>\n<p align=\"JUSTIFY\">Ce mode de gestion est tr\u00e8s loin d\u2019\u00eatre socialis\u00e9, mais plut\u00f4t \u00e9tatis\u00e9. S\u2019il suffisait \u00e0 quelque chose d\u2019\u00eatre financ\u00e9 par des imp\u00f4ts et encadr\u00e9 par l\u2019\u00e9tat pour \u00eatre\u00a0 \u00ab\u00a0socialis\u00e9\u00a0\u00bb, les coups de matraques donn\u00e9s par des flics \u00e0 des ouvriers qui se font licencier seraient aussi du salaire \u00ab\u00a0socialis\u00e9\u00a0\u00bb redistribu\u00e9 g\u00e9n\u00e9reusement par l\u2019\u00e9tat.<\/p>\n<p>&nbsp;<\/p>\n<p><a href=\"http:\/\/www.tantquil.net\/wp-content\/uploads\/2013\/09\/tournesol2.jpg\"><img loading=\"lazy\" decoding=\"async\" alt=\"tournesol2\" src=\"http:\/\/www.tantquil.net\/wp-content\/uploads\/2013\/09\/tournesol2.jpg\" width=\"181\" height=\"221\" \/><\/a><\/p>\n<p align=\"JUSTIFY\"><b>Une grande r\u00e9forme magique<\/b><\/p>\n<p align=\"JUSTIFY\">A partir de l\u2019id\u00e9e que les cotisations sociales repr\u00e9sentent un salaire \u00ab\u00a0socialis\u00e9\u00a0\u00bb, Friot d\u00e9veloppe un grand projet de r\u00e9forme qui fusionnerait capitalisme et communisme, le tout sans violence.<\/p>\n<p align=\"JUSTIFY\">L\u2019id\u00e9e de base est simple, peut-\u00eatre un peu trop simple. Tout le monde touche un salaire, qui est ind\u00e9pendant du travail, gr\u00e2ce \u00e0 une taxe \u00e0 100% sur le chiffre d\u2019affaire des entreprises. L\u2019\u00e9tat redistribue cette taxe sous forme de salaire socialis\u00e9 et tout le monde devient en quelque sorte fonctionnaire avec 4 grades de r\u00e9mun\u00e9ration correspondant aux dipl\u00f4mes, comme les grades A, B, et C de la fonction publique.<\/p>\n<p align=\"JUSTIFY\"><b>Des mesures fantaisistes voire \u00e9tranges\u2026<\/b><\/p>\n<p align=\"JUSTIFY\">Tout d\u2019abord, son projet pr\u00e9sente des r\u00e9elles incoh\u00e9rences qui rendent ce syst\u00e8me au mieux fantaisiste, au pire illusoire. Parmi les incoh\u00e9rences les plus flagrantes\u00a0:<\/p>\n<p align=\"JUSTIFY\"><strong>&#8211; Dans son projet, les retraites n\u2019existent pas et les retrait\u00e9s continuent de travailler,<\/strong> mais selon des modalit\u00e9s assez vagues on ne sait pas s\u2019ils travaillent moins, s\u2019ils s\u2019arr\u00eatent de travailler ou s\u2019ils travaillent jusqu\u2019\u00e0 leur mort.<\/p>\n<p align=\"JUSTIFY\"><strong>&#8211; Les bourgeois ne sont pas expropri\u00e9s, ils sont encore \u00e0 la t\u00eate de leur entreprise<\/strong> mais on ne sait pas trop ce qu\u2019ils en font, on les voit mal attendre \u00e0 se tourner les pouces sans essayer de s\u2019attaquer au salari\u00e9s.<\/p>\n<p align=\"JUSTIFY\"><strong>&#8211; Les salaires sont sur une grille de 4 niveaux de 1500 euros \u00e0 6000 euros.<\/strong> Ils sont li\u00e9s au niveau de dipl\u00f4me. En gros, un prolo niveau bac ou moins, touche 1500 euros, un ou une fonctionnaire \u00e0 Bac +3 touche 3000 euros, une titulaire de master 2 est \u00e0 4500 euros et un docteur ou universitaire touche 6000 euros et comme par hasard Friot est prof de fac. Du coup, dans ce syst\u00e8me, il suffit d\u2019avoir des dipl\u00f4mes pour gagner 3 ou 4 fois plus qu\u2019un prolo de base, et en g\u00e9n\u00e9ral les plus dipl\u00f4m\u00e9s ne sont pas les fils de cantonniers ou les filles de mineurs, mais plut\u00f4t issus des couches sup\u00e9rieures les plus riches et dipl\u00f4m\u00e9es.<\/p>\n<p align=\"JUSTIFY\"><b>Socialiser le salariat ou l\u2019abolir\u00a0?<\/b><\/p>\n<p align=\"JUSTIFY\">C\u2019est tellement simple que ces r\u00e9formes ne sont pas tr\u00e8s loin du grand coup de baguette magique.<\/p>\n<p align=\"JUSTIFY\">Ce projet r\u00e9formiste pr\u00e9sente les m\u00eames tares que tous les autres projets r\u00e9formistes: Les patrons vont \u2013il l\u2019accepter comme \u00e7a\u00a0? Quel va \u00eatre le rapport de force pour l\u2019imposer\u00a0? On voit mal des \u00e9lections mettre en place le projet \u00ab\u00a0Friotiste\u00a0\u00bb\u2026 Et en cas de r\u00e9volution, \u00e7a serait b\u00eate de s\u2019arr\u00eater l\u00e0\u2026<\/p>\n<p align=\"JUSTIFY\">Et oui, si ce projet se propose de changer radicalement le capitalisme, pour g\u00e9rer le salariat, il ne prend pas en compte la dynamique m\u00eame qui pourrait amener \u00e0 ce changement\u00a0: la r\u00e9volution sociale.<\/p>\n<p align=\"JUSTIFY\">Or pour nous, l\u2019abolition du salariat, ce n\u2019est pas juste une belle id\u00e9e\u00a0: c\u2019est une arme contre les capitalistes. Si, dans la r\u00e9volution sociale, nous organisons la soci\u00e9t\u00e9 en dehors des rapports capitalistes d\u2019\u00e9changes et d\u2019exploitation, \u00e0 quoi leur servira leur capital, leur or, argent\u00a0? En somme, abolir le salaire, instaurer la gratuit\u00e9 c\u2019est agir contre le pouvoir que procure l\u2019argent.<\/p>\n<p align=\"JUSTIFY\"><strong>L\u2019utopie bancale de Friot est une resuc\u00e9e de veilles recettes r\u00e9formistes qui est m\u00eal\u00e9 \u00e0 des mesures fantaisistes et incoh\u00e9rentes\u00a0:<\/strong> ce n\u2019est ni r\u00e9aliste d\u2019un point de vue capitaliste, ni une arme pour nous, dans cette crise. Aussi, ce qui nous \u00e9tonne le plus dans ce projet est son relatif succ\u00e8s sur Internet mais aussi au travers d\u2019une s\u00e9rie de conf\u00e9rences.<\/p>\n<p align=\"JUSTIFY\">Ce succ\u00e8s est le sympt\u00f4me du fait qu\u2019il n\u2019y a plus que tr\u00e8s peu de critique radicale dans le domaine de l\u2019\u00e9conomie politique, qui soit accessible et audible, ce qui laisse le champ libre pour des hurluberlus dans le genre de Bernard Friot. C\u2019est \u00e0 nous de faire en sorte que les r\u00e9volutionnaires soient audibles.<\/p>\n<p align=\"JUSTIFY\"><strong>Pour ceux qui veulent voir par eux m\u00eame ce que dit Friot, quelques articles\u00a0:<\/strong><\/p>\n<p align=\"JUSTIFY\"><a href=\"https:\/\/www.gmx.fr\/dereferrer\/?target=http%3A%2F%2Fwww.reseau-salariat.info%2F5abf1bfb96df1682c10a0539ebb8e8b0%26lang%3Dfr&amp;lang=fr\" target=\"_blank\">http:\/\/www.reseau-salariat.info\/5abf1bfb96df1682c10a0539ebb8e8b0<\/a><\/p>\n<p align=\"JUSTIFY\"><strong><em>\u00ab\u00a0<\/em><em>Les retrait\u00e9s, mod\u00e8les d\u2019une nouvelle production de valeur \u00e9conomique<\/em>\u00ab\u00a0<\/strong><\/p>\n<p align=\"JUSTIFY\"><strong><\/strong><a href=\"https:\/\/www.gmx.fr\/dereferrer\/?target=http%3A%2F%2Fwww.reseau-salariat.info%2Fd6a9997d6ee5288692bd6f2071e6313e%26lang%3Dfr&amp;lang=fr\" target=\"_blank\">http:\/\/www.reseau-salariat.info\/d6a9997d6ee5288692bd6f2071e6313e<\/a><\/p>\n<p><a href=\"http:\/\/www.tantquil.net\/wp-content\/uploads\/2013\/09\/capitaine-Haddock.jpg\"><img loading=\"lazy\" decoding=\"async\" alt=\"capitaine-Haddock\" src=\"http:\/\/www.tantquil.net\/wp-content\/uploads\/2013\/09\/capitaine-Haddock-753x1024.jpg\" width=\"237\" height=\"321\" \/><\/a><\/p>\n<p><em>Vu sur tanquil.net<\/em><\/p>\n<\/div>\n","protected":false},"excerpt":{"rendered":"<p>Faut-il frire Bernard Friot (et son salaire socialis\u00e9)? A l\u2019heure o\u00f9 le PS se propose de \u00ab\u00a0r\u00e9former\u00a0\u00bb les retraites, ou plut\u00f4t de les diminuer sous une forme ou une autre, plusieurs voix s\u2019\u00e9l\u00e8vent \u00e0 gauche pour d\u00e9fendre \u00ab\u00a0d\u2019autres r\u00e9formes, citoyennes, d\u00e9mocratique, etc.\u00a0\u00bb L\u2019une d\u2019entre elle est celle de Bernard Friot. Un \u00e9conomiste et sociologue, enseignant &hellip; <a href=\"https:\/\/fa86.noblogs.org\/?p=9782\" class=\"more-link\">Continuer la lecture de <span class=\"screen-reader-text\">Sur Bernard Friot<\/span> <span class=\"meta-nav\">&rarr;<\/span><\/a><\/p>\n","protected":false},"author":2691,"featured_media":0,"comment_status":"closed","ping_status":"open","sticky":false,"template":"","format":"standard","meta":{"footnotes":""},"categories":[17],"tags":[],"class_list":["post-9782","post","type-post","status-publish","format-standard","hentry","category-education-populaire"],"_links":{"self":[{"href":"https:\/\/fa86.noblogs.org\/index.php?rest_route=\/wp\/v2\/posts\/9782","targetHints":{"allow":["GET"]}}],"collection":[{"href":"https:\/\/fa86.noblogs.org\/index.php?rest_route=\/wp\/v2\/posts"}],"about":[{"href":"https:\/\/fa86.noblogs.org\/index.php?rest_route=\/wp\/v2\/types\/post"}],"author":[{"embeddable":true,"href":"https:\/\/fa86.noblogs.org\/index.php?rest_route=\/wp\/v2\/users\/2691"}],"replies":[{"embeddable":true,"href":"https:\/\/fa86.noblogs.org\/index.php?rest_route=%2Fwp%2Fv2%2Fcomments&post=9782"}],"version-history":[{"count":1,"href":"https:\/\/fa86.noblogs.org\/index.php?rest_route=\/wp\/v2\/posts\/9782\/revisions"}],"predecessor-version":[{"id":9783,"href":"https:\/\/fa86.noblogs.org\/index.php?rest_route=\/wp\/v2\/posts\/9782\/revisions\/9783"}],"wp:attachment":[{"href":"https:\/\/fa86.noblogs.org\/index.php?rest_route=%2Fwp%2Fv2%2Fmedia&parent=9782"}],"wp:term":[{"taxonomy":"category","embeddable":true,"href":"https:\/\/fa86.noblogs.org\/index.php?rest_route=%2Fwp%2Fv2%2Fcategories&post=9782"},{"taxonomy":"post_tag","embeddable":true,"href":"https:\/\/fa86.noblogs.org\/index.php?rest_route=%2Fwp%2Fv2%2Ftags&post=9782"}],"curies":[{"name":"wp","href":"https:\/\/api.w.org\/{rel}","templated":true}]}}