{"id":9784,"date":"2013-09-22T09:07:42","date_gmt":"2013-09-22T07:07:42","guid":{"rendered":"http:\/\/fa86.noblogs.org\/?p=9784"},"modified":"2013-09-22T09:07:42","modified_gmt":"2013-09-22T07:07:42","slug":"dal-86-venez-nombreux-lundi-23-septembre-a-10h-accompagner-emile-a-la-prefecture","status":"publish","type":"post","link":"https:\/\/fa86.noblogs.org\/?p=9784","title":{"rendered":"[DAL 86] Venez nombreux lundi 23 septembre \u00e0 10h accompagner Emile \u00e0 la pr\u00e9fecture"},"content":{"rendered":"<p style=\"text-align: justify\"><a href=\"http:\/\/dal86.fr\/2013\/09\/21\/venez-nombreux-lundi-23-septembre-a-10h-accompagner-emile-a-la-prefecture\/\" target=\"_blank\"><strong>Venez nombreux lundi 23 septembre \u00e0 10h accompagner Emile \u00e0 la pr\u00e9fecture<\/strong><\/a><\/p>\n<p style=\"text-align: justify\">Hier, vendredi 19 septembre \u00e0 9h, Emile un habitant du squat des Gli\u00e8res \u00e9tait convoqu\u00e9 au commissariat concernant son Obligation de Quitter le Territoire Fran\u00e7ais datant de f\u00e9vrier 2013.<\/p>\n<p style=\"text-align: justify\">Quatre militants du DAL86 ainsi que sa compagne enceinte de 6 mois et m\u00e8re de deux enfants de 2 ans l\u2019ont accompagn\u00e9 \u00e0 l\u2019int\u00e9rieur du commissariat. L\u2019agent avant de le recevoir nous a observ\u00e9s du premier \u00e9tage puis est venu le chercher. Nous avons attendu une heure et sa compagne est all\u00e9e demander des nouvelles (soit vers 10h30). Elle a \u00e9t\u00e9 re\u00e7ue \u00e0 son tour et on lui a dit qu\u2019ils attendaient la d\u00e9cision de la pr\u00e9fecture. Nous avons attendu une heure de plus avant qu\u2019il sorte enfin (soit vers 11h30) avec une convocation \u00e0 la pr\u00e9fecture pour lundi 23 septembre 10h pour aller chercher ses papiers d\u2019identit\u00e9.<\/p>\n<p style=\"text-align: justify\">La pr\u00e9fecture osera-t-elle renvoyer ce p\u00e8re de famille en Roumanie alors que le secr\u00e9taire g\u00e9n\u00e9ral a d\u00e9clar\u00e9 au journal du 13 mai 2013 19h de France 3 Poitou-Charentes <b>qu\u2019il n\u2019expulserait pas ces personnes \u00ab\u00a0<\/b><i><b>dans un avion dans leur pays d\u2019origine<\/b><\/i><b>\u00a0\u00bb<\/b>\u00a0? <a href=\"http:\/\/dal86.fr\/2013\/05\/13\/squats-poitiers-journal-du-13-mai-2013-19h-de-france-3-poitou-charentes\/\" target=\"_blank\"><b>VIDEO <\/b><\/a>et <a href=\"http:\/\/dal86.fr\/2013\/05\/13\/propos-du-secretaire-general-de-la-prefecture-france3-13-05-13\/\" target=\"_blank\"><b>RETRANSCRIPTION<\/b><\/a><\/p>\n<p style=\"text-align: justify\">\u00a0<b>Apr\u00e8s avoir expuls\u00e9 deux p\u00e8res de famille, l\u2019un le 14 juin et l\u2019autre le 28 juin, le secr\u00e9taire g\u00e9n\u00e9ral de la pr\u00e9fecture osera-t-il mentir un nouvelle fois en en expulsant encore un autre lundi prochain\u00a0?<\/b><\/p>\n<p style=\"text-align: justify\" align=\"CENTER\">\u00a0<b>Venez nombreux lundi 23 septembre \u00e0 10h accompagner ce p\u00e8re de famille \u00e0 la pr\u00e9fecture.<\/b><\/p>\n<p style=\"text-align: justify\" align=\"CENTER\"><b>Merci de diffuser massivement autour de vous.<\/b><\/p>\n<p style=\"text-align: justify\" align=\"CENTER\"><a title=\"Lien permanent pour Le pr\u00e9fet de la Vienne n\u2019est pas \u00e0 un mensonge pr\u00e8s\" href=\"http:\/\/dal86.fr\/2013\/07\/14\/le-prefet-de-la-vienne-nest-pas-a-un-mensonge-pres\/\" rel=\"bookmark\">&#8211; Le pr\u00e9fet de la Vienne n\u2019est pas \u00e0 un mensonge pr\u00e8s <\/a>Dal86 14\/07\/2013<a title=\"Lien permanent pour Le pr\u00e9fet de la Vienne n\u2019est pas \u00e0 un mensonge pr\u00e8s\" href=\"http:\/\/dal86.fr\/2013\/07\/14\/le-prefet-de-la-vienne-nest-pas-a-un-mensonge-pres\/\" rel=\"bookmark\"> &#8211; <\/a><a href=\"http:\/\/www.lanouvellerepublique.fr\/Vienne\/Actualite\/Faits-divers-justice\/n\/Contenus\/Articles\/2013\/07\/11\/Dix-Roumains-expulses-en-six-mois-1544693\" target=\"_blank\">Dix Roumains expuls\u00e9s en six mois<\/a> NR 11\/07\/2013- <a title=\"Lien permanent pour Lamentable : la pr\u00e9fecture expulse Radu\" href=\"http:\/\/dal86.fr\/2013\/06\/30\/lamentable-la-prefecture-expulse-radu\/\" rel=\"bookmark\">Lamentable : la pr\u00e9fecture expulse Radu <\/a>Dal86 30\/06\/2013 &#8211; <a title=\"Lien permanent pour ALERTE\u00a0: Florin doit revenir aupr\u00e8s de sa femme et de ses enfants\u00a0!\" href=\"http:\/\/dal86.fr\/2013\/06\/13\/alerte-florin-doit-revenir-aupres-de-sa-femme-et-de-ses-enfants\/\" rel=\"bookmark\">ALERTE\u00a0: Florin doit revenir aupr\u00e8s de sa femme et de ses enfants\u00a0! <\/a>Dal86 13\/06\/2013 &#8211; <a title=\"Lien permanent pour Annulation de l\u2019OQTF de cette m\u00e8re de famille rom\u00a0!\" href=\"http:\/\/dal86.fr\/2013\/06\/12\/annulation-de-loqtf-de-cette-mere-de-famille-rom\/\" rel=\"bookmark\">Annulation de l\u2019OQTF de cette m\u00e8re de famille rom\u00a0! <\/a>Dal86 12\/06*2013<\/p>\n<p style=\"text-align: justify\"><strong><em><a href=\"http:\/\/dal86.fr\/\" target=\"_blank\">DAL86<\/a><\/em><em> \u2013 <\/em><em><a href=\"mailto:dal86@free.fr\" target=\"_blank\">dal86@free.fr<\/a><\/em><em> \u2013 06 52 93 54 44 \/ 05 49 88 94 56 Permanences : tous les samedis matin de 11h \u00e0 12h et tous les mardis soirs de 17h \u00e0 18h Maison de la Solidarit\u00e9 22 rue du Pigeon Blanc Poitiers<\/em><\/strong><\/p>\n<p style=\"text-align: justify\"><em>Vu sur DAL 86, 22 septembre 2013<\/em><\/p>\n","protected":false},"excerpt":{"rendered":"<p>Venez nombreux lundi 23 septembre \u00e0 10h accompagner Emile \u00e0 la pr\u00e9fecture Hier, vendredi 19 septembre \u00e0 9h, Emile un habitant du squat des Gli\u00e8res \u00e9tait convoqu\u00e9 au commissariat concernant son Obligation de Quitter le Territoire Fran\u00e7ais datant de f\u00e9vrier 2013. Quatre militants du DAL86 ainsi que sa compagne enceinte de 6 mois et m\u00e8re &hellip; <a href=\"https:\/\/fa86.noblogs.org\/?p=9784\" class=\"more-link\">Continuer la lecture de <span class=\"screen-reader-text\">[DAL 86] Venez nombreux lundi 23 septembre \u00e0 10h accompagner Emile \u00e0 la pr\u00e9fecture<\/span> <span class=\"meta-nav\">&rarr;<\/span><\/a><\/p>\n","protected":false},"author":2691,"featured_media":0,"comment_status":"closed","ping_status":"open","sticky":false,"template":"","format":"standard","meta":{"footnotes":""},"categories":[11,16,4,29],"tags":[],"class_list":["post-9784","post","type-post","status-publish","format-standard","hentry","category-ni-patrie-ni-frontiere","category-repression","category-se-trouver","category-un-toit-pour-tou-te-s"],"_links":{"self":[{"href":"https:\/\/fa86.noblogs.org\/index.php?rest_route=\/wp\/v2\/posts\/9784","targetHints":{"allow":["GET"]}}],"collection":[{"href":"https:\/\/fa86.noblogs.org\/index.php?rest_route=\/wp\/v2\/posts"}],"about":[{"href":"https:\/\/fa86.noblogs.org\/index.php?rest_route=\/wp\/v2\/types\/post"}],"author":[{"embeddable":true,"href":"https:\/\/fa86.noblogs.org\/index.php?rest_route=\/wp\/v2\/users\/2691"}],"replies":[{"embeddable":true,"href":"https:\/\/fa86.noblogs.org\/index.php?rest_route=%2Fwp%2Fv2%2Fcomments&post=9784"}],"version-history":[{"count":2,"href":"https:\/\/fa86.noblogs.org\/index.php?rest_route=\/wp\/v2\/posts\/9784\/revisions"}],"predecessor-version":[{"id":9786,"href":"https:\/\/fa86.noblogs.org\/index.php?rest_route=\/wp\/v2\/posts\/9784\/revisions\/9786"}],"wp:attachment":[{"href":"https:\/\/fa86.noblogs.org\/index.php?rest_route=%2Fwp%2Fv2%2Fmedia&parent=9784"}],"wp:term":[{"taxonomy":"category","embeddable":true,"href":"https:\/\/fa86.noblogs.org\/index.php?rest_route=%2Fwp%2Fv2%2Fcategories&post=9784"},{"taxonomy":"post_tag","embeddable":true,"href":"https:\/\/fa86.noblogs.org\/index.php?rest_route=%2Fwp%2Fv2%2Ftags&post=9784"}],"curies":[{"name":"wp","href":"https:\/\/api.w.org\/{rel}","templated":true}]}}