{"id":9794,"date":"2013-09-23T14:48:28","date_gmt":"2013-09-23T12:48:28","guid":{"rendered":"http:\/\/fa86.noblogs.org\/?p=9794"},"modified":"2013-09-23T14:48:28","modified_gmt":"2013-09-23T12:48:28","slug":"russie-une-pussy-riot-en-greve-de-la-faim-apres-des-menaces-de-mort","status":"publish","type":"post","link":"https:\/\/fa86.noblogs.org\/?p=9794","title":{"rendered":"[Russie] Une Pussy Riot en gr\u00e8ve de la faim apr\u00e8s des menaces de mort"},"content":{"rendered":"<p style=\"text-align: justify\"><a href=\"http:\/\/actu.voila.fr\/actualites\/societe\/2013\/09\/23\/russie-une-pussy-riot-en-greve-de-la-faim-apres-des-menaces_15063415.html\" target=\"_blank\"><strong>Russie: une Pussy Riot en gr\u00e8ve de la faim apr\u00e8s des menaces<\/strong><\/a><\/p>\n<p style=\"text-align: justify\">Une des membres emprisonn\u00e9es du groupe contestataire russe Pussy Riot, Nadejda Tolokonnikova, a entam\u00e9 lundi une gr\u00e8ve de la faim, se disant menac\u00e9e de mort apr\u00e8s avoir d\u00e9nonc\u00e9 des conditions proches selon elle de l&rsquo;esclavage dans son camp de travail.<\/p>\n<p style=\"text-align: justify\"><a href=\"https:\/\/fa86.noblogs.org\/files\/2013\/09\/nadejda.jpg\"><img loading=\"lazy\" decoding=\"async\" class=\"alignnone size-full wp-image-9795\" alt=\"nadejda\" src=\"https:\/\/fa86.noblogs.org\/files\/2013\/09\/nadejda.jpg\" width=\"512\" height=\"334\" srcset=\"https:\/\/fa86.noblogs.org\/files\/2013\/09\/nadejda.jpg 512w, https:\/\/fa86.noblogs.org\/files\/2013\/09\/nadejda-300x195.jpg 300w\" sizes=\"auto, (max-width: 512px) 100vw, 512px\" \/><\/a><\/p>\n<p style=\"text-align: justify\"><em>Nadejda Tolokonnikova lors de son proc\u00e8s le 26 <\/em><em>avril 2013 \u00e0 Zubova Polyana<\/em><\/p>\n<p style=\"text-align: justify\">Dans une lettre transmise par son avocat \u00e0 la presse, la jeune femme de 23 ans fait un r\u00e9cit \u00e9voquant les t\u00e9moignages sur le Goulag sovi\u00e9tique, sur les conditions en vigueur au camp de travail pour femmes n\u00b014 en Mordovie (600 km \u00e0 l&rsquo;est de Moscou) o\u00f9 elle purge une peine de deux ans de d\u00e9tention.<\/p>\n<p style=\"text-align: justify\">Dans une plainte s\u00e9par\u00e9e, adress\u00e9e \u00e0 la justice, au directeur des services p\u00e9nitentiaires russes, et au d\u00e9l\u00e9gu\u00e9 aux droits de l&rsquo;Homme Vladimir Loukine, elle accuse le directeur adjoint du camp, Iouri Kouprionov, de l&rsquo;avoir menac\u00e9e de mort le 30 ao\u00fbt dernier apr\u00e8s qu&rsquo;elle se fut plainte des conditions de d\u00e9tention et de travail.<\/p>\n<p style=\"text-align: justify\">Selon son r\u00e9cit, les d\u00e9tenues sont syst\u00e9matiquement humili\u00e9es et r\u00e9duites \u00e0 l&rsquo;\u00e9tat d'\u00a0\u00bbesclavage\u00a0\u00bb, forc\u00e9es de travailler 16 ou 17 heures par jour et priv\u00e9es de sommeil, ainsi que de conditions d&rsquo;hygi\u00e8ne \u00e9l\u00e9mentaires, affirme Nadejda Tolokonnikova.<\/p>\n<p style=\"text-align: justify\">Cette ancienne \u00e9tudiante en philosophie, m\u00e8re d&rsquo;une fillette de cinq ans, a \u00e9t\u00e9 condamn\u00e9e en ao\u00fbt 2012, avec deux camarades, \u00e0 deux ans de d\u00e9tention pour une \u00ab\u00a0pri\u00e8re punk\u00a0\u00bb contre Vladimir Poutine, chant\u00e9e dans la cath\u00e9drale de Moscou.<\/p>\n<p style=\"text-align: justify\">\u00ab\u00a0Ce lundi 23 septembre je me d\u00e9clare en gr\u00e8ve de la faim. C&rsquo;est une m\u00e9thode extr\u00eame, mais j&rsquo;ai la conviction que c&rsquo;est la seule issue pour moi dans cette situation\u00a0\u00bb, \u00e9crit la jeune femme dans sa lettre. \u00ab\u00a0J&rsquo;exige que l&rsquo;on nous traite comme des personnes humaines, et non comme des esclaves\u00a0\u00bb, ajoute-t-elle.<\/p>\n<p style=\"text-align: justify\">Elle explique que sa \u00ab\u00a0brigade\u00a0\u00bb, employ\u00e9e \u00e0 coudre des uniformes de police, embauche \u00e0 7H30 pour finir \u00e0 0H30, avec au maximum quatre heures de sommeil et un jour de repos tous les mois et demi.<\/p>\n<p style=\"text-align: justify\">Toute incartade, tout rel\u00e2chement est puni de sanctions, notamment collectives, de mani\u00e8re \u00e0 dresser les d\u00e9tenues les unes contre les autres.<\/p>\n<p style=\"text-align: justify\">\u00ab\u00a0Le r\u00e9gime dans le camp est fait de telle mani\u00e8re que l\u2019an\u00e9antissement de l&rsquo;individu et sa transformation en esclave silencieux sont r\u00e9alis\u00e9s par les d\u00e9tenues elles-m\u00eames, celles qui sont chef de brigade et re\u00e7oivent des ordres de la direction\u00a0\u00bb, \u00e9crit-elle.<\/p>\n<p style=\"text-align: justify\">Selon elle, une des d\u00e9tenues a \u00e9t\u00e9 amput\u00e9e d&rsquo;une jambe et des doigts d&rsquo;une main, gel\u00e9s, apr\u00e8s avoir \u00e9t\u00e9 oblig\u00e9e de rester des heures \u00e0 l&rsquo;ext\u00e9rieur en hiver. Une autre sanction peut \u00eatre l&rsquo;interdiction de se laver et d&rsquo;aller aux toilettes, l&rsquo;interdiction de boire et manger, ajoute Nadejda Tolokonnikova.<\/p>\n<p style=\"text-align: justify\"><em>AFP, 23 septembre 2013<\/em><\/p>\n","protected":false},"excerpt":{"rendered":"<p>Russie: une Pussy Riot en gr\u00e8ve de la faim apr\u00e8s des menaces Une des membres emprisonn\u00e9es du groupe contestataire russe Pussy Riot, Nadejda Tolokonnikova, a entam\u00e9 lundi une gr\u00e8ve de la faim, se disant menac\u00e9e de mort apr\u00e8s avoir d\u00e9nonc\u00e9 des conditions proches selon elle de l&rsquo;esclavage dans son camp de travail. Nadejda Tolokonnikova lors &hellip; <a href=\"https:\/\/fa86.noblogs.org\/?p=9794\" class=\"more-link\">Continuer la lecture de <span class=\"screen-reader-text\">[Russie] Une Pussy Riot en gr\u00e8ve de la faim apr\u00e8s des menaces de mort<\/span> <span class=\"meta-nav\">&rarr;<\/span><\/a><\/p>\n","protected":false},"author":2691,"featured_media":0,"comment_status":"closed","ping_status":"open","sticky":false,"template":"","format":"standard","meta":{"footnotes":""},"categories":[20,11,16],"tags":[],"class_list":["post-9794","post","type-post","status-publish","format-standard","hentry","category-feu-aux-prisons","category-ni-patrie-ni-frontiere","category-repression"],"_links":{"self":[{"href":"https:\/\/fa86.noblogs.org\/index.php?rest_route=\/wp\/v2\/posts\/9794","targetHints":{"allow":["GET"]}}],"collection":[{"href":"https:\/\/fa86.noblogs.org\/index.php?rest_route=\/wp\/v2\/posts"}],"about":[{"href":"https:\/\/fa86.noblogs.org\/index.php?rest_route=\/wp\/v2\/types\/post"}],"author":[{"embeddable":true,"href":"https:\/\/fa86.noblogs.org\/index.php?rest_route=\/wp\/v2\/users\/2691"}],"replies":[{"embeddable":true,"href":"https:\/\/fa86.noblogs.org\/index.php?rest_route=%2Fwp%2Fv2%2Fcomments&post=9794"}],"version-history":[{"count":1,"href":"https:\/\/fa86.noblogs.org\/index.php?rest_route=\/wp\/v2\/posts\/9794\/revisions"}],"predecessor-version":[{"id":9796,"href":"https:\/\/fa86.noblogs.org\/index.php?rest_route=\/wp\/v2\/posts\/9794\/revisions\/9796"}],"wp:attachment":[{"href":"https:\/\/fa86.noblogs.org\/index.php?rest_route=%2Fwp%2Fv2%2Fmedia&parent=9794"}],"wp:term":[{"taxonomy":"category","embeddable":true,"href":"https:\/\/fa86.noblogs.org\/index.php?rest_route=%2Fwp%2Fv2%2Fcategories&post=9794"},{"taxonomy":"post_tag","embeddable":true,"href":"https:\/\/fa86.noblogs.org\/index.php?rest_route=%2Fwp%2Fv2%2Ftags&post=9794"}],"curies":[{"name":"wp","href":"https:\/\/api.w.org\/{rel}","templated":true}]}}