{"id":9797,"date":"2013-09-23T18:10:48","date_gmt":"2013-09-23T16:10:48","guid":{"rendered":"http:\/\/fa86.noblogs.org\/?p=9797"},"modified":"2013-09-23T18:10:48","modified_gmt":"2013-09-23T16:10:48","slug":"chatellerault-9-licenciements-economiques-chez-panalog","status":"publish","type":"post","link":"https:\/\/fa86.noblogs.org\/?p=9797","title":{"rendered":"[Ch\u00e2tellerault] 9 licenciements \u00e9conomiques chez Panalog"},"content":{"rendered":"<p style=\"text-align: justify\"><a href=\"http:\/\/www.lanouvellerepublique.fr\/Vienne\/Services\/Toutes-les-DMAs\/n\/Contenus\/DMAs\/2013\/09\/23\/Chatellerault-9-licenciements-economiques-chez-Panalog-1623759\" target=\"_blank\"><strong>Ch\u00e2tellerault: 9 licenciements \u00e9conomiques chez Panalog<\/strong><\/a><\/p>\n<p style=\"text-align: justify\">La CGT Ch\u00e2tellerault confirme qu&rsquo;un plan social a \u00e9t\u00e9 mis en uvre chez Panalog, une entreprise de Ch\u00e2tellerault, qui g\u00e8re la logistique de la soci\u00e9t\u00e9 Panavi (leader fran\u00e7ais de la fili\u00e8re boulangerie viennoiserie) appartenant au groupe belge Vandemoortele. Ce plan pr\u00e9voit le licenciement \u00e9conomique de 9 personnes sur un effectif de 21. La direction locale se refuse \u00e0 tout commentaire.<\/p>\n<p style=\"text-align: justify\"><em>D\u00e9p\u00eache Nouvelle R\u00e9publique, 23 septembre 2013<\/em><\/p>\n","protected":false},"excerpt":{"rendered":"<p>Ch\u00e2tellerault: 9 licenciements \u00e9conomiques chez Panalog La CGT Ch\u00e2tellerault confirme qu&rsquo;un plan social a \u00e9t\u00e9 mis en uvre chez Panalog, une entreprise de Ch\u00e2tellerault, qui g\u00e8re la logistique de la soci\u00e9t\u00e9 Panavi (leader fran\u00e7ais de la fili\u00e8re boulangerie viennoiserie) appartenant au groupe belge Vandemoortele. Ce plan pr\u00e9voit le licenciement \u00e9conomique de 9 personnes sur un &hellip; <a href=\"https:\/\/fa86.noblogs.org\/?p=9797\" class=\"more-link\">Continuer la lecture de <span class=\"screen-reader-text\">[Ch\u00e2tellerault] 9 licenciements \u00e9conomiques chez Panalog<\/span> <span class=\"meta-nav\">&rarr;<\/span><\/a><\/p>\n","protected":false},"author":2691,"featured_media":0,"comment_status":"closed","ping_status":"open","sticky":false,"template":"","format":"standard","meta":{"footnotes":""},"categories":[1],"tags":[],"class_list":["post-9797","post","type-post","status-publish","format-standard","hentry","category-general"],"_links":{"self":[{"href":"https:\/\/fa86.noblogs.org\/index.php?rest_route=\/wp\/v2\/posts\/9797","targetHints":{"allow":["GET"]}}],"collection":[{"href":"https:\/\/fa86.noblogs.org\/index.php?rest_route=\/wp\/v2\/posts"}],"about":[{"href":"https:\/\/fa86.noblogs.org\/index.php?rest_route=\/wp\/v2\/types\/post"}],"author":[{"embeddable":true,"href":"https:\/\/fa86.noblogs.org\/index.php?rest_route=\/wp\/v2\/users\/2691"}],"replies":[{"embeddable":true,"href":"https:\/\/fa86.noblogs.org\/index.php?rest_route=%2Fwp%2Fv2%2Fcomments&post=9797"}],"version-history":[{"count":2,"href":"https:\/\/fa86.noblogs.org\/index.php?rest_route=\/wp\/v2\/posts\/9797\/revisions"}],"predecessor-version":[{"id":9799,"href":"https:\/\/fa86.noblogs.org\/index.php?rest_route=\/wp\/v2\/posts\/9797\/revisions\/9799"}],"wp:attachment":[{"href":"https:\/\/fa86.noblogs.org\/index.php?rest_route=%2Fwp%2Fv2%2Fmedia&parent=9797"}],"wp:term":[{"taxonomy":"category","embeddable":true,"href":"https:\/\/fa86.noblogs.org\/index.php?rest_route=%2Fwp%2Fv2%2Fcategories&post=9797"},{"taxonomy":"post_tag","embeddable":true,"href":"https:\/\/fa86.noblogs.org\/index.php?rest_route=%2Fwp%2Fv2%2Ftags&post=9797"}],"curies":[{"name":"wp","href":"https:\/\/api.w.org\/{rel}","templated":true}]}}