{"id":9804,"date":"2013-09-24T08:46:19","date_gmt":"2013-09-24T06:46:19","guid":{"rendered":"http:\/\/fa86.noblogs.org\/?p=9804"},"modified":"2013-09-24T08:46:19","modified_gmt":"2013-09-24T06:46:19","slug":"poitiers-meeting-intersyndical-lenjeu-des-retraites","status":"publish","type":"post","link":"https:\/\/fa86.noblogs.org\/?p=9804","title":{"rendered":"[Poitiers] Meeting intersyndical : l&rsquo;enjeu des retraites"},"content":{"rendered":"<p style=\"text-align: justify\"><em><strong>NdPN<\/strong> : on notera que Solidaires et la CNT sont absents du meeting. Sans doute pas grand chose \u00e0 attendre, discours habituel des repr\u00e9sentant-e-s syndicaux-ales, mais il s&rsquo;agit aussi apparemment d&rsquo;un d\u00e9bat : rien n&#8217;emp\u00eache\u00a0 donc de s&rsquo;y rendre pour rencontrer du monde et amener une voix diff\u00e9rente, sur les enjeux aussi bien que sur les strat\u00e9gies de lutte ?<\/em><\/p>\n<p style=\"text-align: justify\"><a href=\"http:\/\/www.fsupoitiers.fr\/wp-content\/uploads\/2013\/09\/AFFICHE-MEETING-INTERSYNDICAL-1ER-OCTOBRE-20131.pdf\" target=\"_blank\"><strong>RETRAITES \u2013 EMPLOIS \u2013 SALAIRES \u2013 PENSIONS : DES PROJETS INACCEPTABLES<\/strong><\/a><\/p>\n<p style=\"text-align: justify\">PRIVE COMME PUBLIC TOUS CONCERNES!<\/p>\n<p style=\"text-align: justify\">MEETING INTERSYNDICAL<\/p>\n<p style=\"text-align: justify\">RETRAITE : UN ENJEU DE SOCIETE<\/p>\n<p style=\"text-align: justify\">Suite \u00e0 la conf\u00e9rence sociale des 20 et 21 Juin 2013 et aux annonces du 18 septembre, le gouvernement a pr\u00e9sent\u00e9 ses propositions en mati\u00e8re de \u00ab r\u00e9forme \u00bb de retraite. En particulier, l\u2019allongement de la dur\u00e9e de cotisations et ses cons\u00e9quences in\u00e9vitables sur l\u2019\u00e2ge r\u00e9el de d\u00e9part \u00e0 la retraite.<\/p>\n<p style=\"text-align: justify\">Les organisations CGT, FO, FSU de la Vienne s\u2019opposent toujours avec d\u00e9termination \u00e0 cette r\u00e9forme des retraites et pensions qui conduit \u00e0 une paup\u00e9risation g\u00e9n\u00e9ralis\u00e9e \u00e0 long terme aggrav\u00e9 par le syst\u00e8me inacceptable de la d\u00e9cote.<\/p>\n<p style=\"text-align: justify\">Elles d\u00e9noncent :<\/p>\n<p style=\"text-align: justify\">L\u2019allongement de la dur\u00e9e de cotisations \u00e0 43 annuit\u00e9s \u00e0 l\u2019horizon 2020.<\/p>\n<p style=\"text-align: justify\">Le gel des pensions<\/p>\n<p style=\"text-align: justify\">la remise en cause des financements de toute la protection sociale<\/p>\n<p style=\"text-align: justify\">Elles mettent au d\u00e9bat leurs propositions et revendications alternatives notamment le maintien du syst\u00e8me de retraite par r\u00e9partition \u00e0 60 ans avec 37,5 annuit\u00e9s et d&rsquo;autres financements.<\/p>\n<p style=\"text-align: justify\">PARC DES EXPOSITIONS &#8211; POITIERS<\/p>\n<p style=\"text-align: justify\">MARDI 1er OCTOBRE \u00e0 20h15<\/p>\n<p style=\"text-align: justify\">(AMPHITHEATRE DES ARENES)<\/p>\n<p style=\"text-align: justify\">C&rsquo;est possible !!!!<\/p>\n<p style=\"text-align: justify\">Rien n&rsquo;est in\u00e9luctable&#8230;<\/p>\n<p style=\"text-align: justify\">VENEZ NOMBREUX<\/p>\n<p style=\"text-align: justify\">d\u00e9battre, comprendre, entendre et poursuivre ensemble la mobilisation.<\/p>\n<p style=\"text-align: justify\">Ce meeting sera anim\u00e9 par Dominique BREILLAT avec la participation de<\/p>\n<p style=\"text-align: justify\">Sophie BINET et Catherine GIRAUD pour la CGT<\/p>\n<p style=\"text-align: justify\">De Didier HOTTE et Guy CHARRE pour FO<\/p>\n<p style=\"text-align: justify\">De G\u00e9rard ASCHIERI et Myriam LIEBY pour la FSU<\/p>\n","protected":false},"excerpt":{"rendered":"<p>NdPN : on notera que Solidaires et la CNT sont absents du meeting. Sans doute pas grand chose \u00e0 attendre, discours habituel des repr\u00e9sentant-e-s syndicaux-ales, mais il s&rsquo;agit aussi apparemment d&rsquo;un d\u00e9bat : rien n&#8217;emp\u00eache\u00a0 donc de s&rsquo;y rendre pour rencontrer du monde et amener une voix diff\u00e9rente, sur les enjeux aussi bien que sur &hellip; <a href=\"https:\/\/fa86.noblogs.org\/?p=9804\" class=\"more-link\">Continuer la lecture de <span class=\"screen-reader-text\">[Poitiers] Meeting intersyndical : l&rsquo;enjeu des retraites<\/span> <span class=\"meta-nav\">&rarr;<\/span><\/a><\/p>\n","protected":false},"author":2691,"featured_media":0,"comment_status":"closed","ping_status":"open","sticky":false,"template":"","format":"standard","meta":{"footnotes":""},"categories":[4],"tags":[],"class_list":["post-9804","post","type-post","status-publish","format-standard","hentry","category-se-trouver"],"_links":{"self":[{"href":"https:\/\/fa86.noblogs.org\/index.php?rest_route=\/wp\/v2\/posts\/9804","targetHints":{"allow":["GET"]}}],"collection":[{"href":"https:\/\/fa86.noblogs.org\/index.php?rest_route=\/wp\/v2\/posts"}],"about":[{"href":"https:\/\/fa86.noblogs.org\/index.php?rest_route=\/wp\/v2\/types\/post"}],"author":[{"embeddable":true,"href":"https:\/\/fa86.noblogs.org\/index.php?rest_route=\/wp\/v2\/users\/2691"}],"replies":[{"embeddable":true,"href":"https:\/\/fa86.noblogs.org\/index.php?rest_route=%2Fwp%2Fv2%2Fcomments&post=9804"}],"version-history":[{"count":1,"href":"https:\/\/fa86.noblogs.org\/index.php?rest_route=\/wp\/v2\/posts\/9804\/revisions"}],"predecessor-version":[{"id":9805,"href":"https:\/\/fa86.noblogs.org\/index.php?rest_route=\/wp\/v2\/posts\/9804\/revisions\/9805"}],"wp:attachment":[{"href":"https:\/\/fa86.noblogs.org\/index.php?rest_route=%2Fwp%2Fv2%2Fmedia&parent=9804"}],"wp:term":[{"taxonomy":"category","embeddable":true,"href":"https:\/\/fa86.noblogs.org\/index.php?rest_route=%2Fwp%2Fv2%2Fcategories&post=9804"},{"taxonomy":"post_tag","embeddable":true,"href":"https:\/\/fa86.noblogs.org\/index.php?rest_route=%2Fwp%2Fv2%2Ftags&post=9804"}],"curies":[{"name":"wp","href":"https:\/\/api.w.org\/{rel}","templated":true}]}}