{"id":9810,"date":"2013-09-24T10:53:38","date_gmt":"2013-09-24T08:53:38","guid":{"rendered":"http:\/\/fa86.noblogs.org\/?p=9810"},"modified":"2013-09-24T11:08:05","modified_gmt":"2013-09-24T09:08:05","slug":"poitiers-theatre-des-limites-de-la-democratie-representativiste","status":"publish","type":"post","link":"https:\/\/fa86.noblogs.org\/?p=9810","title":{"rendered":"[Poitiers] Th\u00e9\u00e2tre : des limites de la \u00ab\u00a0d\u00e9mocratie\u00a0\u00bb et de la contestation repr\u00e9sentativistes"},"content":{"rendered":"<p style=\"text-align: justify\"><em><strong>NdPN<\/strong> : et voil\u00e0, c&rsquo;est pli\u00e9 : le Th\u00e9\u00e2tre est vendu pour 200 euros le m\u00e8tre carr\u00e9 \u00e0 un promoteur immobilier. Avec son petit espace \u00ab\u00a0culturel\u00a0\u00bb bien s\u00fbr, histoire de ramener des \u00ab\u00a0flux\u00a0\u00bb humains vers les \u00e9tals de produits moisis qui jouxteront les expos \u00ab\u00a0artistiques\u00a0\u00bb (la petite plus-value marchande, il ne manque plus que le label architecture bio). Tout cela montre \u00e0 l&rsquo;\u00e9vidence que la d\u00e9mocratie repr\u00e9sentative n&rsquo;est qu&rsquo;une mascarade : une opposition importante \u00e0 ce projet de cession manifeste depuis des mois, mais le maire PS n&rsquo;en a cure et revient sur ses belles promesses pr\u00e9-\u00e9lectorales. Une fois de plus, rien d&rsquo;\u00e9tonnant pour nous anarchistes : dans cette \u00ab\u00a0d\u00e9mocratie\u00a0\u00bb repr\u00e9sentative de merde, les mandats ne sont pas imp\u00e9ratifs et les mandat\u00e9-e-s non r\u00e9vocables. Elles n&rsquo;ont donc aucune l\u00e9gitimit\u00e9 \u00e0 nos yeux. Mais nous sommes aussi critiques sur le fond et la forme de la contestation de cette cession. Si le conseil municipal n&rsquo;a rien de libre dans son fonctionnement, si par d\u00e9finition il ne permet pas l&rsquo;expression directe, l&rsquo;action directe et l&rsquo;organisation directe des habitant-e-s de Poitiers, alors quel sens y a-t-il \u00e0 r\u00e9clamer dans des tracts que le Th\u00e9\u00e2tre demeure en gestion municipale ? N&rsquo;est-ce pas parce que les partis de gauche engag\u00e9s dans cette lutte (parti de gauche, npa&#8230;)\u00a0 briguent eux-m\u00eames des postes \u00e0 des \u00e9lections municipales allant par essence \u00e0 l&rsquo;encontre de l&rsquo;auto-organisation des populations ? Quel sens y a-t-il \u00e0 p\u00e9titionner et \u00e0 r\u00e9clamer (voire \u00e0 exiger, attention !) quoi que ce soit \u00e0 une municipalit\u00e9 qui par d\u00e9finition fait ce quelle veut tant qu&rsquo;on se place sur le terrain d&rsquo;institutions qui la l\u00e9gitiment ? Quel sens y a-t-il \u00e0 occuper le conseil municipal baillonn\u00e9-e-s, si ce n&rsquo;est pour entretenir l&rsquo;illusion que les gens devraient avoir droit \u00e0 l&rsquo;ouvrir, dans un syst\u00e8me repr\u00e9sentatif fondamentalement oppos\u00e9 \u00e0 ce quiconque d&rsquo;autre que les \u00e9lu-e-s ne d\u00e9cide in fine\u00a0?\u00a0Quitte \u00e0 investir le conseil municipal, il fallait gueuler et bord\u00e9liser cette institution faite pour baillonner ! Il faut croire que les r\u00e9flexes du pouvoir sont pr\u00e9gnants m\u00eame chez les contestataires, pour en venir \u00e0 les voir se baillonner eux-m\u00eames&#8230;\u00a0Pour \u00ab\u00a0sauver le th\u00e9\u00e2tre\u00a0\u00bb, c&rsquo;est le Th\u00e9\u00e2tre qu&rsquo;il aurait fallu occuper et socialiser, au lieu de camper devant tous les samedis en faisant circuler une p\u00e9tition. Quant \u00e0 nous, nous ne consid\u00e9rons pas que la \u00ab\u00a0culture\u00a0\u00bb se soit jamais d\u00e9velopp\u00e9 dans ce Th\u00e9\u00e2tre plus qu&rsquo;ailleurs. La culture na\u00eet et vit de la solidarit\u00e9 et des \u00e9changes \u00e0 l&rsquo;\u0153uvre parmi les gens, sans le truchement de quelque repr\u00e9sentant que ce soit. La municipalit\u00e9 PS, en quadrillant Poitiers pour virer les Roms, harceler les \u00ab\u00a0marginaux\u00a0\u00bb et autres pauvres ind\u00e9sirables, et intimider les anti-autoritaires au moindre rassemblement, en faisant place nette partout pour la normalisation capitaliste en transformant le centre-ville en galerie marchande \u00e0 ciel ouvert, est \u00e0 l&rsquo;oppos\u00e9 de la culture telle que nous l&rsquo;entendons. Le v\u00e9ritable espace \u00e0 sauver n&rsquo;est pas tel ou tel espace \u00ab\u00a0public\u00a0\u00bb (c&rsquo;est-\u00e0-dire g\u00e9r\u00e9 par des institutions moisies), mais tout l&rsquo;espace social. Et nous ne socialiserons que ce que nous occuperons sans m\u00e9diation, par une lutte r\u00e9solue. D&rsquo;autres lieux de sociabilit\u00e9 existent \u00e0 Poitiers, bien plus culturels qu&rsquo;un cinoche, et nul n&rsquo;est besoin d&rsquo;affichage ni de j\u00e9r\u00e9miades \u00e0 des encravat\u00e9s\u00a0pour les faire vivre. A bas la \u00ab\u00a0concertation\u00a0\u00bb avec des brutes politiciennes, \u00e0 bas le spectacle, et le spectacle de la contestation.<\/em><\/p>\n<p style=\"text-align: justify\"><a href=\"http:\/\/www.lanouvellerepublique.fr\/Vienne\/Services\/Toutes-les-DMAs\/n\/Contenus\/DMAs\/2013\/09\/23\/Poitiers-le-conseil-valide-la-cession-du-theatre-1623897\" target=\"_blank\"><strong>Poitiers: le conseil valide la cession du th\u00e9\u00e2tre<\/strong><\/a><\/p>\n<p style=\"text-align: justify\">Par 37\u00a0voix pour, 9\u00a0contre et 3\u00a0abstentions, le conseil municipal de Poitiers vient de valider la cession d&rsquo;une partie de l&rsquo;ancien th\u00e9\u00e2tre \u00e0 l&rsquo;investisseur Thierry Mins\u00e9, second\u00e9 par Fran\u00e7ois Pin, architecte, et Thierry F\u00e9vrier, promoteur poitevin. Les Verts qui font toujours partie de la majorit\u00e9 ont vot\u00e9 contre. Les abstentions et les autres votes n\u00e9gatifs \u00e9manant de la droite et du NPA. Il y a eu deux heures de d\u00e9bat en pr\u00e9sence du collectif des opposants \u00e0 la vente qui se sont pr\u00e9sent\u00e9s baillonn\u00e9s pour d\u00e9noncer \u00abl&rsquo;absence de concertation\u00bb. Plus d&rsquo;information demain dans la NR.<\/p>\n<p style=\"text-align: justify\"><em>Nouvelle R\u00e9publique, 23 septembre 2013<\/em><\/p>\n<p style=\"text-align: justify\"><a href=\"http:\/\/www.lanouvellerepublique.fr\/Vienne\/Actualite\/Politique\/n\/Contenus\/Articles\/2013\/09\/24\/Sur-la-cession-du-theatre-chacun-a-joue-son-role-1624840\" target=\"_blank\"><strong>Sur la cession du th\u00e9\u00e2tre chacun a jou\u00e9 son r\u00f4le<\/strong><\/a><\/p>\n<p style=\"text-align: justify\">La d\u00e9lib\u00e9ration traitant de la vente de l\u2019ancien th\u00e9\u00e2tre a donn\u00e9 lieu \u00e0 un long d\u00e9bat tr\u00e8s politique qui a d\u00e9finitivement lanc\u00e9 la campagne des municipales.<\/p>\n<p style=\"text-align: justify\">Personne n&rsquo;en doutait. La campagne des municipales est bel et bien lanc\u00e9e. Le premier acte de la bataille de mars a vraiment eu lieu hier soir \u00e0 l&rsquo;occasion de la d\u00e9lib\u00e9ration sur la cession au priv\u00e9 de l&rsquo;ancien th\u00e9\u00e2tre. Chacun a jou\u00e9 son r\u00f4le. Maryse Desbourdes du NPA a encore fait preuve de constance dans son opposition de gauche.<i> \u00ab\u00a0La vente du th\u00e9\u00e2tre \u00e0 un promoteur est un scandale pour le patrimoine qui va conna\u00eetre une d\u00e9gradation d\u00e9finitive et un d\u00e9ni de d\u00e9mocratie face \u00e0 vos promesses de campagne 2008\u00a0et \u00e0 l&rsquo;opposition massive \u00e0 la cession.\u00a0\u00bb<\/i><\/p>\n<p style=\"text-align: justify\"><b>La cerise sur le g\u00e2teau de C\u0153ur d&rsquo;agglo<\/b><\/p>\n<p style=\"text-align: justify\">De l&rsquo;autre c\u00f4t\u00e9 de l&rsquo;\u00e9chiquier, la droite et le centre apparurent divis\u00e9s. St\u00e9phane Braconnier, qui ne se repr\u00e9sentera pas<i>,<\/i> est rest\u00e9 fid\u00e8le \u00e0 ses id\u00e9es, lib\u00e9rales.<i> \u00ab\u00a0Sur le fond, nous avons toujours estim\u00e9 que l&rsquo;avenir du Th\u00e9\u00e2tre ne pouvait r\u00e9sider dans une op\u00e9ration r\u00e9sultant d&rsquo;un partenariat entre la collectivit\u00e9 publique et le secteur priv\u00e9. Le sch\u00e9ma g\u00e9n\u00e9ral qui a \u00e9t\u00e9 retenu nous convient donc. Mais nous regrettons votre manque d&rsquo;effort en mati\u00e8re de p\u00e9dagogie et de transparence. A titre personnel, je m&rsquo;abstiendrai.\u00a0\u00bb <\/i>Au contraire des membres de son groupe UMP-UDI Serge Rouquette et Isabelle Ch\u00e9daneau <i>(\u00ab\u00a0vous \u00e9tiez engag\u00e9 \u00e0 une large concertation et on peut dire qu&rsquo;elle fut quasi inexistante\u00a0\u00bb<\/i>) qui ont vot\u00e9 contre. Les deux sont dans l&rsquo;\u00e9quipe du candidat de l&rsquo;UDI Eric Duboc. N\u00e9 de l&rsquo;\u00e9clatement des amis de Philippe Mahou (MoDem), le groupe Ind\u00e9pendants et D\u00e9mocrates a fait entendre deux sons de voix diff\u00e9rents. Martine Jammet (<i>\u00ab\u00a0sur le principe nous sommes d&rsquo;accord\u00a0\u00bb<\/i>) et Fran\u00e7oise Colleau, engag\u00e9es avec Eric Duboc, se sont abstenues. Au contraire de Maxime Huille dont la charge fut virulente.<i> \u00ab\u00a0La cession directe que nous allons voter oblit\u00e8re les finances de la Ville par un manque \u00e0 gagner et spolie les Poitevins.\u00a0\u00bb<\/i> Maxime Huille doit rejoindre la liste EELV de Christiane Fraysse. Toujours dans la majorit\u00e9, l&rsquo;adjointe verte a vu rouge elle aussi.<i> \u00ab\u00a0Non, Monsieur le Maire, cela n&rsquo;est pas acceptable.\u00a0\u00bb<\/i> Candidat \u00e0 sa succession, Alain Claeys a pu compter sur ses amis socialistes.<i> \u00ab\u00a0La gauche municipale n&rsquo;a pas de le\u00e7on de gauche \u00e0 recevoir dans cette affaire\u00a0\u00bb<\/i>, s&rsquo;est emport\u00e9 Aur\u00e9lien Tricot (PS). Eliane Rousseau (divers gauche) et le communiste Patrick Coronas ont marqu\u00e9 un soutien appuy\u00e9 au projet. L&rsquo;\u00e9lu PCF s&rsquo;est prononc\u00e9 pour la cession en ces termes.<i> \u00ab\u00a0Nous devons faire des choix responsables. Nous consid\u00e9rons que conserver le th\u00e9\u00e2tre, le r\u00e9nover et le faire fonctionner [\u2026] ne pourrait se faire qu&rsquo;au d\u00e9triment d&rsquo;autres budgets et d&rsquo;autres actions culturelles.\u00a0\u00bb<\/i> La palme de l&rsquo;humour et du verbe revint \u00e0 l&rsquo;\u00e9cologiste <i>\u00ab\u00a0non align\u00e9\u00a0\u00bb- <\/i>selon se propres termes\u00a0&#8211; Georges Stupar<i>. \u00ab\u00a0Apr\u00e8s la pr\u00e9sentation du projet, j&rsquo;\u00e9prouve le besoin de vous transmettre l&rsquo;enthousiasme citoyen qui est n\u00e9 en moi. Ce projet de r\u00e9novation architecturale c&rsquo;est la cerise sur le g\u00e2teau de C\u0153ur d&rsquo;agglo.\u00a0\u00bb<\/i> Alain Claeys reprit le premier r\u00f4le pour jouer la derni\u00e8re sc\u00e8ne sans suspense\u2009: 9\u00a0contre, 5\u00a0abstentions, 37\u00a0pour. Rideau.<\/p>\n<p style=\"text-align: justify\"><em>Lo\u00efc Lejay, Nouvelle R\u00e9publique, 24 septembre 2013<\/em><\/p>\n<p style=\"text-align: justify\"><a href=\"http:\/\/www.lanouvellerepublique.fr\/Vienne\/Actualite\/Politique\/n\/Contenus\/Articles\/2013\/09\/24\/Ancien-theatre-le-projet-raconte-par-l-architecte-1624805\" target=\"_blank\"><strong>Ancien th\u00e9\u00e2tre : le projet racont\u00e9 par l&rsquo;architecte<\/strong><\/a><\/p>\n<p style=\"text-align: justify\">\u201c\u2009J\u2019ai beaucoup h\u00e9sit\u00e9\u2009\u201d, reconna\u00eet Fran\u00e7ois Pin, l\u2019architecte qui dessine ce que sera dans deux ans le b\u00e2timent de l\u2019ancien th\u00e9\u00e2tre. Rencontre.<\/p>\n<p style=\"text-align: justify\"><i>A<\/i><i>\u00a0quoi ce b\u00e2timent peut-il servir d&rsquo;autre qu&rsquo;une salle de cin\u00e9ma, ce qu&rsquo;il \u00e9tait devenu au fil des ann\u00e9es\u2009? <\/i>C&rsquo;est la question que s&rsquo;est pos\u00e9e Fran\u00e7ois Pin, l&rsquo;architecte qui accompagne Thierry Mins\u00e9 et Thierry F\u00e9vrier, les investisseurs retenus hier soir par le conseil municipal pour r\u00e9habiliter l&rsquo;ancien th\u00e9\u00e2tre (NR de jeudi dernier). En y am\u00e9nageant une salle d&rsquo;arts visuels\u00a0&#8211; publique\u00a0&#8211; au milieu de commerces, de bureaux et de logements.<\/p>\n<p style=\"text-align: justify\">\u00a0<b>\u00ab\u00a0\u2009Des esquisses \u00e0 affiner\u2009\u00a0\u00bb<\/b><\/p>\n<p style=\"text-align: justify\">Fran\u00e7ois Pin\u2009: \u00ab\u00a0<i>J&rsquo;ai beaucoup h\u00e9sit\u00e9. Au prix de quelles modifications peut-on lui donner une nouvelle vie\u2009? Ce qui m&rsquo;int\u00e9resse c&rsquo;est la formulation du programme qui articule un espace public culturel \u00e0 des espaces commerciaux. On articule deux \u00e9l\u00e9ments qu&rsquo;habituellement on prend grand soin de s\u00e9parer. Le public qui viendra dans les commerces ira d\u00e9couvrir les expos. On peut amener \u00e0 l&rsquo;art contemporain des gens qui n&rsquo;iraient pas forc\u00e9ment voir des tableaux.\u00a0\u00bb<\/i> L&rsquo;appel \u00e0 candidatures lanc\u00e9 par la Ville de Poitiers avait re\u00e7u deux r\u00e9ponses. <i>\u00ab\u00a0L&rsquo;une d&rsquo;elles ne r\u00e9pondait pas au cahier des charges que nous avions \u00e9dict\u00e9. L&rsquo;autre est en totale conformit\u00e9 avec ce que nous recherchons\u00a0\u00bb<\/i>, a indiqu\u00e9 hier Alain Claeys, lors d&rsquo;un d\u00e9jeuner de presse qui pr\u00e9c\u00e9dait la r\u00e9union du conseil municipal. Fran\u00e7ois Pin a d\u00e9clin\u00e9 son projet \u00ab\u00a0<i>avanc\u00e9, mais pas ficel\u00e9. Il ne s&rsquo;agit que d&rsquo;esquisses qui n\u00e9cessitent d&rsquo;\u00eatre affin\u00e9es.\u00a0\u00bb <\/i>La future salle d&rsquo;arts visuels s&rsquo;ins\u00e9rera dans l&rsquo;actuelle salle du th\u00e9\u00e2tre dont la hauteur sous plafond sera ramen\u00e9e \u00e0 3,50\u00a0m. L&rsquo;acc\u00e8s \u00e0 cette salle de 350\u00a0m<sup>2<\/sup> (500\u00a0m<sup>2<\/sup> avec les r\u00e9serves) se fera par le grand hall et l&rsquo;escalier qui descend aujourd&rsquo;hui \u00e0 la grande salle du th\u00e9\u00e2tre. Un acc\u00e8s handicap\u00e9s sera ouvert depuis l&rsquo;ext\u00e9rieur, \u00e0 droite des marches ouvrant sur la place Leclerc. Dans le grand hall toujours, les caisses actuelles dispara\u00eetront au profit d&rsquo;un espace qui desservira commerces, bureaux et logements. Combien d&rsquo;\u00e9tages\u2009? <i>\u00ab\u00a0On reste dans le volume actuel du b\u00e2timent, <\/i>a indiqu\u00e9 Thierry Mins\u00e9 aux journalistes. <i>Volume qui nous permet d&rsquo;ajouter un \u00e9tage pour installer des logements de haut de gamme.\u00a0\u00bb<\/i> Combien de commerces et de bureaux. L&rsquo;investisseur\u2009: <i>\u00ab\u00a0Nous sommes en discussions avec les commer\u00e7ants de Poitiers.\u00a0\u00bb<\/i><\/p>\n<p style=\"text-align: justify\">billet<\/p>\n<p style=\"text-align: justify\"><b>Cr\u00e9er des flux<\/b><\/p>\n<p style=\"text-align: justify\">Le mot revient r\u00e9guli\u00e8rement \u00e0 la bouche des \u00e9lus comme du promoteur, Thierry Mins\u00e9, et de l&rsquo;architecte, Fran\u00e7ois Pin <i>\u00ab\u00a0La r\u00e9habilitation de l&rsquo;ancien th\u00e9\u00e2tre en immeuble de commerces, de bureaux et de logements a pour ambition de cr\u00e9er des flux.\u00a0\u00bb <\/i>En d&rsquo;autres termes\u2009: de faire venir du monde en centre-ville. En \u00e9tant <i>\u00ab\u00a0financi\u00e8rement supportable\u00a0\u00bb<\/i> par la Ville, tout en pr\u00e9servant l&rsquo;offre culturelle et le patrimoine. C&rsquo;est \u00e0 ces exigences que le projet valid\u00e9 hier par le conseil veut r\u00e9pondre. Mani\u00e8re de marier culture et commerce. Les Poitevins trancheront \u00e0 la fin du chantier\u2026 dans deux ans.<\/p>\n<p style=\"text-align: justify\">le chiffre<\/p>\n<p style=\"text-align: justify\"><b>510.000<\/b><\/p>\n<p style=\"text-align: justify\"><b>C&rsquo;est le prix de cession de l&rsquo;ancien th\u00e9\u00e2tre<\/b> \u00e0 Thierry Mins\u00e9 et \u00e0 Thierry F\u00e9vrier. Bernard Cornu, adjoint \u00e0 l&rsquo;urbanisme\u2009: <i>\u00ab\u00a0France Domaines avait estim\u00e9 la partie que nous c\u00e9dons \u00e0 435.000\u2009\u20ac. L&rsquo;acqu\u00e9reur a propos\u00e9 510.000\u2009\u20ac. A ceux qui trouvent que ce n&rsquo;est pas cher, je r\u00e9ponds qu&rsquo;apr\u00e8s avoir achet\u00e9 un tel volume, les investisseurs devront r\u00e9nover l&rsquo;enceinte de la salle principale pour y am\u00e9nager la salle d&rsquo;arts visuels. Un investissement de 500.000\u2009\u20ac.\u00a0\u00bb<\/i> Sans parler des sommes \u00e0 engager pour cr\u00e9er commerces, bureaux et logements. En contrepartie, les investisseurs deviennent propri\u00e9taires des murs des trois commerces actuels, de plain-pied sur la rue. Jusqu&rsquo;\u00e0 hier, ils appartenaient \u00e0 la ville. Apr\u00e8s le d\u00e9p\u00f4t de la demande de permis en fin d&rsquo;ann\u00e9e, les travaux sont annonc\u00e9s pour durer dix-huit mois. L&rsquo;ouverture se ferait concomitamment avec celle du Printemps.<\/p>\n<p style=\"text-align: justify\">le projet<\/p>\n<p style=\"text-align: justify\"><b>Ce que sera la salle d&rsquo;arts visuels<\/b><\/p>\n<p style=\"text-align: justify\">Anne G\u00e9rard, adjointe au maire en charge de la culture, a d\u00e9clin\u00e9 les cinq th\u00e8mes autour desquels s&rsquo;articulera la future salle d&rsquo;arts visuels\u2009: un lieu connect\u00e9 aux autres lieux culturels (Confort, TAP, maisons de quartier\u2026), un lieu ouvert sur la ville, un lieu de m\u00e9diation, un lieu d&rsquo;exp\u00e9rimentation et un lieu d&rsquo;exposition.<\/p>\n<p style=\"text-align: justify\"><em>Jean-Jacques Boissonneau, Nouvelle R\u00e9publique, 24 septembre 2013<\/em><\/p>\n<p style=\"text-align: justify\"><a href=\"http:\/\/www.lanouvellerepublique.fr\/Vienne\/Actualite\/Politique\/n\/Contenus\/Articles\/2013\/09\/24\/Les-gros-sous-se-diluent-dans-l-art-1624022\" target=\"_blank\"><strong>\u00a0\u00bb Les gros sous se diluent dans l&rsquo;art \u00ab\u00a0<\/strong><\/a><\/p>\n<p style=\"text-align: justify\">Ils sont venus, ils ne sont pas tous l\u00e0. Une bonne cinquantaine de personnes a r\u00e9pondu \u00e0 l&rsquo;appel du collectif de d\u00e9fense du th\u00e9\u00e2tre \u00e0 manifester lors du conseil hier soir. Avant la s\u00e9ance sur le parvis, on a chant\u00e9 sur un air de Gainsbourg\u2009: <i>\u00ab\u00a0Les gros sous se diluent dans l&rsquo;art, c&rsquo;est que d\u00e9fend Ann&rsquo; G\u00e9rard (*)\u2026 Le th\u00e9\u00e2tr&rsquo; ne vaut pas une messe, c&rsquo;est ce que pr\u00e9tend Alain Claeys.\u00a0\u00bb<\/i><\/p>\n<p style=\"text-align: justify\"><b>\u00ab\u00a0\u2009La d\u00e9lib\u00e9ration de la honte\u2009\u00a0\u00bb<\/b><\/p>\n<p style=\"text-align: justify\">Puis on est rentr\u00e9 symboliquement b\u00e2illonn\u00e9 dans la salle avec quelques pancartes explicites\u00a0&#8211; <i>\u00ab\u00a0quand la politique devient du th\u00e9\u00e2tre\u00a0\u00bb- <\/i>pour exprimer une sourde col\u00e8re. Le collectif a symboliquement stigmatis\u00e9 <i>\u00ab\u00a0la d\u00e9lib\u00e9ration de la honte\u00a0\u00bb <\/i>de quintes de toux marqu\u00e9es lors de l&rsquo;expos\u00e9 de l&rsquo;adjoint Robert Cornu. Le propos de Maryse Desbourdes, membre du NPA, eut droit \u00e0 des applaudissements nourris. L&rsquo;adjoint \u00e9cologiste Robert Rochaud s&rsquo;offrit lui aussi un petit triomphe quand, apr\u00e8s s&rsquo;\u00eatre \u00e9mu de ne pas avoir \u00e9t\u00e9 invit\u00e9 aux derni\u00e8res r\u00e9unions du comit\u00e9 de pilotage du dossier, il lan\u00e7a \u00e0 Alain Claeys\u2009:<i> \u00ab\u00a0dans ce dossier \u00e9pineux Monsieur le maire, je m&rsquo;interroge sur ce que vous avez \u00e0 cacher.\u00a0\u00bb <\/i> A l&rsquo;heure du vote tr\u00e8s majoritairement et d\u00e9finitivement en faveur de la cession, le petit monde du collectif quitta amer la sc\u00e8ne. Tout en promettant d&rsquo;y revenir d\u00e8s que possible. Par les coulisses si besoin\u2026<\/p>\n<p style=\"text-align: justify\"><i>(*) Anne G\u00e9rard est adjointe au maire en charge de la culture.<\/i><\/p>\n<p style=\"text-align: justify\"><em>L.L., Nouvelle R\u00e9publique, 24 septembre 2013<\/em><\/p>\n","protected":false},"excerpt":{"rendered":"<p>NdPN : et voil\u00e0, c&rsquo;est pli\u00e9 : le Th\u00e9\u00e2tre est vendu pour 200 euros le m\u00e8tre carr\u00e9 \u00e0 un promoteur immobilier. Avec son petit espace \u00ab\u00a0culturel\u00a0\u00bb bien s\u00fbr, histoire de ramener des \u00ab\u00a0flux\u00a0\u00bb humains vers les \u00e9tals de produits moisis qui jouxteront les expos \u00ab\u00a0artistiques\u00a0\u00bb (la petite plus-value marchande, il ne manque plus que le &hellip; <a href=\"https:\/\/fa86.noblogs.org\/?p=9810\" class=\"more-link\">Continuer la lecture de <span class=\"screen-reader-text\">[Poitiers] Th\u00e9\u00e2tre : des limites de la \u00ab\u00a0d\u00e9mocratie\u00a0\u00bb et de la contestation repr\u00e9sentativistes<\/span> <span class=\"meta-nav\">&rarr;<\/span><\/a><\/p>\n","protected":false},"author":2691,"featured_media":0,"comment_status":"closed","ping_status":"open","sticky":false,"template":"","format":"standard","meta":{"footnotes":""},"categories":[26,8,17,9,7],"tags":[],"class_list":["post-9810","post","type-post","status-publish","format-standard","hentry","category-construction-du-desert","category-ecrits","category-education-populaire","category-la-rue-grogne","category-propagande-marchande"],"_links":{"self":[{"href":"https:\/\/fa86.noblogs.org\/index.php?rest_route=\/wp\/v2\/posts\/9810","targetHints":{"allow":["GET"]}}],"collection":[{"href":"https:\/\/fa86.noblogs.org\/index.php?rest_route=\/wp\/v2\/posts"}],"about":[{"href":"https:\/\/fa86.noblogs.org\/index.php?rest_route=\/wp\/v2\/types\/post"}],"author":[{"embeddable":true,"href":"https:\/\/fa86.noblogs.org\/index.php?rest_route=\/wp\/v2\/users\/2691"}],"replies":[{"embeddable":true,"href":"https:\/\/fa86.noblogs.org\/index.php?rest_route=%2Fwp%2Fv2%2Fcomments&post=9810"}],"version-history":[{"count":10,"href":"https:\/\/fa86.noblogs.org\/index.php?rest_route=\/wp\/v2\/posts\/9810\/revisions"}],"predecessor-version":[{"id":9812,"href":"https:\/\/fa86.noblogs.org\/index.php?rest_route=\/wp\/v2\/posts\/9810\/revisions\/9812"}],"wp:attachment":[{"href":"https:\/\/fa86.noblogs.org\/index.php?rest_route=%2Fwp%2Fv2%2Fmedia&parent=9810"}],"wp:term":[{"taxonomy":"category","embeddable":true,"href":"https:\/\/fa86.noblogs.org\/index.php?rest_route=%2Fwp%2Fv2%2Fcategories&post=9810"},{"taxonomy":"post_tag","embeddable":true,"href":"https:\/\/fa86.noblogs.org\/index.php?rest_route=%2Fwp%2Fv2%2Ftags&post=9810"}],"curies":[{"name":"wp","href":"https:\/\/api.w.org\/{rel}","templated":true}]}}