{"id":9821,"date":"2013-09-25T08:19:26","date_gmt":"2013-09-25T06:19:26","guid":{"rendered":"http:\/\/fa86.noblogs.org\/?p=9821"},"modified":"2013-09-25T08:20:12","modified_gmt":"2013-09-25T06:20:12","slug":"feminism-attack-le-feminisme-anarchiste-en-tunisie","status":"publish","type":"post","link":"https:\/\/fa86.noblogs.org\/?p=9821","title":{"rendered":"Feminism Attack ! Le f\u00e9minisme anarchiste en Tunisie"},"content":{"rendered":"<p style=\"text-align: justify\"><a href=\"http:\/\/www.monde-libertaire.fr\/antisexisme\/16593-feminism-attack-le-feminisme-anarchiste-en-tunisie\" target=\"_blank\"><strong>Feminism Attack ! Le f\u00e9minisme anarchiste en Tunisie<\/strong><\/a><\/p>\n<p style=\"text-align: justify\">La Tunisie, forte d\u2019un mouvement f\u00e9ministe de plus de cent ans, est fr\u00e9quemment consid\u00e9r\u00e9e comme le pays du monde musulman le plus en avanc\u00e9 en mati\u00e8re de droits des femmes. Depuis 1957, le Code du statut personnel reconna\u00eet des droits aux femmes tels que l\u2019avortement, la contraception ou encore le droit \u00e0 l\u2019\u00e9ducation. Bien que les mouvements f\u00e9ministes tunisiens aient permis ces avanc\u00e9es, la condition des femmes, comme dans beaucoup d\u2019endroits sur la plan\u00e8te, est encore loin de correspondre \u00e0 l\u2019id\u00e9e que s\u2019en font les anarchistes. Rien de nouveau sous le soleil de la domination masculine\u00a0: les femmes sont toujours consid\u00e9r\u00e9es comme des m\u00e8res et des \u00e9pouses avant d\u2019\u00eatre des citoyennes. Apr\u00e8s quelques jours pass\u00e9s en Tunisie, il est ais\u00e9 de constater combien le jugement des autres et la crainte de compromettre une r\u00e9putation peuvent freiner l\u2019engagement et le militantisme des femmes. Il existe actuellement au moins trois collectifs f\u00e9ministes en Tunisie\u00a0: Les Femmes d\u00e9mocrates, groupe constitu\u00e9 de bourgeoises qui se r\u00e9unissent sans but politique ni revendicateur, les Femens, reconnues en Tunisie pour leur lutte. (Leurs actions ne font cependant pas l\u2019unanimit\u00e9.) et Feminism Attack, un mouvement collectif autogestionnaire et autofinanc\u00e9, dont les membres ont une moyenne d\u2019\u00e2ge d\u2019environ 20 ans. Il vise, inspir\u00e9 par des id\u00e9es anarchistes, \u00e0 trouver des solutions radicales aux probl\u00e8mes sociaux et politiques, ainsi qu\u2019aux dangers qui menacent la position des femmes au sein de la soci\u00e9t\u00e9.<br \/>\nLe mouvement a pour but d\u2019\u00e9tablir une culture autogestionnaire et croit en l\u2019obligation de la r\u00e9volte des femmes contre toute sorte d\u2019exploitation.<br \/>\nIl remet en cause l\u2019ensemble des aspects de la condition f\u00e9minine au sein de la soci\u00e9t\u00e9 patriarcale\u00a0: abolition des st\u00e9r\u00e9otypes bas\u00e9s sur le sexe, abolition de la d\u00e9shumanisation et de l\u2019objectivation des femmes, \u00e9limination compl\u00e8te de la violence dirig\u00e9e contre les femmes (viols, violences conjugales, mutilations g\u00e9nitales, st\u00e9rilisations forc\u00e9es, attentats \u00e0 la pudeur, harc\u00e8lements sexuels).<br \/>\nNous avons rencontr\u00e9 Aika et les membres de Feminism Attack, avec qui nous avons r\u00e9alis\u00e9 cet entretien.<\/p>\n<p style=\"text-align: justify\"><a href=\"https:\/\/fa86.noblogs.org\/files\/2013\/09\/1715FeminismAttack.jpg\"><img loading=\"lazy\" decoding=\"async\" class=\"alignnone size-full wp-image-9822\" alt=\"1715FeminismAttack\" src=\"https:\/\/fa86.noblogs.org\/files\/2013\/09\/1715FeminismAttack.jpg\" width=\"600\" height=\"222\" srcset=\"https:\/\/fa86.noblogs.org\/files\/2013\/09\/1715FeminismAttack.jpg 600w, https:\/\/fa86.noblogs.org\/files\/2013\/09\/1715FeminismAttack-300x111.jpg 300w\" sizes=\"auto, (max-width: 600px) 100vw, 600px\" \/><\/a><\/p>\n<p style=\"text-align: justify\">Nath &amp; Chris : O\u00f9 se situe Feminism Attack et quelles sont vos tendances politiques\u00a0?<\/p>\n<p style=\"text-align: justify\">Feminism Attack : Nous sommes, pour le moment, situ\u00e9es \u00e0 Tunis, la coloration politique est assez mitig\u00e9e.<\/p>\n<p style=\"text-align: justify\">N.\u00a0&amp; C.\u00a0: Pouvez-vous nous dire comment, quand et pourquoi est n\u00e9 votre groupe\u00a0?<\/p>\n<p style=\"text-align: justify\">F.\u00a0A. : Nous \u00e9tions un groupe de femmes partageant plusieurs id\u00e9es et nous en sommes venues \u00e0 mener les m\u00eames actions, mais \u00e0 titre individuel\u00a0: d\u2019o\u00f9 l\u2019envie de fonder le mouvement, fin 2011. Cette d\u00e9cision a \u00e9t\u00e9 prise suite \u00e0 notre prise de conscience de la condition de la femme en Tunisie, qui est, contrairement aux apparences, \u00e0 la limite de l\u2019acceptable. D\u2019autant plus que les pr\u00e9tendus acquis se sont vus menac\u00e9s par l\u2019ascension au pouvoir du parti islamiste. Et puis, les mouvements pr\u00e9tendus f\u00e9ministes qui existent d\u00e9j\u00e0 n\u2019ont pas vraiment servi la cause que nous pr\u00f4nons, ils ne repr\u00e9sentent pas la vraie femme tunisienne, mais plut\u00f4t une image pseudo-bourgeoise au service d\u2019un syst\u00e8me.<\/p>\n<p style=\"text-align: justify\">N.\u00a0&amp; C.\u00a0: Qui sont les militants de Feminism Attack ?<\/p>\n<p style=\"text-align: justify\">F.\u00a0A. : Nous sommes encore un petit groupe d\u2019\u00e9l\u00e8ves et d\u2019\u00e9tudiantes, nous appartenons \u00e0 la classe moyenne. La tranche d\u2019\u00e2ge est comprise entre 18 et 24 ans. Nous n\u2019avons pas encore recrut\u00e9 de militants de sexe masculin, bien que nous n\u2019y voyions aucun probl\u00e8me.<\/p>\n<p style=\"text-align: justify\">N.\u00a0&amp; C.\u00a0: En quoi consiste votre militantisme et quelles sont les actions privil\u00e9gi\u00e9es\u00a0?<\/p>\n<p style=\"text-align: justify\">F.\u00a0A. : Pour le moment, nous n\u2019avons pas r\u00e9ellement d\u2019actions privil\u00e9gi\u00e9es, on fait un peu de tout, bien que nous fassions en majorit\u00e9 des bombages, mais c\u2019est plus par manque de moyens et d\u2019opportunit\u00e9s qu\u2019autre chose. Nous comptons, bien \u00e9videmment, \u00e9largir notre terrain d\u2019action et nos mani\u00e8res de faire dans un futur proche.<\/p>\n<p style=\"text-align: justify\">N.\u00a0&amp; C.\u00a0: Comment vous organisez-vous, \u00e0 quelle fr\u00e9quence vous voyez-vous, de quels mat\u00e9riel et moyens de communication disposez-vous\u00a0?<\/p>\n<p style=\"text-align: justify\">F.\u00a0A. : On s\u2019organise autour d\u2019assembl\u00e9es g\u00e9n\u00e9rales dans lesquelles toutes les d\u00e9cisions du groupe sont prises. Les fr\u00e9quences d\u00e9pendent de la n\u00e9cessit\u00e9 du moment. On n\u2019a pas encore de local fixe, on se r\u00e9unit dans des caf\u00e9s ou des espaces publics\u2026, ce qui n\u2019est pas tr\u00e8s pratique dans la mesure o\u00f9 nous avons d\u00e9j\u00e0 subi la pression polici\u00e8re, et m\u00eame \u00e9t\u00e9 contr\u00f4l\u00e9es par des civils. Pour le moment, on n\u2019a pas de mat\u00e9riel, c\u2019est pour cela que nos actions sont assez limit\u00e9es dans la mesure o\u00f9 nous nous autofinan\u00e7ons, et ce avec notre seul argent de poche. On communique avec tous les moyens \u00e0 notre port\u00e9e (Facebook, t\u00e9l\u00e9phone).<\/p>\n<p style=\"text-align: justify\">N.\u00a0&amp; C.\u00a0: Quels sont les diff\u00e9rents groupes f\u00e9ministes en Tunisie ? Vos rapports avec eux ? Que pensez-vous des Femen\u00a0?<\/p>\n<p style=\"text-align: justify\">F.\u00a0A. : Le plus connu est l\u2019association Femmes d\u00e9mocrates tunisiennes, il y en a d\u2019autres, mais qui ne sont ni tr\u00e8s connus ni tr\u00e8s pr\u00e9sents sur la sc\u00e8ne politique. On n\u2019a pas vraiment de rapports avec eux, \u00e9tant donn\u00e9 qu\u2019on ne se retrouve pas sur les m\u00eames principes, et nos m\u00e9thodes de travail sont diff\u00e9rentes. Sinon, nous avons d\u00e9j\u00e0 exprim\u00e9 notre position vis-\u00e0-vis de Femen, nous avons m\u00eame publi\u00e9 un article d\u00e9taill\u00e9 sur notre page Facebook.<\/p>\n<p style=\"text-align: justify\">N.\u00a0&amp; C.\u00a0: L\u2019action politique de Feminism Attack en Tunisie peut-elle s\u2019allier \u00e0 d\u2019autres mouvements\u00a0? Lesquels et sous quelle forme\u00a0?<\/p>\n<p style=\"text-align: justify\">F.\u00a0A. : On est assez proches des mouvements Blech 7ess, D\u00e9sob\u00e9issance et Alerta (NDLR : Vegan\/Green Anarchism). On organise des actions ensemble : des \u00e9v\u00e9nements culturels, des projections de films, des concerts, etc.<\/p>\n<p style=\"text-align: justify\">N.\u00a0&amp; C.\u00a0: En ce qui concerne les derniers soul\u00e8vements populaires en Tunisie, et encore aujourd\u2019hui, dans quelle dynamique vous inscrivez-vous\u00a0?<\/p>\n<p style=\"text-align: justify\">F.\u00a0A. : On s\u2019inscrit dans tout soul\u00e8vement populaire qui sert la cause du peuple, qui est contre le syst\u00e8me et qui, surtout, n\u2019est pas organis\u00e9 par des partis politiques, qui ne servent pas que leur propre cause et qui ne visent pas le pouvoir.<\/p>\n<p style=\"text-align: justify\">N.\u00a0&amp; C.\u00a0: Comment les initiatives de Feminism Attack sont-elles per\u00e7ues par les Tunisiens et par les autres militants r\u00e9volutionnaires\u00a0?<\/p>\n<p style=\"text-align: justify\">F.\u00a0A. : Nos actions n\u2019ont pas un grand \u00e9cho populaire : en g\u00e9n\u00e9ral, les Tunisiens se limitent \u00e0 l\u2019information toute pr\u00eate livr\u00e9e par les m\u00e9dias, et hormis apr\u00e8s une ou deux arrestations suivies d\u2019articles b\u00e2cl\u00e9s et d\u00e9sinformateurs, nous n\u2019avons pas re\u00e7u une r\u00e9elle couverture m\u00e9diatique. On ne s\u2019en plaint pas r\u00e9ellement \u00e9tant donn\u00e9 que notre but n\u2019est pas de faire la une ni de courir apr\u00e8s la gloire.<\/p>\n<p style=\"text-align: justify\">N.\u00a0&amp; C.\u00a0: Quelles sont les contraintes qui p\u00e8sent le plus sur les militants de Feminism Attack\u00a0?<\/p>\n<p style=\"text-align: justify\">F.\u00a0A. : Le syst\u00e8me et la police, g\u00e9n\u00e9ralement.<\/p>\n<p style=\"text-align: justify\">N.\u00a0&amp; C.\u00a0: Les villes sont-elles, d\u2019apr\u00e8s vous, davantage propices aux actions f\u00e9ministes\u00a0?<\/p>\n<p style=\"text-align: justify\">F.\u00a0A. : En ville, le travail est plus facile, car il y a une certaine prise de conscience du peuple, les gens y sont plus ouverts et la femme y est plus \u00e9mancip\u00e9e, contrairement \u00e0 la campagne o\u00f9, parfois, les gens sont litt\u00e9ralement coup\u00e9s du monde. Par contre, nous envisageons de travailler dans les milieux ruraux d\u00e8s que nous en aurons la possibilit\u00e9, nous avons d\u2019ailleurs plusieurs projets \u00e0 ce sujet.<\/p>\n<p style=\"text-align: justify\">N.\u00a0&amp; C.\u00a0: Comment l\u2019action r\u00e9pressive s\u2019exerce-t-elle sur les anarchistes f\u00e9ministes\u00a0? Y a-t-il des pr\u00e9cautions \u00e0 prendre\u00a0?<\/p>\n<p style=\"text-align: justify\">F.\u00a0A. : Les dangers sont \u00e0 peu pr\u00e8s les m\u00eames pour toute personne qui va \u00ab\u00a0contre le courant\u00a0\u00bb\u00a0: bombes lacrymog\u00e8nes, matraques, violences polici\u00e8res, interpellations, emprisonnements, menaces,\u00a0etc. Nous n\u2019avons pris aucune r\u00e9elle pr\u00e9caution parce que cela nous limiterait \u00e9norm\u00e9ment sur le plan des actions.<\/p>\n<p style=\"text-align: justify\">N.\u00a0&amp; C.\u00a0: En dehors des forces r\u00e9pressives classiques, quels sont vos adversaires ou ennemis politiques les plus redoutables\u00a0?<\/p>\n<p style=\"text-align: justify\">F.\u00a0A. : Les partis politiques extr\u00eames, qui sont tous au service du m\u00eame syst\u00e8me, directement ou indirectement.<\/p>\n<p style=\"text-align: justify\">N.\u00a0&amp; C.\u00a0: Pour conclure, quelles sont vos perspectives ?<\/p>\n<p style=\"text-align: justify\">F.\u00a0A. : Nous esp\u00e9rons combattre pour notre cause encore tr\u00e8s longtemps et, surtout, que nos combats soient fructueux et qu\u2019ils servent cette lutte, qu\u2019on puisse aboutir \u00e0 un r\u00e9el changement et participer \u00e0 une certaine prise de conscience du peuple.<\/p>\n<p style=\"text-align: justify\"><em>Le Monde Libertaire n\u00b0 1715<\/em><\/p>\n","protected":false},"excerpt":{"rendered":"<p>Feminism Attack ! Le f\u00e9minisme anarchiste en Tunisie La Tunisie, forte d\u2019un mouvement f\u00e9ministe de plus de cent ans, est fr\u00e9quemment consid\u00e9r\u00e9e comme le pays du monde musulman le plus en avanc\u00e9 en mati\u00e8re de droits des femmes. Depuis 1957, le Code du statut personnel reconna\u00eet des droits aux femmes tels que l\u2019avortement, la contraception &hellip; <a href=\"https:\/\/fa86.noblogs.org\/?p=9821\" class=\"more-link\">Continuer la lecture de <span class=\"screen-reader-text\">Feminism Attack ! Le f\u00e9minisme anarchiste en Tunisie<\/span> <span class=\"meta-nav\">&rarr;<\/span><\/a><\/p>\n","protected":false},"author":2691,"featured_media":0,"comment_status":"closed","ping_status":"open","sticky":false,"template":"","format":"standard","meta":{"footnotes":""},"categories":[11,14],"tags":[],"class_list":["post-9821","post","type-post","status-publish","format-standard","hentry","category-ni-patrie-ni-frontiere","category-questions-de-genres"],"_links":{"self":[{"href":"https:\/\/fa86.noblogs.org\/index.php?rest_route=\/wp\/v2\/posts\/9821","targetHints":{"allow":["GET"]}}],"collection":[{"href":"https:\/\/fa86.noblogs.org\/index.php?rest_route=\/wp\/v2\/posts"}],"about":[{"href":"https:\/\/fa86.noblogs.org\/index.php?rest_route=\/wp\/v2\/types\/post"}],"author":[{"embeddable":true,"href":"https:\/\/fa86.noblogs.org\/index.php?rest_route=\/wp\/v2\/users\/2691"}],"replies":[{"embeddable":true,"href":"https:\/\/fa86.noblogs.org\/index.php?rest_route=%2Fwp%2Fv2%2Fcomments&post=9821"}],"version-history":[{"count":3,"href":"https:\/\/fa86.noblogs.org\/index.php?rest_route=\/wp\/v2\/posts\/9821\/revisions"}],"predecessor-version":[{"id":9825,"href":"https:\/\/fa86.noblogs.org\/index.php?rest_route=\/wp\/v2\/posts\/9821\/revisions\/9825"}],"wp:attachment":[{"href":"https:\/\/fa86.noblogs.org\/index.php?rest_route=%2Fwp%2Fv2%2Fmedia&parent=9821"}],"wp:term":[{"taxonomy":"category","embeddable":true,"href":"https:\/\/fa86.noblogs.org\/index.php?rest_route=%2Fwp%2Fv2%2Fcategories&post=9821"},{"taxonomy":"post_tag","embeddable":true,"href":"https:\/\/fa86.noblogs.org\/index.php?rest_route=%2Fwp%2Fv2%2Ftags&post=9821"}],"curies":[{"name":"wp","href":"https:\/\/api.w.org\/{rel}","templated":true}]}}